{"id":3707,"date":"2023-12-20T10:25:20","date_gmt":"2023-12-20T10:25:20","guid":{"rendered":"https:\/\/agriquipo.com\/blog\/?p=3707"},"modified":"2023-12-20T11:06:41","modified_gmt":"2023-12-20T11:06:41","slug":"tipos-de-lavandas","status":"publish","type":"post","link":"https:\/\/agriquipo.com\/blog\/agricultura\/cultivos\/tipos-de-lavandas\/","title":{"rendered":"Tipos de lavandas: Una gu\u00eda completa de las variedades m\u00e1s populares en Espa\u00f1a"},"content":{"rendered":"\n\n<div class=\"kk-star-ratings kksr-auto kksr-align-left kksr-valign-top\"\n    data-payload='{&quot;align&quot;:&quot;left&quot;,&quot;id&quot;:&quot;3707&quot;,&quot;slug&quot;:&quot;default&quot;,&quot;valign&quot;:&quot;top&quot;,&quot;ignore&quot;:&quot;&quot;,&quot;reference&quot;:&quot;auto&quot;,&quot;class&quot;:&quot;&quot;,&quot;count&quot;:&quot;1&quot;,&quot;legendonly&quot;:&quot;&quot;,&quot;readonly&quot;:&quot;&quot;,&quot;score&quot;:&quot;5&quot;,&quot;starsonly&quot;:&quot;&quot;,&quot;best&quot;:&quot;5&quot;,&quot;gap&quot;:&quot;5&quot;,&quot;greet&quot;:&quot;Valora este post&quot;,&quot;legend&quot;:&quot;5\\\/5 - (1 voto)&quot;,&quot;size&quot;:&quot;24&quot;,&quot;title&quot;:&quot;Tipos de lavandas: Una gu\\u00eda completa de las variedades m\\u00e1s populares en Espa\\u00f1a&quot;,&quot;width&quot;:&quot;142.5&quot;,&quot;_legend&quot;:&quot;{score}\\\/{best} - ({count} {votes})&quot;,&quot;font_factor&quot;:&quot;1.25&quot;}'>\n            \n<div class=\"kksr-stars\">\n    \n<div class=\"kksr-stars-inactive\">\n            <div class=\"kksr-star\" data-star=\"1\" style=\"padding-right: 5px\">\n            \n\n<div class=\"kksr-icon\" style=\"width: 24px; height: 24px;\"><\/div>\n        <\/div>\n            <div class=\"kksr-star\" data-star=\"2\" style=\"padding-right: 5px\">\n            \n\n<div class=\"kksr-icon\" style=\"width: 24px; height: 24px;\"><\/div>\n        <\/div>\n            <div class=\"kksr-star\" data-star=\"3\" style=\"padding-right: 5px\">\n            \n\n<div class=\"kksr-icon\" style=\"width: 24px; height: 24px;\"><\/div>\n        <\/div>\n            <div class=\"kksr-star\" data-star=\"4\" style=\"padding-right: 5px\">\n            \n\n<div class=\"kksr-icon\" style=\"width: 24px; height: 24px;\"><\/div>\n        <\/div>\n            <div class=\"kksr-star\" data-star=\"5\" style=\"padding-right: 5px\">\n            \n\n<div class=\"kksr-icon\" style=\"width: 24px; height: 24px;\"><\/div>\n        <\/div>\n    <\/div>\n    \n<div class=\"kksr-stars-active\" style=\"width: 142.5px;\">\n            <div class=\"kksr-star\" style=\"padding-right: 5px\">\n            \n\n<div class=\"kksr-icon\" style=\"width: 24px; height: 24px;\"><\/div>\n        <\/div>\n            <div class=\"kksr-star\" style=\"padding-right: 5px\">\n            \n\n<div class=\"kksr-icon\" style=\"width: 24px; height: 24px;\"><\/div>\n        <\/div>\n            <div class=\"kksr-star\" style=\"padding-right: 5px\">\n            \n\n<div class=\"kksr-icon\" style=\"width: 24px; height: 24px;\"><\/div>\n        <\/div>\n            <div class=\"kksr-star\" style=\"padding-right: 5px\">\n            \n\n<div class=\"kksr-icon\" style=\"width: 24px; height: 24px;\"><\/div>\n        <\/div>\n            <div class=\"kksr-star\" style=\"padding-right: 5px\">\n            \n\n<div class=\"kksr-icon\" style=\"width: 24px; height: 24px;\"><\/div>\n        <\/div>\n    <\/div>\n<\/div>\n                \n\n<div class=\"kksr-legend\" style=\"font-size: 19.2px;\">\n            5\/5 - (1 voto)    <\/div>\n    <\/div>\n\n<p>Los <strong>tipos de lavandas<\/strong> son diversas variedades de plantas <strong><span style=\"background-color: yellow;\"><a href=\"https:\/\/agriquipo.com\/blog\/agricultura\/cultivos\/como-cultivar-plantas-aromaticas-en-casa\/\">arom\u00e1ticas<\/a><\/span><\/strong>. Entre ellas se encuentran la <strong><span style=\"background-color: yellow;\"><a href=\"https:\/\/agriquipo.com\/blog\/agricultura\/cultivos\/cultivo-lavanda\/\">lavanda<\/a><\/span><\/strong> com\u00fan, con usos ornamentales y medicinales; el <strong>espliego<\/strong>, utilizado en la cocina y para infusiones; la lavanda dentata, caracterizada por sus hojas dentadas y utilizada en perfumer\u00eda; la <strong>lavanda latifolia<\/strong>, con un aroma peculiar y propiedades medicinales; la <strong>lavanda stoechas<\/strong>, de gran altura y flores compactas; la lavanda lanata, propia de climas de monta\u00f1a; la <strong>lavanda viridis<\/strong>, de hojas lanceoladas y usos medicinales; la <strong>lavanda allardii<\/strong>, un h\u00edbrido con valor ornamental; la <strong>lavanda canariensis<\/strong>, end\u00e9mica de Canarias y con flores moradas; la <strong>lavanda hybrida<\/strong>, destacada por su gran floraci\u00f3n; y la <strong>lavanda multifida<\/strong>, de hojas elegantes y diversos usos.<\/p>\n\n\n\n<div id=\"ez-toc-container\" class=\"ez-toc-v2_0_66_1 counter-hierarchy ez-toc-counter ez-toc-grey ez-toc-container-direction\">\n<div class=\"ez-toc-title-container\">\n<p class=\"ez-toc-title \" >&Iacute;ndice<\/p>\n<span class=\"ez-toc-title-toggle\"><a href=\"#\" class=\"ez-toc-pull-right ez-toc-btn ez-toc-btn-xs ez-toc-btn-default ez-toc-toggle\" aria-label=\"Toggle Table of Content\"><span class=\"ez-toc-js-icon-con\"><span class=\"\"><span class=\"eztoc-hide\" style=\"display:none;\">Toggle<\/span><span class=\"ez-toc-icon-toggle-span\"><svg style=\"fill: #999;color:#999\" xmlns=\"http:\/\/www.w3.org\/2000\/svg\" class=\"list-377408\" width=\"20px\" height=\"20px\" viewBox=\"0 0 24 24\" fill=\"none\"><path d=\"M6 6H4v2h2V6zm14 0H8v2h12V6zM4 11h2v2H4v-2zm16 0H8v2h12v-2zM4 16h2v2H4v-2zm16 0H8v2h12v-2z\" fill=\"currentColor\"><\/path><\/svg><svg style=\"fill: #999;color:#999\" class=\"arrow-unsorted-368013\" xmlns=\"http:\/\/www.w3.org\/2000\/svg\" width=\"10px\" height=\"10px\" viewBox=\"0 0 24 24\" version=\"1.2\" baseProfile=\"tiny\"><path d=\"M18.2 9.3l-6.2-6.3-6.2 6.3c-.2.2-.3.4-.3.7s.1.5.3.7c.2.2.4.3.7.3h11c.3 0 .5-.1.7-.3.2-.2.3-.5.3-.7s-.1-.5-.3-.7zM5.8 14.7l6.2 6.3 6.2-6.3c.2-.2.3-.5.3-.7s-.1-.5-.3-.7c-.2-.2-.4-.3-.7-.3h-11c-.3 0-.5.1-.7.3-.2.2-.3.5-.3.7s.1.5.3.7z\"\/><\/svg><\/span><\/span><\/span><\/a><\/span><\/div>\n<nav><ul class='ez-toc-list ez-toc-list-level-1 eztoc-toggle-hide-by-default' ><li class='ez-toc-page-1 ez-toc-heading-level-2'><a class=\"ez-toc-link ez-toc-heading-1\" href=\"https:\/\/agriquipo.com\/blog\/agricultura\/cultivos\/tipos-de-lavandas\/#Lavandula_officinalis_o_lavanda_comun\" title=\"Lavandula officinalis o lavanda com\u00fan\">Lavandula officinalis o lavanda com\u00fan<\/a><ul class='ez-toc-list-level-3' ><li class='ez-toc-heading-level-3'><a class=\"ez-toc-link ez-toc-heading-2\" href=\"https:\/\/agriquipo.com\/blog\/agricultura\/cultivos\/tipos-de-lavandas\/#Caracteristicas_y_cuidados_de_la_lavandula_officinalis\" title=\"Caracter\u00edsticas y cuidados de la lavandula officinalis\">Caracter\u00edsticas y cuidados de la lavandula officinalis<\/a><\/li><li class='ez-toc-page-1 ez-toc-heading-level-3'><a class=\"ez-toc-link ez-toc-heading-3\" href=\"https:\/\/agriquipo.com\/blog\/agricultura\/cultivos\/tipos-de-lavandas\/#Usos_ornamentales_y_medicinales_de_la_lavanda_comun\" title=\"Usos ornamentales y medicinales de la lavanda com\u00fan\">Usos ornamentales y medicinales de la lavanda com\u00fan<\/a><\/li><\/ul><\/li><li class='ez-toc-page-1 ez-toc-heading-level-2'><a class=\"ez-toc-link ez-toc-heading-4\" href=\"https:\/\/agriquipo.com\/blog\/agricultura\/cultivos\/tipos-de-lavandas\/#Lavandula_angustifolia_o_espliego\" title=\"Lavandula angustifolia o espliego\">Lavandula angustifolia o espliego<\/a><ul class='ez-toc-list-level-3' ><li class='ez-toc-heading-level-3'><a class=\"ez-toc-link ez-toc-heading-5\" href=\"https:\/\/agriquipo.com\/blog\/agricultura\/cultivos\/tipos-de-lavandas\/#Descripcion_y_caracteristicas_del_espliego\" title=\"Descripci\u00f3n y caracter\u00edsticas del espliego\">Descripci\u00f3n y caracter\u00edsticas del espliego<\/a><\/li><li class='ez-toc-page-1 ez-toc-heading-level-3'><a class=\"ez-toc-link ez-toc-heading-6\" href=\"https:\/\/agriquipo.com\/blog\/agricultura\/cultivos\/tipos-de-lavandas\/#Utilidades_culinarias_e_infusiones_con_Lavandula_angustifolia\" title=\"Utilidades culinarias e infusiones con Lavandula angustifolia\">Utilidades culinarias e infusiones con Lavandula angustifolia<\/a><\/li><\/ul><\/li><li class='ez-toc-page-1 ez-toc-heading-level-2'><a class=\"ez-toc-link ez-toc-heading-7\" href=\"https:\/\/agriquipo.com\/blog\/agricultura\/cultivos\/tipos-de-lavandas\/#Lavandula_dentata_Una_lavanda_de_hojas_dentadas\" title=\"Lavandula dentata: Una lavanda de hojas dentadas\">Lavandula dentata: Una lavanda de hojas dentadas<\/a><ul class='ez-toc-list-level-3' ><li class='ez-toc-heading-level-3'><a class=\"ez-toc-link ez-toc-heading-8\" href=\"https:\/\/agriquipo.com\/blog\/agricultura\/cultivos\/tipos-de-lavandas\/#Caracteristicas_y_preferencias_de_suelo_de_la_lavanda_dentata\" title=\"Caracter\u00edsticas y preferencias de suelo de la lavanda dentata\">Caracter\u00edsticas y preferencias de suelo de la lavanda dentata<\/a><\/li><li class='ez-toc-page-1 ez-toc-heading-level-3'><a class=\"ez-toc-link ez-toc-heading-9\" href=\"https:\/\/agriquipo.com\/blog\/agricultura\/cultivos\/tipos-de-lavandas\/#Uso_ornamental_y_en_perfumeria_de_la_lavanda_dentata\" title=\"Uso ornamental y en perfumer\u00eda de la lavanda dentata\">Uso ornamental y en perfumer\u00eda de la lavanda dentata<\/a><\/li><\/ul><\/li><li class='ez-toc-page-1 ez-toc-heading-level-2'><a class=\"ez-toc-link ez-toc-heading-10\" href=\"https:\/\/agriquipo.com\/blog\/agricultura\/cultivos\/tipos-de-lavandas\/#Lavandula_latifolia_La_lavanda_espanola_con_aroma_peculiar\" title=\"Lavandula latifolia: La lavanda espa\u00f1ola con aroma peculiar\">Lavandula latifolia: La lavanda espa\u00f1ola con aroma peculiar<\/a><ul class='ez-toc-list-level-3' ><li class='ez-toc-heading-level-3'><a class=\"ez-toc-link ez-toc-heading-11\" href=\"https:\/\/agriquipo.com\/blog\/agricultura\/cultivos\/tipos-de-lavandas\/#Descripcion_fisica_y_diferencias_con_otras_especies_de_lavanda\" title=\"Descripci\u00f3n f\u00edsica y diferencias con otras especies de lavanda\">Descripci\u00f3n f\u00edsica y diferencias con otras especies de lavanda<\/a><\/li><li class='ez-toc-page-1 ez-toc-heading-level-3'><a class=\"ez-toc-link ez-toc-heading-12\" href=\"https:\/\/agriquipo.com\/blog\/agricultura\/cultivos\/tipos-de-lavandas\/#Propiedades_medicinales_y_valor_ornamental_de_la_lavanda_latifolia\" title=\"Propiedades medicinales y valor ornamental de la lavanda latifolia\">Propiedades medicinales y valor ornamental de la lavanda latifolia<\/a><\/li><\/ul><\/li><li class='ez-toc-page-1 ez-toc-heading-level-2'><a class=\"ez-toc-link ez-toc-heading-13\" href=\"https:\/\/agriquipo.com\/blog\/agricultura\/cultivos\/tipos-de-lavandas\/#Lavandula_stoechas_Una_lavanda_de_gran_altura_y_flores_compactas\" title=\"Lavandula stoechas: Una lavanda de gran altura y flores compactas\">Lavandula stoechas: Una lavanda de gran altura y flores compactas<\/a><ul class='ez-toc-list-level-3' ><li class='ez-toc-heading-level-3'><a class=\"ez-toc-link ez-toc-heading-14\" href=\"https:\/\/agriquipo.com\/blog\/agricultura\/cultivos\/tipos-de-lavandas\/#Caracteristicas_y_origen_geografico_de_la_lavanda_stoechas\" title=\"Caracter\u00edsticas y origen geogr\u00e1fico de la lavanda stoechas\">Caracter\u00edsticas y origen geogr\u00e1fico de la lavanda stoechas<\/a><\/li><li class='ez-toc-page-1 ez-toc-heading-level-3'><a class=\"ez-toc-link ez-toc-heading-15\" href=\"https:\/\/agriquipo.com\/blog\/agricultura\/cultivos\/tipos-de-lavandas\/#Usos_y_cuidados_de_la_lavanda_stoechas_en_jardineria\" title=\"Usos y cuidados de la lavanda stoechas en jardiner\u00eda\">Usos y cuidados de la lavanda stoechas en jardiner\u00eda<\/a><\/li><\/ul><\/li><li class='ez-toc-page-1 ez-toc-heading-level-2'><a class=\"ez-toc-link ez-toc-heading-16\" href=\"https:\/\/agriquipo.com\/blog\/agricultura\/cultivos\/tipos-de-lavandas\/#Lavandula_lanata_La_lavanda_de_climas_de_montana_en_Ronda\" title=\"Lavandula lanata: La lavanda de climas de monta\u00f1a en Ronda\">Lavandula lanata: La lavanda de climas de monta\u00f1a en Ronda<\/a><ul class='ez-toc-list-level-3' ><li class='ez-toc-heading-level-3'><a class=\"ez-toc-link ez-toc-heading-17\" href=\"https:\/\/agriquipo.com\/blog\/agricultura\/cultivos\/tipos-de-lavandas\/#Descripcion_y_peculiaridades_de_la_lavanda_lanata\" title=\"Descripci\u00f3n y peculiaridades de la lavanda lanata\">Descripci\u00f3n y peculiaridades de la lavanda lanata<\/a><\/li><li class='ez-toc-page-1 ez-toc-heading-level-3'><a class=\"ez-toc-link ez-toc-heading-18\" href=\"https:\/\/agriquipo.com\/blog\/agricultura\/cultivos\/tipos-de-lavandas\/#Presencia_en_la_serrania_de_Ronda_y_sus_usos_terapeuticos\" title=\"Presencia en la serran\u00eda de Ronda y sus usos terap\u00e9uticos\">Presencia en la serran\u00eda de Ronda y sus usos terap\u00e9uticos<\/a><\/li><\/ul><\/li><li class='ez-toc-page-1 ez-toc-heading-level-2'><a class=\"ez-toc-link ez-toc-heading-19\" href=\"https:\/\/agriquipo.com\/blog\/agricultura\/cultivos\/tipos-de-lavandas\/#Lavandula_viridis_La_lavanda_verde_de_la_Sierra_de_Aracena\" title=\"Lavandula viridis: La lavanda verde de la Sierra de Aracena\">Lavandula viridis: La lavanda verde de la Sierra de Aracena<\/a><ul class='ez-toc-list-level-3' ><li class='ez-toc-heading-level-3'><a class=\"ez-toc-link ez-toc-heading-20\" href=\"https:\/\/agriquipo.com\/blog\/agricultura\/cultivos\/tipos-de-lavandas\/#Caracteristicas_y_habitat_de_la_lavandula_viridis\" title=\"Caracter\u00edsticas y h\u00e1bitat de la lavandula viridis\">Caracter\u00edsticas y h\u00e1bitat de la lavandula viridis<\/a><\/li><li class='ez-toc-page-1 ez-toc-heading-level-3'><a class=\"ez-toc-link ez-toc-heading-21\" href=\"https:\/\/agriquipo.com\/blog\/agricultura\/cultivos\/tipos-de-lavandas\/#Propiedades_medicinales_y_valor_ornamental_de_la_lavanda_viridis\" title=\"Propiedades medicinales y valor ornamental de la lavanda viridis\">Propiedades medicinales y valor ornamental de la lavanda viridis<\/a><\/li><\/ul><\/li><li class='ez-toc-page-1 ez-toc-heading-level-2'><a class=\"ez-toc-link ez-toc-heading-22\" href=\"https:\/\/agriquipo.com\/blog\/agricultura\/cultivos\/tipos-de-lavandas\/#Lavandula_allardii_Un_hibrido_con_valor_ornamental\" title=\"Lavandula allardii: Un h\u00edbrido con valor ornamental\">Lavandula allardii: Un h\u00edbrido con valor ornamental<\/a><ul class='ez-toc-list-level-3' ><li class='ez-toc-heading-level-3'><a class=\"ez-toc-link ez-toc-heading-23\" href=\"https:\/\/agriquipo.com\/blog\/agricultura\/cultivos\/tipos-de-lavandas\/#Origen_y_caracteristicas_de_la_Lavandula_allardii\" title=\"Origen y caracter\u00edsticas de la Lavandula allardii\">Origen y caracter\u00edsticas de la Lavandula allardii<\/a><\/li><li class='ez-toc-page-1 ez-toc-heading-level-3'><a class=\"ez-toc-link ez-toc-heading-24\" href=\"https:\/\/agriquipo.com\/blog\/agricultura\/cultivos\/tipos-de-lavandas\/#Utilidades_y_cuidados_en_jardineria_de_la_Lavandula_allardii\" title=\"Utilidades y cuidados en jardiner\u00eda de la Lavandula allardii\">Utilidades y cuidados en jardiner\u00eda de la Lavandula allardii<\/a><\/li><\/ul><\/li><li class='ez-toc-page-1 ez-toc-heading-level-2'><a class=\"ez-toc-link ez-toc-heading-25\" href=\"https:\/\/agriquipo.com\/blog\/agricultura\/cultivos\/tipos-de-lavandas\/#Lavandula_canariensis_La_lavanda_endemica_de_las_Islas_Canarias\" title=\"Lavandula canariensis: La lavanda end\u00e9mica de las Islas Canarias\">Lavandula canariensis: La lavanda end\u00e9mica de las Islas Canarias<\/a><ul class='ez-toc-list-level-3' ><li class='ez-toc-heading-level-3'><a class=\"ez-toc-link ez-toc-heading-26\" href=\"https:\/\/agriquipo.com\/blog\/agricultura\/cultivos\/tipos-de-lavandas\/#Descripcion_y_peculiaridades_de_la_lavanda_canariensis\" title=\"Descripci\u00f3n y peculiaridades de la lavanda canariensis\">Descripci\u00f3n y peculiaridades de la lavanda canariensis<\/a><ul class='ez-toc-list-level-4' ><li class='ez-toc-heading-level-4'><a class=\"ez-toc-link ez-toc-heading-27\" href=\"https:\/\/agriquipo.com\/blog\/agricultura\/cultivos\/tipos-de-lavandas\/#Colorido_y_usos_de_la_lavanda_canariensis\" title=\"Colorido y usos de la lavanda canariensis\">Colorido y usos de la lavanda canariensis<\/a><\/li><\/ul><\/li><\/ul><\/li><li class='ez-toc-page-1 ez-toc-heading-level-2'><a class=\"ez-toc-link ez-toc-heading-28\" href=\"https:\/\/agriquipo.com\/blog\/agricultura\/cultivos\/tipos-de-lavandas\/#Lavandula_hybrida_Un_hibrido_con_gran_floracion\" title=\"Lavandula hybrida: Un h\u00edbrido con gran floraci\u00f3n\">Lavandula hybrida: Un h\u00edbrido con gran floraci\u00f3n<\/a><ul class='ez-toc-list-level-3' ><li class='ez-toc-heading-level-3'><a class=\"ez-toc-link ez-toc-heading-29\" href=\"https:\/\/agriquipo.com\/blog\/agricultura\/cultivos\/tipos-de-lavandas\/#Caracteristicas_y_destacado_valor_ornamental_de_la_lavandula_hybrida\" title=\"Caracter\u00edsticas y destacado valor ornamental de la lavandula hybrida\">Caracter\u00edsticas y destacado valor ornamental de la lavandula hybrida<\/a><\/li><li class='ez-toc-page-1 ez-toc-heading-level-3'><a class=\"ez-toc-link ez-toc-heading-30\" href=\"https:\/\/agriquipo.com\/blog\/agricultura\/cultivos\/tipos-de-lavandas\/#Cuidados_y_recomendaciones_de_la_lavanda_hybrida_en_jardineria\" title=\"Cuidados y recomendaciones de la lavanda hybrida en jardiner\u00eda\">Cuidados y recomendaciones de la lavanda hybrida en jardiner\u00eda<\/a><\/li><\/ul><\/li><li class='ez-toc-page-1 ez-toc-heading-level-2'><a class=\"ez-toc-link ez-toc-heading-31\" href=\"https:\/\/agriquipo.com\/blog\/agricultura\/cultivos\/tipos-de-lavandas\/#Lavandula_multifida_Una_lavanda_de_hojas_elegantes\" title=\"Lavandula multifida: Una lavanda de hojas elegantes\">Lavandula multifida: Una lavanda de hojas elegantes<\/a><ul class='ez-toc-list-level-3' ><li class='ez-toc-heading-level-3'><a class=\"ez-toc-link ez-toc-heading-32\" href=\"https:\/\/agriquipo.com\/blog\/agricultura\/cultivos\/tipos-de-lavandas\/#Descripcion_y_caracteristicas_de_la_Lavandula_multifida\" title=\"Descripci\u00f3n y caracter\u00edsticas de la Lavandula multifida\">Descripci\u00f3n y caracter\u00edsticas de la Lavandula multifida<\/a><\/li><li class='ez-toc-page-1 ez-toc-heading-level-3'><a class=\"ez-toc-link ez-toc-heading-33\" href=\"https:\/\/agriquipo.com\/blog\/agricultura\/cultivos\/tipos-de-lavandas\/#Uso_ornamental_y_medicinales_de_la_Lavandula_multifida\" title=\"Uso ornamental y medicinales de la Lavandula multifida\">Uso ornamental y medicinales de la Lavandula multifida<\/a><\/li><\/ul><\/li><\/ul><\/nav><\/div>\n<h2 class=\"wp-block-heading\" id=\"h-lavandula-officinalis-o-lavanda-comun\"><span class=\"ez-toc-section\" id=\"Lavandula_officinalis_o_lavanda_comun\"><\/span><strong>Lavandula officinalis o lavanda com\u00fan<\/strong><span class=\"ez-toc-section-end\"><\/span><\/h2>\n\n\n\n<p>La <strong>Lavandula officinalis<\/strong>, com\u00fanmente conocida como lavanda com\u00fan, es una planta arom\u00e1tica con tallos le\u00f1osos y hojas opuestas. Esta variedad de lavanda florece en verano, mostrando inflorescencias moradas que la hacen destacar en cualquier jard\u00edn.<\/p>\n\n\n\n<h3 class=\"wp-block-heading\" id=\"h-caracteristicas-y-cuidados-de-la-lavandula-officinalis\"><span class=\"ez-toc-section\" id=\"Caracteristicas_y_cuidados_de_la_lavandula_officinalis\"><\/span><strong>Caracter\u00edsticas y cuidados de la lavandula officinalis<\/strong><span class=\"ez-toc-section-end\"><\/span><\/h3>\n\n\n<div class=\"wp-block-image\">\n<figure class=\"aligncenter size-full is-resized\"><img loading=\"lazy\" decoding=\"async\" width=\"1437\" height=\"1463\" src=\"https:\/\/agriquipo.com\/blog\/wp-content\/uploads\/2023\/12\/lavanda-officinalis.webp\" alt=\"Lavandula officinalis\" class=\"wp-image-3737\" style=\"width:965px\" srcset=\"https:\/\/agriquipo.com\/blog\/wp-content\/uploads\/2023\/12\/lavanda-officinalis.webp 1437w, https:\/\/agriquipo.com\/blog\/wp-content\/uploads\/2023\/12\/lavanda-officinalis-295x300.webp 295w, https:\/\/agriquipo.com\/blog\/wp-content\/uploads\/2023\/12\/lavanda-officinalis-1006x1024.webp 1006w, https:\/\/agriquipo.com\/blog\/wp-content\/uploads\/2023\/12\/lavanda-officinalis-768x782.webp 768w\" sizes=\"auto, (max-width: 1437px) 100vw, 1437px\" \/><\/figure>\n<\/div>\n\n\n<p>La lavandula officinalis tiene hojas estrechas y un aroma distintivo. Crece mejor en suelos bien drenados y soleados, y requiere de poca agua una vez establecida. Es una planta resistente y puede soportar condiciones adversas como la <strong><span style=\"background-color: yellow;\"><a href=\"https:\/\/agriquipo.com\/blog\/agricultura\/cambio-climatico\/manejo-del-agua-en-tiempos-de-sequias\/\">sequ\u00eda<\/a><\/span><\/strong> y el fr\u00edo.<\/p>\n\n\n\n<h3 class=\"wp-block-heading\" id=\"h-usos-ornamentales-y-medicinales-de-la-lavanda-comun\"><span class=\"ez-toc-section\" id=\"Usos_ornamentales_y_medicinales_de_la_lavanda_comun\"><\/span><strong>Usos ornamentales y medicinales de la lavanda com\u00fan<\/strong><span class=\"ez-toc-section-end\"><\/span><\/h3>\n\n\n\n<p>Adem\u00e1s de su valor ornamental en jardines y macetas, la lavanda com\u00fan tambi\u00e9n se utiliza con fines medicinales. Sus propiedades terap\u00e9uticas son conocidas desde hace siglos y se utiliza en la aromaterapia, infusiones y productos cosm\u00e9ticos. Es ampliamente valorada por sus propiedades relajantes y alivio de dolores musculares.<\/p>\n\n\n\n<h2 class=\"wp-block-heading\" id=\"h-lavandula-angustifolia-o-espliego\"><span class=\"ez-toc-section\" id=\"Lavandula_angustifolia_o_espliego\"><\/span><strong>Lavandula angustifolia o espliego<\/strong><span class=\"ez-toc-section-end\"><\/span><\/h2>\n\n\n\n<p>La <strong>Lavandula angustifolia<\/strong>, conocida como <strong>espliego<\/strong>, es una variedad de lavanda end\u00e9mica de Europa. Se caracteriza por sus hojas de color verde-gris\u00e1ceo y su altura que puede llegar hasta el metro y medio.<\/p>\n\n\n<div class=\"wp-block-image\">\n<figure class=\"aligncenter size-full is-resized\"><img loading=\"lazy\" decoding=\"async\" width=\"940\" height=\"940\" src=\"https:\/\/agriquipo.com\/blog\/wp-content\/uploads\/2023\/12\/lavandula-angustifolia.jpg\" alt=\"Lavandula angustifolia\" class=\"wp-image-3741\" style=\"width:960px\" srcset=\"https:\/\/agriquipo.com\/blog\/wp-content\/uploads\/2023\/12\/lavandula-angustifolia.jpg 940w, https:\/\/agriquipo.com\/blog\/wp-content\/uploads\/2023\/12\/lavandula-angustifolia-300x300.jpg 300w, https:\/\/agriquipo.com\/blog\/wp-content\/uploads\/2023\/12\/lavandula-angustifolia-150x150.jpg 150w, https:\/\/agriquipo.com\/blog\/wp-content\/uploads\/2023\/12\/lavandula-angustifolia-768x768.jpg 768w\" sizes=\"auto, (max-width: 940px) 100vw, 940px\" \/><\/figure>\n<\/div>\n\n\n<h3 class=\"wp-block-heading\" id=\"h-descripcion-y-caracteristicas-del-espliego\"><span class=\"ez-toc-section\" id=\"Descripcion_y_caracteristicas_del_espliego\"><\/span><strong>Descripci\u00f3n y caracter\u00edsticas del espliego<\/strong><span class=\"ez-toc-section-end\"><\/span><\/h3>\n\n\n\n<p>El espliego se distingue por sus tallos delgados y ramificados, as\u00ed como por sus peque\u00f1as flores de color morado p\u00e1lido. Sus hojas estrechas y alargadas le otorgan una apariencia elegante y sofisticada. Es una planta resistente que requiere de abundante luz solar y suelos bien drenados.<\/p>\n\n\n\n<h3 class=\"wp-block-heading\" id=\"h-utilidades-culinarias-e-infusiones-con-lavandula-angustifolia\"><span class=\"ez-toc-section\" id=\"Utilidades_culinarias_e_infusiones_con_Lavandula_angustifolia\"><\/span><strong>Utilidades culinarias e infusiones con Lavandula angustifolia<\/strong><span class=\"ez-toc-section-end\"><\/span><\/h3>\n\n\n\n<p>El espliego es ampliamente utilizado en la cocina como condimento arom\u00e1tico. Sus flores y hojas se utilizan en la preparaci\u00f3n de diferentes platos, tanto dulces como salados. Adem\u00e1s, se pueden realizar infusiones con sus flores para disfrutar de sus propiedades relajantes y digestivas.<\/p>\n\n\n\n<h2 class=\"wp-block-heading\" id=\"h-lavandula-dentata-una-lavanda-de-hojas-dentadas\"><span class=\"ez-toc-section\" id=\"Lavandula_dentata_Una_lavanda_de_hojas_dentadas\"><\/span><strong>Lavandula dentata: Una lavanda de hojas dentadas<\/strong><span class=\"ez-toc-section-end\"><\/span><\/h2>\n\n\n\n<p>La <strong>Lavandula dentata<\/strong> es una variedad de lavanda originaria del Mediterr\u00e1neo que se caracteriza por sus hojas dentadas y su preferencia por suelos calizos. Estas hojas dentadas, de color verde-gris\u00e1ceo, le otorgan un aspecto distintivo y elegante.<\/p>\n\n\n<div class=\"wp-block-image\">\n<figure class=\"aligncenter size-full is-resized\"><img loading=\"lazy\" decoding=\"async\" width=\"632\" height=\"405\" src=\"https:\/\/agriquipo.com\/blog\/wp-content\/uploads\/2023\/12\/lavandula-dentata.jpg\" alt=\"Lavandula dentata\" class=\"wp-image-3743\" style=\"width:960px\" srcset=\"https:\/\/agriquipo.com\/blog\/wp-content\/uploads\/2023\/12\/lavandula-dentata.jpg 632w, https:\/\/agriquipo.com\/blog\/wp-content\/uploads\/2023\/12\/lavandula-dentata-300x192.jpg 300w\" sizes=\"auto, (max-width: 632px) 100vw, 632px\" \/><\/figure>\n<\/div>\n\n\n<h3 class=\"wp-block-heading\" id=\"h-caracteristicas-y-preferencias-de-suelo-de-la-lavanda-dentata\"><span class=\"ez-toc-section\" id=\"Caracteristicas_y_preferencias_de_suelo_de_la_lavanda_dentata\"><\/span><strong>Caracter\u00edsticas y preferencias de suelo de la lavanda dentata<\/strong><span class=\"ez-toc-section-end\"><\/span><\/h3>\n\n\n\n<ul class=\"wp-block-list\">\n<li>Hojas dentadas y color verde-gris\u00e1ceo.<\/li>\n\n\n\n<li>Prefiere suelos calizos.<\/li>\n\n\n\n<li>Aroma suave y agradable.<\/li>\n\n\n\n<li>Tama\u00f1o medio, alcanzando una altura de aproximadamente 1 metro.<\/li>\n<\/ul>\n\n\n\n<p>La <strong>Lavandula dentata es una planta ornamental muy apreciada por su aspecto est\u00e9tico<\/strong> y su capacidad para atraer a <strong>mariposas y abejas<\/strong>, lo que la convierte en una buena opci\u00f3n para jardines y parterres. Tambi\u00e9n se utiliza en la elaboraci\u00f3n de perfumes y productos cosm\u00e9ticos gracias a su aroma suave y agradable.<\/p>\n\n\n\n<h3 class=\"wp-block-heading\" id=\"h-uso-ornamental-y-en-perfumeria-de-la-lavanda-dentata\"><span class=\"ez-toc-section\" id=\"Uso_ornamental_y_en_perfumeria_de_la_lavanda_dentata\"><\/span><strong>Uso ornamental y en perfumer\u00eda de la lavanda dentata<\/strong><span class=\"ez-toc-section-end\"><\/span><\/h3>\n\n\n\n<ul class=\"wp-block-list\">\n<li>Planta ornamental para jardines y parterres.<\/li>\n\n\n\n<li>Atracci\u00f3n de mariposas y abejas.<\/li>\n\n\n\n<li>Elaboraci\u00f3n de perfumes y productos cosm\u00e9ticos.<\/li>\n<\/ul>\n\n\n\n<h2 class=\"wp-block-heading\" id=\"h-lavandula-latifolia-la-lavanda-espanola-con-aroma-peculiar\"><span class=\"ez-toc-section\" id=\"Lavandula_latifolia_La_lavanda_espanola_con_aroma_peculiar\"><\/span><strong>Lavandula latifolia: La lavanda espa\u00f1ola con aroma peculiar<\/strong><span class=\"ez-toc-section-end\"><\/span><\/h2>\n\n\n\n<figure class=\"wp-block-image size-large is-resized\"><img loading=\"lazy\" decoding=\"async\" width=\"1024\" height=\"768\" src=\"https:\/\/agriquipo.com\/blog\/wp-content\/uploads\/2023\/12\/lavandula-latifolia-1024x768.jpg\" alt=\"Lavandula latifolia\" class=\"wp-image-3745\" style=\"width:960px\" srcset=\"https:\/\/agriquipo.com\/blog\/wp-content\/uploads\/2023\/12\/lavandula-latifolia-1024x768.jpg 1024w, https:\/\/agriquipo.com\/blog\/wp-content\/uploads\/2023\/12\/lavandula-latifolia-300x225.jpg 300w, https:\/\/agriquipo.com\/blog\/wp-content\/uploads\/2023\/12\/lavandula-latifolia-768x576.jpg 768w, https:\/\/agriquipo.com\/blog\/wp-content\/uploads\/2023\/12\/lavandula-latifolia-1536x1152.jpg 1536w, https:\/\/agriquipo.com\/blog\/wp-content\/uploads\/2023\/12\/lavandula-latifolia-2048x1536.jpg 2048w\" sizes=\"auto, (max-width: 1024px) 100vw, 1024px\" \/><\/figure>\n\n\n\n<h3 class=\"wp-block-heading\" id=\"h-descripcion-fisica-y-diferencias-con-otras-especies-de-lavanda\"><span class=\"ez-toc-section\" id=\"Descripcion_fisica_y_diferencias_con_otras_especies_de_lavanda\"><\/span><strong>Descripci\u00f3n f\u00edsica y diferencias con otras especies de lavanda<\/strong><span class=\"ez-toc-section-end\"><\/span><\/h3>\n\n\n\n<p>La <strong>Lavandula latifolia<\/strong>, conocida tambi\u00e9n como lavanda espa\u00f1ola, es una variedad que se destaca por su aroma peculiar y su apariencia \u00fanica. A diferencia de otras especies de lavanda, sus hojas son m\u00e1s largas y sus tallos son m\u00e1s robustos. Las flores de la Lavandula latifolia se presentan en espigas y tienen un color morado intenso.<\/p>\n\n\n\n<h3 class=\"wp-block-heading\" id=\"h-propiedades-medicinales-y-valor-ornamental-de-la-lavanda-latifolia\"><span class=\"ez-toc-section\" id=\"Propiedades_medicinales_y_valor_ornamental_de_la_lavanda_latifolia\"><\/span><strong>Propiedades medicinales y valor ornamental de la lavanda latifolia<\/strong><span class=\"ez-toc-section-end\"><\/span><\/h3>\n\n\n\n<p>Adem\u00e1s de su <strong>belleza ornamental<\/strong>, la Lavandula latifolia posee propiedades medicinales muy valoradas. Se utiliza en la <strong><a href=\"https:\/\/www.google.com\/search?kgmid=\/m\/0_76\">aromaterapia<\/a><\/strong> para aliviar el estr\u00e9s y la ansiedad, as\u00ed como para promover el sue\u00f1o y la relajaci\u00f3n. Tambi\u00e9n se emplea en la fabricaci\u00f3n de productos cosm\u00e9ticos y en la elaboraci\u00f3n de perfumes de alta calidad debido a su fragancia distintiva.<\/p>\n\n\n\n<p>En los jardines, la <strong>lavanda latifolia<\/strong> a\u00f1ade un toque de elegancia y color con sus flores vibrantes. Su resistencia y adaptabilidad la convierten en una opci\u00f3n popular tanto en jardines ornamentales como en jardines de hierbas. Adem\u00e1s, es una planta que atrae a diferentes especies de mariposas y abejas, lo que contribuye a la polinizaci\u00f3n y <strong><span style=\"background-color: yellow;\"><a href=\"https:\/\/agriquipo.com\/blog\/agricultura\/wikicultivos\/la-importancia-de-la-biodiversidad-en-la-agricultura\/\">biodiversidad<\/a><\/span><\/strong> del entorno.<\/p>\n\n\n\n<h2 class=\"wp-block-heading\" id=\"h-lavandula-stoechas-una-lavanda-de-gran-altura-y-flores-compactas\"><span class=\"ez-toc-section\" id=\"Lavandula_stoechas_Una_lavanda_de_gran_altura_y_flores_compactas\"><\/span><strong>Lavandula stoechas: Una lavanda de gran altura y flores compactas<\/strong><span class=\"ez-toc-section-end\"><\/span><\/h2>\n\n\n<div class=\"wp-block-image\">\n<figure class=\"aligncenter size-full is-resized\"><img loading=\"lazy\" decoding=\"async\" width=\"800\" height=\"800\" src=\"https:\/\/agriquipo.com\/blog\/wp-content\/uploads\/2023\/12\/lavandula-stoechas.jpg\" alt=\"Lavandula stoechas\" class=\"wp-image-3747\" style=\"width:960px\" srcset=\"https:\/\/agriquipo.com\/blog\/wp-content\/uploads\/2023\/12\/lavandula-stoechas.jpg 800w, https:\/\/agriquipo.com\/blog\/wp-content\/uploads\/2023\/12\/lavandula-stoechas-300x300.jpg 300w, https:\/\/agriquipo.com\/blog\/wp-content\/uploads\/2023\/12\/lavandula-stoechas-150x150.jpg 150w, https:\/\/agriquipo.com\/blog\/wp-content\/uploads\/2023\/12\/lavandula-stoechas-768x768.jpg 768w\" sizes=\"auto, (max-width: 800px) 100vw, 800px\" \/><\/figure>\n<\/div>\n\n\n<h3 class=\"wp-block-heading\" id=\"h-caracteristicas-y-origen-geografico-de-la-lavanda-stoechas\"><span class=\"ez-toc-section\" id=\"Caracteristicas_y_origen_geografico_de_la_lavanda_stoechas\"><\/span><strong>Caracter\u00edsticas y origen geogr\u00e1fico de la lavanda stoechas<\/strong><span class=\"ez-toc-section-end\"><\/span><\/h3>\n\n\n\n<p>La <strong>lavandula stoechas<\/strong> es una variedad de lavanda que se destaca por su gran altura y sus flores compactas en forma de espiga cuadrangular. Esta planta se encuentra originariamente en la cuenca mediterr\u00e1nea y puede alcanzar m\u00e1s de un metro de altura. Sus atractivas inflorescencias emergen en verano y presentan una distintiva coloraci\u00f3n morada. La lavanda stoechas es bien adaptada a climas mediterr\u00e1neos, prefiriendo suelos secos y soleados.<\/p>\n\n\n\n<h3 class=\"wp-block-heading\" id=\"h-usos-y-cuidados-de-la-lavanda-stoechas-en-jardineria\"><span class=\"ez-toc-section\" id=\"Usos_y_cuidados_de_la_lavanda_stoechas_en_jardineria\"><\/span><strong>Usos y cuidados de la lavanda stoechas en jardiner\u00eda<\/strong><span class=\"ez-toc-section-end\"><\/span><\/h3>\n\n\n\n<p>La lavanda stoechas es muy apreciada en la jardiner\u00eda debido a su asombrosa est\u00e9tica y su capacidad para atraer a insectos <strong><span style=\"background-color: yellow;\"><a href=\"https:\/\/agriquipo.com\/blog\/agricultura\/cultivos\/la-importancia-de-los-polinizadores-en-la-agricultura\/\">polinizadores<\/a><\/span><\/strong>. Se utiliza tanto en jardines ornamentales como en macizos, borduras y como cobertura para taludes. Adem\u00e1s, su aroma agradable la convierte en una excelente opci\u00f3n para la creaci\u00f3n de arreglos florales y ramos secos.<\/p>\n\n\n\n<p>Para cuidar adecuadamente la lavanda stoechas, es necesario proporcionarle un suelo bien drenado y evitar el exceso de riego. Esta variedad tambi\u00e9n requiere una poda regular para mantener su forma compacta y promover una floraci\u00f3n saludable. Adem\u00e1s, conviene protegerla de las heladas intensas, ya que prefiere climas m\u00e1s templados.<\/p>\n\n\n\n<h2 class=\"wp-block-heading\" id=\"h-lavandula-lanata-la-lavanda-de-climas-de-montana-en-ronda\"><span class=\"ez-toc-section\" id=\"Lavandula_lanata_La_lavanda_de_climas_de_montana_en_Ronda\"><\/span><strong>Lavandula lanata: La lavanda de climas de monta\u00f1a en Ronda<\/strong><span class=\"ez-toc-section-end\"><\/span><\/h2>\n\n\n\n<p>La <strong>Lavandula lanata<\/strong> es una variedad de lavanda que se encuentra en <strong>climas de monta\u00f1a<\/strong>, siendo caracter\u00edstica de la hermosa serran\u00eda de Ronda, en la provincia de M\u00e1laga. Esta planta se distingue por tener hojas cubiertas de una capa lanosa, lo que le otorga una apariencia \u00fanica y encantadora. Sus flores, de un hermoso color lila, complementan su belleza y atractivo visual.<\/p>\n\n\n\n<h3 class=\"wp-block-heading\" id=\"h-descripcion-y-peculiaridades-de-la-lavanda-lanata\"><span class=\"ez-toc-section\" id=\"Descripcion_y_peculiaridades_de_la_lavanda_lanata\"><\/span><strong>Descripci\u00f3n y peculiaridades de la lavanda lanata<\/strong><span class=\"ez-toc-section-end\"><\/span><\/h3>\n\n\n<div class=\"wp-block-image\">\n<figure class=\"aligncenter size-full is-resized\"><img loading=\"lazy\" decoding=\"async\" width=\"894\" height=\"671\" src=\"https:\/\/agriquipo.com\/blog\/wp-content\/uploads\/2023\/12\/lavandula-lanata.jpg\" alt=\"Lavandula-lanata\" class=\"wp-image-3750\" style=\"width:960px\" srcset=\"https:\/\/agriquipo.com\/blog\/wp-content\/uploads\/2023\/12\/lavandula-lanata.jpg 894w, https:\/\/agriquipo.com\/blog\/wp-content\/uploads\/2023\/12\/lavandula-lanata-300x225.jpg 300w, https:\/\/agriquipo.com\/blog\/wp-content\/uploads\/2023\/12\/lavandula-lanata-768x576.jpg 768w\" sizes=\"auto, (max-width: 894px) 100vw, 894px\" \/><\/figure>\n<\/div>\n\n\n<p>La Lavandula lanata es apreciada por su resistencia a bajas temperaturas y su capacidad para adaptarse a los rigores de los climas de monta\u00f1a. Adem\u00e1s de su atractivo est\u00e9tico, esta especie de lavanda destaca por su aroma delicado y suave, lo que la convierte en un gran atractivo para aquellos que aprecian los jardines y espacios naturales.<\/p>\n\n\n\n<h3 class=\"wp-block-heading\" id=\"h-presencia-en-la-serrania-de-ronda-y-sus-usos-terapeuticos\"><span class=\"ez-toc-section\" id=\"Presencia_en_la_serrania_de_Ronda_y_sus_usos_terapeuticos\"><\/span><strong>Presencia en la serran\u00eda de Ronda y sus usos terap\u00e9uticos<\/strong><span class=\"ez-toc-section-end\"><\/span><\/h3>\n\n\n\n<p>La <strong>Lavandula lanata es end\u00e9mica de la serran\u00eda de Ronda<\/strong>, donde se encuentra en entornos monta\u00f1osos y paisajes rocosos. Adem\u00e1s de su valor ornamental, esta especie de lavanda se ha utilizado tradicionalmente en la medicina natural gracias a sus propiedades terap\u00e9uticas. Se le atribuyen propiedades relajantes, antiespasm\u00f3dicas y sedantes, siendo una opci\u00f3n popular para aliviar el estr\u00e9s y promover la relajaci\u00f3n.<\/p>\n\n\n\n<h2 class=\"wp-block-heading\" id=\"h-lavandula-viridis-la-lavanda-verde-de-la-sierra-de-aracena\"><span class=\"ez-toc-section\" id=\"Lavandula_viridis_La_lavanda_verde_de_la_Sierra_de_Aracena\"><\/span><strong>Lavandula viridis: La lavanda verde de la Sierra de Aracena<\/strong><span class=\"ez-toc-section-end\"><\/span><\/h2>\n\n\n\n<p><strong>Lavandula viridis<\/strong>, tambi\u00e9n conocida como lavanda verde o cantueso verde, es una variedad de lavanda propia de la <strong>Sierra de Aracena<\/strong>, en Huelva. Esta planta se caracteriza por tener hojas lanceoladas de hasta 10 cent\u00edmetros de longitud y sus inflorescencias son de color crema verdoso.<\/p>\n\n\n\n<figure class=\"wp-block-image size-full is-resized\"><img loading=\"lazy\" decoding=\"async\" width=\"971\" height=\"972\" src=\"https:\/\/agriquipo.com\/blog\/wp-content\/uploads\/2023\/12\/lavandula-viridis.webp\" alt=\"Lavandula viridis\" class=\"wp-image-3752\" style=\"width:960px\" srcset=\"https:\/\/agriquipo.com\/blog\/wp-content\/uploads\/2023\/12\/lavandula-viridis.webp 971w, https:\/\/agriquipo.com\/blog\/wp-content\/uploads\/2023\/12\/lavandula-viridis-300x300.webp 300w, https:\/\/agriquipo.com\/blog\/wp-content\/uploads\/2023\/12\/lavandula-viridis-150x150.webp 150w, https:\/\/agriquipo.com\/blog\/wp-content\/uploads\/2023\/12\/lavandula-viridis-768x769.webp 768w\" sizes=\"auto, (max-width: 971px) 100vw, 971px\" \/><\/figure>\n\n\n\n<h3 class=\"wp-block-heading\" id=\"h-caracteristicas-y-habitat-de-la-lavandula-viridis\"><span class=\"ez-toc-section\" id=\"Caracteristicas_y_habitat_de_la_lavandula_viridis\"><\/span><strong>Caracter\u00edsticas y h\u00e1bitat de la lavandula viridis<\/strong><span class=\"ez-toc-section-end\"><\/span><\/h3>\n\n\n\n<p><strong>Lavandula viridis <\/strong>se encuentra en suelos calizos y prefiere climas mediterr\u00e1neos. Puede crecer hasta alcanzar una altura de metro y medio. Sus hojas lanceoladas son una de sus principales caracter\u00edsticas distintivas.<\/p>\n\n\n\n<h3 class=\"wp-block-heading\" id=\"h-propiedades-medicinales-y-valor-ornamental-de-la-lavanda-viridis\"><span class=\"ez-toc-section\" id=\"Propiedades_medicinales_y_valor_ornamental_de_la_lavanda_viridis\"><\/span><strong>Propiedades medicinales y valor ornamental de la lavanda viridis<\/strong><span class=\"ez-toc-section-end\"><\/span><\/h3>\n\n\n\n<p>Lavandula viridis se utiliza por sus propiedades medicinales, ya que se le atribuyen <strong>cualidades relajantes, analg\u00e9sicas y antiespasm\u00f3dicas<\/strong>. Adem\u00e1s, su agradable aroma la convierte en una planta de valor ornamental, siendo utilizada en jardiner\u00eda para decorar espacios exteriores.<\/p>\n\n\n\n<h2 class=\"wp-block-heading\" id=\"h-lavandula-allardii-un-hibrido-con-valor-ornamental\"><span class=\"ez-toc-section\" id=\"Lavandula_allardii_Un_hibrido_con_valor_ornamental\"><\/span><strong>Lavandula allardii: Un h\u00edbrido con valor ornamental<\/strong><span class=\"ez-toc-section-end\"><\/span><\/h2>\n\n\n\n<p>La <strong>Lavandula allardii<\/strong> es un interesante h\u00edbrido entre la <strong>Lavandula latifolia y la Lavandula dentata<\/strong>. Esta lavanda destaca por su valor ornamental en jardiner\u00eda, gracias a su atractiva presencia y su particular combinaci\u00f3n de caracter\u00edsticas de las especies parentales.<\/p>\n\n\n\n<h3 class=\"wp-block-heading\" id=\"h-origen-y-caracteristicas-de-la-lavandula-allardii\"><span class=\"ez-toc-section\" id=\"Origen_y_caracteristicas_de_la_Lavandula_allardii\"><\/span><strong>Origen y caracter\u00edsticas de la Lavandula allardii<\/strong><span class=\"ez-toc-section-end\"><\/span><\/h3>\n\n\n<div class=\"wp-block-image\">\n<figure class=\"aligncenter size-large is-resized\"><img loading=\"lazy\" decoding=\"async\" width=\"1024\" height=\"773\" src=\"https:\/\/agriquipo.com\/blog\/wp-content\/uploads\/2023\/12\/lavandula-alardii-1024x773.jpg\" alt=\"Lavandula alardii\" class=\"wp-image-3755\" style=\"width:960px\" srcset=\"https:\/\/agriquipo.com\/blog\/wp-content\/uploads\/2023\/12\/lavandula-alardii-1024x773.jpg 1024w, https:\/\/agriquipo.com\/blog\/wp-content\/uploads\/2023\/12\/lavandula-alardii-300x226.jpg 300w, https:\/\/agriquipo.com\/blog\/wp-content\/uploads\/2023\/12\/lavandula-alardii-768x579.jpg 768w, https:\/\/agriquipo.com\/blog\/wp-content\/uploads\/2023\/12\/lavandula-alardii.jpg 1161w\" sizes=\"auto, (max-width: 1024px) 100vw, 1024px\" \/><\/figure>\n<\/div>\n\n\n<p>La Lavandula allardii ha sido creada de forma artificial para aprovechar las cualidades de la lavanda latifolia y la lavanda dentata. Su origen se remonta a la hibridaci\u00f3n realizada por los bot\u00e1nicos, y su cultivo se ha extendido debido a su valor est\u00e9tico. presenta hojas opuestas y flores violetas en espigas, heredadas de sus progenitoras. Adem\u00e1s, es una planta de tama\u00f1o medio, alcanzando una altura que ronda los 60 cent\u00edmetros.<\/p>\n\n\n\n<h3 class=\"wp-block-heading\" id=\"h-utilidades-y-cuidados-en-jardineria-de-la-lavandula-allardii\"><span class=\"ez-toc-section\" id=\"Utilidades_y_cuidados_en_jardineria_de_la_Lavandula_allardii\"><\/span><strong>Utilidades y cuidados en jardiner\u00eda de la Lavandula allardii<\/strong><span class=\"ez-toc-section-end\"><\/span><\/h3>\n\n\n\n<p>La Lavandula allardii se destaca por su <strong>valor ornamental en jardiner\u00eda<\/strong>. Su apariencia compacta y su intenso color violeta la convierten en una opci\u00f3n popular para decorar jardines y parterres. Adem\u00e1s, es una planta de bajo mantenimiento, que se adapta a diversos tipos de suelos y climas, siempre y cuando reciba una buena exposici\u00f3n solar.<\/p>\n\n\n\n<ul class=\"wp-block-list\">\n<li>Para cultivar la Lavandula allardii, es importante brindarle un suelo bien drenado y evitar los encharcamientos.<\/li>\n\n\n\n<li>Se recomienda realizar una poda ligera despu\u00e9s de la floraci\u00f3n para mantener su forma y estimular la aparici\u00f3n de nuevas flores.<\/li>\n\n\n\n<li>Es una planta resistente a la sequ\u00eda, por lo que se recomienda regarla de manera moderada, evitando el exceso de agua.<\/li>\n\n\n\n<li>Adem\u00e1s de su valor ornamental, la Lavandula allardii tambi\u00e9n se utiliza en la elaboraci\u00f3n de perfumes y aceites esenciales.<\/li>\n<\/ul>\n\n\n\n<h2 class=\"wp-block-heading\" id=\"h-lavandula-canariensis-la-lavanda-endemica-de-las-islas-canarias\"><span class=\"ez-toc-section\" id=\"Lavandula_canariensis_La_lavanda_endemica_de_las_Islas_Canarias\"><\/span><strong>Lavandula canariensis: La lavanda end\u00e9mica de las Islas Canarias<\/strong><span class=\"ez-toc-section-end\"><\/span><\/h2>\n\n\n\n<p>La Lavandula canariensis es una variedad de lavanda end\u00e9mica de las Islas Canarias, reconocida por sus caracter\u00edsticas \u00fanicas y su presencia en este archipi\u00e9lago atl\u00e1ntico. Esta lavanda puede alcanzar una altura de hasta metro y medio y se distingue por la forma peculiar de sus flores, que mantienen un color morado vibrante.<\/p>\n\n\n\n<figure class=\"wp-block-image size-large is-resized\"><img loading=\"lazy\" decoding=\"async\" width=\"1024\" height=\"721\" src=\"https:\/\/agriquipo.com\/blog\/wp-content\/uploads\/2023\/12\/Lavandula-canariensis-1024x721.jpg\" alt=\"Lavandula canariensis\" class=\"wp-image-3757\" style=\"width:960px\" srcset=\"https:\/\/agriquipo.com\/blog\/wp-content\/uploads\/2023\/12\/Lavandula-canariensis-1024x721.jpg 1024w, https:\/\/agriquipo.com\/blog\/wp-content\/uploads\/2023\/12\/Lavandula-canariensis-300x211.jpg 300w, https:\/\/agriquipo.com\/blog\/wp-content\/uploads\/2023\/12\/Lavandula-canariensis-768x541.jpg 768w, https:\/\/agriquipo.com\/blog\/wp-content\/uploads\/2023\/12\/Lavandula-canariensis.jpg 1533w\" sizes=\"auto, (max-width: 1024px) 100vw, 1024px\" \/><\/figure>\n\n\n\n<h3 class=\"wp-block-heading\" id=\"h-descripcion-y-peculiaridades-de-la-lavanda-canariensis\"><span class=\"ez-toc-section\" id=\"Descripcion_y_peculiaridades_de_la_lavanda_canariensis\"><\/span><strong>Descripci\u00f3n y peculiaridades de la lavanda canariensis<\/strong><span class=\"ez-toc-section-end\"><\/span><\/h3>\n\n\n\n<p>La lavanda canariensis se caracteriza por tener un crecimiento vigoroso y unos tallos rectos y delgados. Sus hojas son estrechas y alargadas, de un verde intenso, lo que le confiere una apariencia fresca y exuberante. Adem\u00e1s, su aroma particularmente suave y delicado la distingue de otras variedades de lavanda.<\/p>\n\n\n\n<h4 class=\"wp-block-heading\" id=\"h-colorido-y-usos-de-la-lavanda-canariensis\"><span class=\"ez-toc-section\" id=\"Colorido_y_usos_de_la_lavanda_canariensis\"><\/span><strong>Colorido y usos de la lavanda canariensis<\/strong><span class=\"ez-toc-section-end\"><\/span><\/h4>\n\n\n\n<p>Las flores de la Lavandula canariensis presentan una forma distinta a las de otros tipos de lavanda, con p\u00e9talos en forma de tubo que se agrupan en inflorescencias compactas. Su colorido morado intenso aporta belleza y encanto a los jardines y espacios exteriores. Adem\u00e1s de su valor ornamental, esta lavanda end\u00e9mica tambi\u00e9n se utiliza en la producci\u00f3n de productos cosm\u00e9ticos y perfumes de alta calidad debido a su fragancia distintiva.<\/p>\n\n\n\n<h2 class=\"wp-block-heading\" id=\"h-lavandula-hybrida-un-hibrido-con-gran-floracion\"><span class=\"ez-toc-section\" id=\"Lavandula_hybrida_Un_hibrido_con_gran_floracion\"><\/span><strong>Lavandula hybrida: Un h\u00edbrido con gran floraci\u00f3n<\/strong><span class=\"ez-toc-section-end\"><\/span><\/h2>\n\n\n\n<p>Lavandula hybrida, tambi\u00e9n conocida como lavanda h\u00edbrida, es un cruce entre Lavandula angustifolia y Lavandula latifolia. Esta variedad destaca por su espectacular floraci\u00f3n, que la convierte en una opci\u00f3n popular en jardiner\u00eda.<\/p>\n\n\n\n<figure class=\"wp-block-image size-full is-resized\"><img loading=\"lazy\" decoding=\"async\" width=\"800\" height=\"800\" src=\"https:\/\/agriquipo.com\/blog\/wp-content\/uploads\/2023\/12\/lavandula-hybrida.jpg\" alt=\"Lavandula hybrida\" class=\"wp-image-3758\" style=\"width:960px\" srcset=\"https:\/\/agriquipo.com\/blog\/wp-content\/uploads\/2023\/12\/lavandula-hybrida.jpg 800w, https:\/\/agriquipo.com\/blog\/wp-content\/uploads\/2023\/12\/lavandula-hybrida-300x300.jpg 300w, https:\/\/agriquipo.com\/blog\/wp-content\/uploads\/2023\/12\/lavandula-hybrida-150x150.jpg 150w, https:\/\/agriquipo.com\/blog\/wp-content\/uploads\/2023\/12\/lavandula-hybrida-768x768.jpg 768w\" sizes=\"auto, (max-width: 800px) 100vw, 800px\" \/><\/figure>\n\n\n\n<h3 class=\"wp-block-heading\" id=\"h-caracteristicas-y-destacado-valor-ornamental-de-la-lavandula-hybrida\"><span class=\"ez-toc-section\" id=\"Caracteristicas_y_destacado_valor_ornamental_de_la_lavandula_hybrida\"><\/span><strong>Caracter\u00edsticas y destacado valor ornamental de la lavandula hybrida<\/strong><span class=\"ez-toc-section-end\"><\/span><\/h3>\n\n\n\n<p>La lavandula hybrida se caracteriza por sus tallos largos y ramificados, que pueden alcanzar una altura de hasta un metro. Sus flores, de tonalidades que van desde el violeta al azul, forman preciosas espigas.<\/p>\n\n\n\n<p>Esta lavanda h\u00edbrida es apreciada en la decoraci\u00f3n de jardines y espacios exteriores, ya que su vistosa floraci\u00f3n agrega color y belleza. Adem\u00e1s, su agradable aroma atrae a polinizadores como abejas y mariposas, favoreciendo la biodiversidad en el entorno.<\/p>\n\n\n\n<h3 class=\"wp-block-heading\" id=\"h-cuidados-y-recomendaciones-de-la-lavanda-hybrida-en-jardineria\"><span class=\"ez-toc-section\" id=\"Cuidados_y_recomendaciones_de_la_lavanda_hybrida_en_jardineria\"><\/span><strong>Cuidados y recomendaciones de la lavanda hybrida en jardiner\u00eda<\/strong><span class=\"ez-toc-section-end\"><\/span><\/h3>\n\n\n\n<p>La lavandula hybrida es una planta resistente y de bajo mantenimiento. Sin embargo, para garantizar su \u00f3ptimo desarrollo, es importante tener en cuenta algunas recomendaciones:<\/p>\n\n\n\n<ul class=\"wp-block-list\">\n<li><strong>Ubicaci\u00f3n<\/strong>: La lavanda hybrida requiere un lugar soleado y bien drenado para crecer adecuadamente.<\/li>\n\n\n\n<li><strong>Riego<\/strong>: Es importante evitar el encharcamiento, ya que la planta prefiere suelos ligeramente secos. Riega de forma moderada, permitiendo que el sustrato se seque entre riegos.<\/li>\n\n\n\n<li><strong>Poda<\/strong>: Realiza podas regulares despu\u00e9s de la floraci\u00f3n para mantener la planta compacta y estimular la formaci\u00f3n de nuevos brotes.<\/li>\n\n\n\n<li><strong>Fertilizaci\u00f3n<\/strong>: Aplica un abono balanceado espec\u00edfico para plantas de lavanda seg\u00fan las indicaciones del fabricante.<\/li>\n\n\n\n<li><strong>Protecci\u00f3n invernal<\/strong>: En zonas de climas fr\u00edos, protege la lavanda hybrida durante el invierno cubri\u00e9ndola con una capa de mantillo o malla protectora.<\/li>\n<\/ul>\n\n\n\n<p>La lavandula hybrida es una excelente opci\u00f3n para agregar belleza y fragancia a cualquier jard\u00edn o espacio exterior. Con una adecuada atenci\u00f3n, disfrutar\u00e1s de su impresionante floraci\u00f3n y sus beneficios est\u00e9ticos durante la temporada.<\/p>\n\n\n\n<h2 class=\"wp-block-heading\" id=\"h-lavandula-multifida-una-lavanda-de-hojas-elegantes\"><span class=\"ez-toc-section\" id=\"Lavandula_multifida_Una_lavanda_de_hojas_elegantes\"><\/span><strong>Lavandula multifida: Una lavanda de hojas elegantes<\/strong><span class=\"ez-toc-section-end\"><\/span><\/h2>\n\n\n\n<p>La <strong>Lavandula multifida<\/strong> es una fascinante variedad de lavanda caracterizada por sus hojas elegantes y ornamentales. Sus <strong>hojas son finamente recortadas y tienen una forma filiforme<\/strong>, lo que le confiere un aspecto delicado y distintivo. Esta especie de lavanda es originaria del Mediterr\u00e1neo y se adapta muy bien a climas c\u00e1lidos y soleados.<\/p>\n\n\n\n<figure class=\"wp-block-image size-full is-resized\"><img loading=\"lazy\" decoding=\"async\" width=\"736\" height=\"551\" src=\"https:\/\/agriquipo.com\/blog\/wp-content\/uploads\/2023\/12\/lavandula-multifida.jpg\" alt=\"Lavandula multifida\" class=\"wp-image-3759\" style=\"width:960px\" srcset=\"https:\/\/agriquipo.com\/blog\/wp-content\/uploads\/2023\/12\/lavandula-multifida.jpg 736w, https:\/\/agriquipo.com\/blog\/wp-content\/uploads\/2023\/12\/lavandula-multifida-300x225.jpg 300w\" sizes=\"auto, (max-width: 736px) 100vw, 736px\" \/><\/figure>\n\n\n\n<h3 class=\"wp-block-heading\" id=\"h-descripcion-y-caracteristicas-de-la-lavandula-multifida\"><span class=\"ez-toc-section\" id=\"Descripcion_y_caracteristicas_de_la_Lavandula_multifida\"><\/span><strong>Descripci\u00f3n y caracter\u00edsticas de la Lavandula multifida<\/strong><span class=\"ez-toc-section-end\"><\/span><\/h3>\n\n\n\n<p>La Lavandula multifida destaca por ser una planta herb\u00e1cea perenne que puede alcanzar una altura de hasta 60 cent\u00edmetros. Sus <strong>tallos son flexibles<\/strong> y se encuentran cubiertos por una fina capa de <strong>pelos plateados. Las flores son peque\u00f1as y de color lila intenso<\/strong>, agrupadas en densas inflorescencias en forma de espigas.<\/p>\n\n\n\n<h3 class=\"wp-block-heading\" id=\"h-uso-ornamental-y-medicinales-de-la-lavandula-multifida\"><span class=\"ez-toc-section\" id=\"Uso_ornamental_y_medicinales_de_la_Lavandula_multifida\"><\/span><strong>Uso ornamental y medicinales de la Lavandula multifida<\/strong><span class=\"ez-toc-section-end\"><\/span><\/h3>\n\n\n\n<p>Debido a su hermoso follaje y floraci\u00f3n abundante, la <strong>Lavandula multifida<\/strong> es apreciada en jardiner\u00eda como planta ornamental. Se utiliza en macizos de flores, borduras y rocallas para a\u00f1adir color y textura al paisaje. Adem\u00e1s, esta lavanda tambi\u00e9n posee propiedades medicinales, siendo utilizada en la elaboraci\u00f3n de aceites esenciales y productos cosm\u00e9ticos por su agradable aroma y sus beneficios relajantes.<\/p>\n\n\n\n<ul class=\"wp-block-list\">\n<li>La Lavandula multifida se destaca por sus hojas elegantes y ornamentales.<\/li>\n\n\n\n<li>Es una planta herb\u00e1cea perenne con tallos flexibles y flores de color lila intenso.<\/li>\n\n\n\n<li>En jardiner\u00eda, se utiliza como planta ornamental en macizos de flores y borduras.<\/li>\n\n\n\n<li>Tambi\u00e9n posee propiedades medicinales, utiliz\u00e1ndose en aceites esenciales y productos cosm\u00e9ticos.<\/li>\n<\/ul>\n","protected":false},"excerpt":{"rendered":"<p> &#8230; <a title=\"Tipos de lavandas: Una gu\u00eda completa de las variedades m\u00e1s populares en Espa\u00f1a\" class=\"read-more\" href=\"https:\/\/agriquipo.com\/blog\/agricultura\/cultivos\/tipos-de-lavandas\/\" aria-label=\"M\u00e1s en Tipos de lavandas: Una gu\u00eda completa de las variedades m\u00e1s populares en Espa\u00f1a\">Leer m\u00e1s<\/a><\/p>\n","protected":false},"author":1,"featured_media":3706,"comment_status":"open","ping_status":"open","sticky":false,"template":"","format":"standard","meta":{"footnotes":""},"categories":[10],"tags":[],"class_list":["post-3707","post","type-post","status-publish","format-standard","has-post-thumbnail","hentry","category-cultivos","generate-columns","tablet-grid-50","mobile-grid-100","grid-parent","grid-33"],"yoast_head":"<!-- This site is optimized with the Yoast SEO Premium plugin v19.3 (Yoast SEO v22.8) - https:\/\/yoast.com\/wordpress\/plugins\/seo\/ -->\n<title>\u226bTipos de lavandas: Una gu\u00eda completa de las variedades m\u00e1s populares en Espa\u00f1a | Agriquipo<\/title>\n<meta name=\"robots\" content=\"index, follow, max-snippet:-1, max-image-preview:large, max-video-preview:-1\" \/>\n<link rel=\"canonical\" href=\"https:\/\/agriquipo.com\/blog\/agricultura\/cultivos\/tipos-de-lavandas\/\" \/>\n<meta property=\"og:locale\" content=\"es_ES\" \/>\n<meta property=\"og:type\" content=\"article\" \/>\n<meta property=\"og:title\" content=\"Tipos de lavandas: Una gu\u00eda completa de las variedades m\u00e1s populares en Espa\u00f1a\" \/>\n<meta property=\"og:description\" content=\"... Leer m\u00e1s\" \/>\n<meta property=\"og:url\" content=\"https:\/\/agriquipo.com\/blog\/agricultura\/cultivos\/tipos-de-lavandas\/\" \/>\n<meta property=\"og:site_name\" content=\"Agriquipo, noticias agr\u00edcolas\" \/>\n<meta property=\"article:published_time\" content=\"2023-12-20T10:25:20+00:00\" \/>\n<meta property=\"article:modified_time\" content=\"2023-12-20T11:06:41+00:00\" \/>\n<meta property=\"og:image\" content=\"https:\/\/agriquipo.com\/blog\/wp-content\/uploads\/2023\/11\/411a3232.jpg\" \/>\n\t<meta property=\"og:image:width\" content=\"1024\" \/>\n\t<meta property=\"og:image:height\" content=\"512\" \/>\n\t<meta property=\"og:image:type\" content=\"image\/jpeg\" \/>\n<meta name=\"author\" content=\"Jos\u00e9 M\u00aa D\u00edaz S\u00e1nchez\" \/>\n<meta name=\"twitter:card\" content=\"summary_large_image\" \/>\n<meta name=\"twitter:label1\" content=\"Escrito por\" \/>\n\t<meta name=\"twitter:data1\" content=\"Jos\u00e9 M\u00aa D\u00edaz S\u00e1nchez\" \/>\n\t<meta name=\"twitter:label2\" content=\"Tiempo de lectura\" \/>\n\t<meta name=\"twitter:data2\" content=\"13 minutos\" \/>\n<script type=\"application\/ld+json\" class=\"yoast-schema-graph\">{\"@context\":\"https:\/\/schema.org\",\"@graph\":[{\"@type\":\"Article\",\"@id\":\"https:\/\/agriquipo.com\/blog\/agricultura\/cultivos\/tipos-de-lavandas\/#article\",\"isPartOf\":{\"@id\":\"https:\/\/agriquipo.com\/blog\/agricultura\/cultivos\/tipos-de-lavandas\/\"},\"author\":{\"name\":\"Jos\u00e9 M\u00aa D\u00edaz S\u00e1nchez\",\"@id\":\"https:\/\/agriquipo.com\/blog\/#\/schema\/person\/37bd003ca0b8c0922de362951e177727\"},\"headline\":\"Tipos de lavandas: Una gu\u00eda completa de las variedades m\u00e1s populares en Espa\u00f1a\",\"datePublished\":\"2023-12-20T10:25:20+00:00\",\"dateModified\":\"2023-12-20T11:06:41+00:00\",\"mainEntityOfPage\":{\"@id\":\"https:\/\/agriquipo.com\/blog\/agricultura\/cultivos\/tipos-de-lavandas\/\"},\"wordCount\":2481,\"commentCount\":0,\"publisher\":{\"@id\":\"https:\/\/agriquipo.com\/blog\/#organization\"},\"image\":{\"@id\":\"https:\/\/agriquipo.com\/blog\/agricultura\/cultivos\/tipos-de-lavandas\/#primaryimage\"},\"thumbnailUrl\":\"https:\/\/agriquipo.com\/blog\/wp-content\/uploads\/2023\/11\/411a3232.jpg\",\"articleSection\":[\"Cultivos\"],\"inLanguage\":\"es\",\"potentialAction\":[{\"@type\":\"CommentAction\",\"name\":\"Comment\",\"target\":[\"https:\/\/agriquipo.com\/blog\/agricultura\/cultivos\/tipos-de-lavandas\/#respond\"]}]},{\"@type\":\"WebPage\",\"@id\":\"https:\/\/agriquipo.com\/blog\/agricultura\/cultivos\/tipos-de-lavandas\/\",\"url\":\"https:\/\/agriquipo.com\/blog\/agricultura\/cultivos\/tipos-de-lavandas\/\",\"name\":\"\u226bTipos de lavandas: Una gu\u00eda completa de las variedades m\u00e1s populares en Espa\u00f1a | Agriquipo\",\"isPartOf\":{\"@id\":\"https:\/\/agriquipo.com\/blog\/#website\"},\"primaryImageOfPage\":{\"@id\":\"https:\/\/agriquipo.com\/blog\/agricultura\/cultivos\/tipos-de-lavandas\/#primaryimage\"},\"image\":{\"@id\":\"https:\/\/agriquipo.com\/blog\/agricultura\/cultivos\/tipos-de-lavandas\/#primaryimage\"},\"thumbnailUrl\":\"https:\/\/agriquipo.com\/blog\/wp-content\/uploads\/2023\/11\/411a3232.jpg\",\"datePublished\":\"2023-12-20T10:25:20+00:00\",\"dateModified\":\"2023-12-20T11:06:41+00:00\",\"breadcrumb\":{\"@id\":\"https:\/\/agriquipo.com\/blog\/agricultura\/cultivos\/tipos-de-lavandas\/#breadcrumb\"},\"inLanguage\":\"es\",\"potentialAction\":[{\"@type\":\"ReadAction\",\"target\":[\"https:\/\/agriquipo.com\/blog\/agricultura\/cultivos\/tipos-de-lavandas\/\"]}]},{\"@type\":\"ImageObject\",\"inLanguage\":\"es\",\"@id\":\"https:\/\/agriquipo.com\/blog\/agricultura\/cultivos\/tipos-de-lavandas\/#primaryimage\",\"url\":\"https:\/\/agriquipo.com\/blog\/wp-content\/uploads\/2023\/11\/411a3232.jpg\",\"contentUrl\":\"https:\/\/agriquipo.com\/blog\/wp-content\/uploads\/2023\/11\/411a3232.jpg\",\"width\":1024,\"height\":512},{\"@type\":\"BreadcrumbList\",\"@id\":\"https:\/\/agriquipo.com\/blog\/agricultura\/cultivos\/tipos-de-lavandas\/#breadcrumb\",\"itemListElement\":[{\"@type\":\"ListItem\",\"position\":1,\"name\":\"Inicio\",\"item\":\"https:\/\/agriquipo.com\/blog\/\"},{\"@type\":\"ListItem\",\"position\":2,\"name\":\"Agricultura\",\"item\":\"https:\/\/agriquipo.com\/blog\/agricultura\/\"},{\"@type\":\"ListItem\",\"position\":3,\"name\":\"Cultivos\",\"item\":\"https:\/\/agriquipo.com\/blog\/agricultura\/cultivos\/\"},{\"@type\":\"ListItem\",\"position\":4,\"name\":\"Tipos de lavandas: Una gu\u00eda completa de las variedades m\u00e1s populares en Espa\u00f1a\"}]},{\"@type\":\"WebSite\",\"@id\":\"https:\/\/agriquipo.com\/blog\/#website\",\"url\":\"https:\/\/agriquipo.com\/blog\/\",\"name\":\"Agriquipo, noticias agr\u00edcolas\",\"description\":\"\",\"publisher\":{\"@id\":\"https:\/\/agriquipo.com\/blog\/#organization\"},\"potentialAction\":[{\"@type\":\"SearchAction\",\"target\":{\"@type\":\"EntryPoint\",\"urlTemplate\":\"https:\/\/agriquipo.com\/blog\/?s={search_term_string}\"},\"query-input\":\"required name=search_term_string\"}],\"inLanguage\":\"es\"},{\"@type\":\"Organization\",\"@id\":\"https:\/\/agriquipo.com\/blog\/#organization\",\"name\":\"Agriquipo, noticias agr\u00edcolas\",\"url\":\"https:\/\/agriquipo.com\/blog\/\",\"logo\":{\"@type\":\"ImageObject\",\"inLanguage\":\"es\",\"@id\":\"https:\/\/agriquipo.com\/blog\/#\/schema\/logo\/image\/\",\"url\":\"https:\/\/agriquipo.com\/blog\/wp-content\/uploads\/2022\/09\/cropped-cropped-agriquipo.jpg\",\"contentUrl\":\"https:\/\/agriquipo.com\/blog\/wp-content\/uploads\/2022\/09\/cropped-cropped-agriquipo.jpg\",\"width\":296,\"height\":53,\"caption\":\"Agriquipo, noticias agr\u00edcolas\"},\"image\":{\"@id\":\"https:\/\/agriquipo.com\/blog\/#\/schema\/logo\/image\/\"}},{\"@type\":\"Person\",\"@id\":\"https:\/\/agriquipo.com\/blog\/#\/schema\/person\/37bd003ca0b8c0922de362951e177727\",\"name\":\"Jos\u00e9 M\u00aa D\u00edaz S\u00e1nchez\",\"image\":{\"@type\":\"ImageObject\",\"inLanguage\":\"es\",\"@id\":\"https:\/\/agriquipo.com\/blog\/#\/schema\/person\/image\/\",\"url\":\"https:\/\/secure.gravatar.com\/avatar\/f78b2388c99e4ca1df8a0929b03fd9c38291314cb70ee5431b63a88f250c3961?s=96&d=mm&r=g\",\"contentUrl\":\"https:\/\/secure.gravatar.com\/avatar\/f78b2388c99e4ca1df8a0929b03fd9c38291314cb70ee5431b63a88f250c3961?s=96&d=mm&r=g\",\"caption\":\"Jos\u00e9 M\u00aa D\u00edaz S\u00e1nchez\"},\"description\":\"Jos\u00e9 M\u00aa D\u00edaz S\u00e1nchez, Ingeriero T\u00e9cnico Agr\u00edcola. Profesional del campo y de la agricultura desde hace m\u00e1s de 20 a\u00f1os, asesorando a los agricultores y empresas agr\u00edcolas en su d\u00eda a d\u00eda\",\"sameAs\":[\"https:\/\/www.wikidata.org\/wiki\/Q108892695\"]}]}<\/script>\n<!-- \/ Yoast SEO Premium plugin. -->","yoast_head_json":{"title":"\u226bTipos de lavandas: Una gu\u00eda completa de las variedades m\u00e1s populares en Espa\u00f1a | Agriquipo","robots":{"index":"index","follow":"follow","max-snippet":"max-snippet:-1","max-image-preview":"max-image-preview:large","max-video-preview":"max-video-preview:-1"},"canonical":"https:\/\/agriquipo.com\/blog\/agricultura\/cultivos\/tipos-de-lavandas\/","og_locale":"es_ES","og_type":"article","og_title":"Tipos de lavandas: Una gu\u00eda completa de las variedades m\u00e1s populares en Espa\u00f1a","og_description":"... Leer m\u00e1s","og_url":"https:\/\/agriquipo.com\/blog\/agricultura\/cultivos\/tipos-de-lavandas\/","og_site_name":"Agriquipo, noticias agr\u00edcolas","article_published_time":"2023-12-20T10:25:20+00:00","article_modified_time":"2023-12-20T11:06:41+00:00","og_image":[{"width":1024,"height":512,"url":"https:\/\/agriquipo.com\/blog\/wp-content\/uploads\/2023\/11\/411a3232.jpg","type":"image\/jpeg"}],"author":"Jos\u00e9 M\u00aa D\u00edaz S\u00e1nchez","twitter_card":"summary_large_image","twitter_misc":{"Escrito por":"Jos\u00e9 M\u00aa D\u00edaz S\u00e1nchez","Tiempo de lectura":"13 minutos"},"schema":{"@context":"https:\/\/schema.org","@graph":[{"@type":"Article","@id":"https:\/\/agriquipo.com\/blog\/agricultura\/cultivos\/tipos-de-lavandas\/#article","isPartOf":{"@id":"https:\/\/agriquipo.com\/blog\/agricultura\/cultivos\/tipos-de-lavandas\/"},"author":{"name":"Jos\u00e9 M\u00aa D\u00edaz S\u00e1nchez","@id":"https:\/\/agriquipo.com\/blog\/#\/schema\/person\/37bd003ca0b8c0922de362951e177727"},"headline":"Tipos de lavandas: Una gu\u00eda completa de las variedades m\u00e1s populares en Espa\u00f1a","datePublished":"2023-12-20T10:25:20+00:00","dateModified":"2023-12-20T11:06:41+00:00","mainEntityOfPage":{"@id":"https:\/\/agriquipo.com\/blog\/agricultura\/cultivos\/tipos-de-lavandas\/"},"wordCount":2481,"commentCount":0,"publisher":{"@id":"https:\/\/agriquipo.com\/blog\/#organization"},"image":{"@id":"https:\/\/agriquipo.com\/blog\/agricultura\/cultivos\/tipos-de-lavandas\/#primaryimage"},"thumbnailUrl":"https:\/\/agriquipo.com\/blog\/wp-content\/uploads\/2023\/11\/411a3232.jpg","articleSection":["Cultivos"],"inLanguage":"es","potentialAction":[{"@type":"CommentAction","name":"Comment","target":["https:\/\/agriquipo.com\/blog\/agricultura\/cultivos\/tipos-de-lavandas\/#respond"]}]},{"@type":"WebPage","@id":"https:\/\/agriquipo.com\/blog\/agricultura\/cultivos\/tipos-de-lavandas\/","url":"https:\/\/agriquipo.com\/blog\/agricultura\/cultivos\/tipos-de-lavandas\/","name":"\u226bTipos de lavandas: Una gu\u00eda completa de las variedades m\u00e1s populares en Espa\u00f1a | Agriquipo","isPartOf":{"@id":"https:\/\/agriquipo.com\/blog\/#website"},"primaryImageOfPage":{"@id":"https:\/\/agriquipo.com\/blog\/agricultura\/cultivos\/tipos-de-lavandas\/#primaryimage"},"image":{"@id":"https:\/\/agriquipo.com\/blog\/agricultura\/cultivos\/tipos-de-lavandas\/#primaryimage"},"thumbnailUrl":"https:\/\/agriquipo.com\/blog\/wp-content\/uploads\/2023\/11\/411a3232.jpg","datePublished":"2023-12-20T10:25:20+00:00","dateModified":"2023-12-20T11:06:41+00:00","breadcrumb":{"@id":"https:\/\/agriquipo.com\/blog\/agricultura\/cultivos\/tipos-de-lavandas\/#breadcrumb"},"inLanguage":"es","potentialAction":[{"@type":"ReadAction","target":["https:\/\/agriquipo.com\/blog\/agricultura\/cultivos\/tipos-de-lavandas\/"]}]},{"@type":"ImageObject","inLanguage":"es","@id":"https:\/\/agriquipo.com\/blog\/agricultura\/cultivos\/tipos-de-lavandas\/#primaryimage","url":"https:\/\/agriquipo.com\/blog\/wp-content\/uploads\/2023\/11\/411a3232.jpg","contentUrl":"https:\/\/agriquipo.com\/blog\/wp-content\/uploads\/2023\/11\/411a3232.jpg","width":1024,"height":512},{"@type":"BreadcrumbList","@id":"https:\/\/agriquipo.com\/blog\/agricultura\/cultivos\/tipos-de-lavandas\/#breadcrumb","itemListElement":[{"@type":"ListItem","position":1,"name":"Inicio","item":"https:\/\/agriquipo.com\/blog\/"},{"@type":"ListItem","position":2,"name":"Agricultura","item":"https:\/\/agriquipo.com\/blog\/agricultura\/"},{"@type":"ListItem","position":3,"name":"Cultivos","item":"https:\/\/agriquipo.com\/blog\/agricultura\/cultivos\/"},{"@type":"ListItem","position":4,"name":"Tipos de lavandas: Una gu\u00eda completa de las variedades m\u00e1s populares en Espa\u00f1a"}]},{"@type":"WebSite","@id":"https:\/\/agriquipo.com\/blog\/#website","url":"https:\/\/agriquipo.com\/blog\/","name":"Agriquipo, noticias agr\u00edcolas","description":"","publisher":{"@id":"https:\/\/agriquipo.com\/blog\/#organization"},"potentialAction":[{"@type":"SearchAction","target":{"@type":"EntryPoint","urlTemplate":"https:\/\/agriquipo.com\/blog\/?s={search_term_string}"},"query-input":"required name=search_term_string"}],"inLanguage":"es"},{"@type":"Organization","@id":"https:\/\/agriquipo.com\/blog\/#organization","name":"Agriquipo, noticias agr\u00edcolas","url":"https:\/\/agriquipo.com\/blog\/","logo":{"@type":"ImageObject","inLanguage":"es","@id":"https:\/\/agriquipo.com\/blog\/#\/schema\/logo\/image\/","url":"https:\/\/agriquipo.com\/blog\/wp-content\/uploads\/2022\/09\/cropped-cropped-agriquipo.jpg","contentUrl":"https:\/\/agriquipo.com\/blog\/wp-content\/uploads\/2022\/09\/cropped-cropped-agriquipo.jpg","width":296,"height":53,"caption":"Agriquipo, noticias agr\u00edcolas"},"image":{"@id":"https:\/\/agriquipo.com\/blog\/#\/schema\/logo\/image\/"}},{"@type":"Person","@id":"https:\/\/agriquipo.com\/blog\/#\/schema\/person\/37bd003ca0b8c0922de362951e177727","name":"Jos\u00e9 M\u00aa D\u00edaz S\u00e1nchez","image":{"@type":"ImageObject","inLanguage":"es","@id":"https:\/\/agriquipo.com\/blog\/#\/schema\/person\/image\/","url":"https:\/\/secure.gravatar.com\/avatar\/f78b2388c99e4ca1df8a0929b03fd9c38291314cb70ee5431b63a88f250c3961?s=96&d=mm&r=g","contentUrl":"https:\/\/secure.gravatar.com\/avatar\/f78b2388c99e4ca1df8a0929b03fd9c38291314cb70ee5431b63a88f250c3961?s=96&d=mm&r=g","caption":"Jos\u00e9 M\u00aa D\u00edaz S\u00e1nchez"},"description":"Jos\u00e9 M\u00aa D\u00edaz S\u00e1nchez, Ingeriero T\u00e9cnico Agr\u00edcola. Profesional del campo y de la agricultura desde hace m\u00e1s de 20 a\u00f1os, asesorando a los agricultores y empresas agr\u00edcolas en su d\u00eda a d\u00eda","sameAs":["https:\/\/www.wikidata.org\/wiki\/Q108892695"]}]}},"_links":{"self":[{"href":"https:\/\/agriquipo.com\/blog\/wp-json\/wp\/v2\/posts\/3707","targetHints":{"allow":["GET"]}}],"collection":[{"href":"https:\/\/agriquipo.com\/blog\/wp-json\/wp\/v2\/posts"}],"about":[{"href":"https:\/\/agriquipo.com\/blog\/wp-json\/wp\/v2\/types\/post"}],"author":[{"embeddable":true,"href":"https:\/\/agriquipo.com\/blog\/wp-json\/wp\/v2\/users\/1"}],"replies":[{"embeddable":true,"href":"https:\/\/agriquipo.com\/blog\/wp-json\/wp\/v2\/comments?post=3707"}],"version-history":[{"count":9,"href":"https:\/\/agriquipo.com\/blog\/wp-json\/wp\/v2\/posts\/3707\/revisions"}],"predecessor-version":[{"id":3760,"href":"https:\/\/agriquipo.com\/blog\/wp-json\/wp\/v2\/posts\/3707\/revisions\/3760"}],"wp:featuredmedia":[{"embeddable":true,"href":"https:\/\/agriquipo.com\/blog\/wp-json\/wp\/v2\/media\/3706"}],"wp:attachment":[{"href":"https:\/\/agriquipo.com\/blog\/wp-json\/wp\/v2\/media?parent=3707"}],"wp:term":[{"taxonomy":"category","embeddable":true,"href":"https:\/\/agriquipo.com\/blog\/wp-json\/wp\/v2\/categories?post=3707"},{"taxonomy":"post_tag","embeddable":true,"href":"https:\/\/agriquipo.com\/blog\/wp-json\/wp\/v2\/tags?post=3707"}],"curies":[{"name":"wp","href":"https:\/\/api.w.org\/{rel}","templated":true}]}}