{"id":3156,"date":"2023-01-23T11:01:17","date_gmt":"2023-01-23T11:01:17","guid":{"rendered":"https:\/\/agriquipo.com\/blog\/?p=3156"},"modified":"2023-01-23T11:21:25","modified_gmt":"2023-01-23T11:21:25","slug":"cultivo-de-la-cebolla-guia-imprescindible","status":"publish","type":"post","link":"https:\/\/agriquipo.com\/blog\/agricultura\/cultivos\/cultivo-de-la-cebolla-guia-imprescindible\/","title":{"rendered":"Cultivo de la cebolla: Gu\u00eda imprescindible"},"content":{"rendered":"\n\n<div class=\"kk-star-ratings kksr-auto kksr-align-left kksr-valign-top\"\n    data-payload='{&quot;align&quot;:&quot;left&quot;,&quot;id&quot;:&quot;3156&quot;,&quot;slug&quot;:&quot;default&quot;,&quot;valign&quot;:&quot;top&quot;,&quot;ignore&quot;:&quot;&quot;,&quot;reference&quot;:&quot;auto&quot;,&quot;class&quot;:&quot;&quot;,&quot;count&quot;:&quot;1&quot;,&quot;legendonly&quot;:&quot;&quot;,&quot;readonly&quot;:&quot;&quot;,&quot;score&quot;:&quot;5&quot;,&quot;starsonly&quot;:&quot;&quot;,&quot;best&quot;:&quot;5&quot;,&quot;gap&quot;:&quot;5&quot;,&quot;greet&quot;:&quot;Valora este post&quot;,&quot;legend&quot;:&quot;5\\\/5 - (1 voto)&quot;,&quot;size&quot;:&quot;24&quot;,&quot;title&quot;:&quot;Cultivo de la cebolla: Gu\\u00eda imprescindible&quot;,&quot;width&quot;:&quot;142.5&quot;,&quot;_legend&quot;:&quot;{score}\\\/{best} - ({count} {votes})&quot;,&quot;font_factor&quot;:&quot;1.25&quot;}'>\n            \n<div class=\"kksr-stars\">\n    \n<div class=\"kksr-stars-inactive\">\n            <div class=\"kksr-star\" data-star=\"1\" style=\"padding-right: 5px\">\n            \n\n<div class=\"kksr-icon\" style=\"width: 24px; height: 24px;\"><\/div>\n        <\/div>\n            <div class=\"kksr-star\" data-star=\"2\" style=\"padding-right: 5px\">\n            \n\n<div class=\"kksr-icon\" style=\"width: 24px; height: 24px;\"><\/div>\n        <\/div>\n            <div class=\"kksr-star\" data-star=\"3\" style=\"padding-right: 5px\">\n            \n\n<div class=\"kksr-icon\" style=\"width: 24px; height: 24px;\"><\/div>\n        <\/div>\n            <div class=\"kksr-star\" data-star=\"4\" style=\"padding-right: 5px\">\n            \n\n<div class=\"kksr-icon\" style=\"width: 24px; height: 24px;\"><\/div>\n        <\/div>\n            <div class=\"kksr-star\" data-star=\"5\" style=\"padding-right: 5px\">\n            \n\n<div class=\"kksr-icon\" style=\"width: 24px; height: 24px;\"><\/div>\n        <\/div>\n    <\/div>\n    \n<div class=\"kksr-stars-active\" style=\"width: 142.5px;\">\n            <div class=\"kksr-star\" style=\"padding-right: 5px\">\n            \n\n<div class=\"kksr-icon\" style=\"width: 24px; height: 24px;\"><\/div>\n        <\/div>\n            <div class=\"kksr-star\" style=\"padding-right: 5px\">\n            \n\n<div class=\"kksr-icon\" style=\"width: 24px; height: 24px;\"><\/div>\n        <\/div>\n            <div class=\"kksr-star\" style=\"padding-right: 5px\">\n            \n\n<div class=\"kksr-icon\" style=\"width: 24px; height: 24px;\"><\/div>\n        <\/div>\n            <div class=\"kksr-star\" style=\"padding-right: 5px\">\n            \n\n<div class=\"kksr-icon\" style=\"width: 24px; height: 24px;\"><\/div>\n        <\/div>\n            <div class=\"kksr-star\" style=\"padding-right: 5px\">\n            \n\n<div class=\"kksr-icon\" style=\"width: 24px; height: 24px;\"><\/div>\n        <\/div>\n    <\/div>\n<\/div>\n                \n\n<div class=\"kksr-legend\" style=\"font-size: 19.2px;\">\n            5\/5 - (1 voto)    <\/div>\n    <\/div>\n\n<p>El <strong>cultivo de la<\/strong> <strong>cebolla<\/strong> remonta sus or\u00edgenes en Asia central y el Mediterr\u00e1neo, las primeras referencias de este cultivo de <strong>ra\u00edz<\/strong> se remontan hacia el 3.200 A. C.<\/p>\n\n\n\n<p>Fueron cultivadas por egipcios, griegos y romanos, su auge lo obtiene en la Edad media, donde se desarroll\u00f3 esta <strong><strong><span style=\"background-color: yellow;\"><a href=\"https:\/\/agriquipo.com\/blog\/agricultura\/wikicultivos\/como-surgio-la-agricultura\/\">agricultura<\/a><\/span><\/strong><\/strong> a mayor escala en pa\u00edses mediterr\u00e1neos, donde fueron seleccionadas una gran variedad de <strong>bulbo<\/strong> grande, las cuales dieron origen a las diversas variedades que conocemos en la actualidad.<\/p>\n\n\n\n<div id=\"ez-toc-container\" class=\"ez-toc-v2_0_66_1 counter-hierarchy ez-toc-counter ez-toc-grey ez-toc-container-direction\">\n<div class=\"ez-toc-title-container\">\n<p class=\"ez-toc-title \" >&Iacute;ndice<\/p>\n<span class=\"ez-toc-title-toggle\"><a href=\"#\" class=\"ez-toc-pull-right ez-toc-btn ez-toc-btn-xs ez-toc-btn-default ez-toc-toggle\" aria-label=\"Toggle Table of Content\"><span class=\"ez-toc-js-icon-con\"><span class=\"\"><span class=\"eztoc-hide\" style=\"display:none;\">Toggle<\/span><span class=\"ez-toc-icon-toggle-span\"><svg style=\"fill: #999;color:#999\" xmlns=\"http:\/\/www.w3.org\/2000\/svg\" class=\"list-377408\" width=\"20px\" height=\"20px\" viewBox=\"0 0 24 24\" fill=\"none\"><path d=\"M6 6H4v2h2V6zm14 0H8v2h12V6zM4 11h2v2H4v-2zm16 0H8v2h12v-2zM4 16h2v2H4v-2zm16 0H8v2h12v-2z\" fill=\"currentColor\"><\/path><\/svg><svg style=\"fill: #999;color:#999\" class=\"arrow-unsorted-368013\" xmlns=\"http:\/\/www.w3.org\/2000\/svg\" width=\"10px\" height=\"10px\" viewBox=\"0 0 24 24\" version=\"1.2\" baseProfile=\"tiny\"><path d=\"M18.2 9.3l-6.2-6.3-6.2 6.3c-.2.2-.3.4-.3.7s.1.5.3.7c.2.2.4.3.7.3h11c.3 0 .5-.1.7-.3.2-.2.3-.5.3-.7s-.1-.5-.3-.7zM5.8 14.7l6.2 6.3 6.2-6.3c.2-.2.3-.5.3-.7s-.1-.5-.3-.7c-.2-.2-.4-.3-.7-.3h-11c-.3 0-.5.1-.7.3-.2.2-.3.5-.3.7s.1.5.3.7z\"\/><\/svg><\/span><\/span><\/span><\/a><\/span><\/div>\n<nav><ul class='ez-toc-list ez-toc-list-level-1 eztoc-toggle-hide-by-default' ><li class='ez-toc-page-1 ez-toc-heading-level-2'><a class=\"ez-toc-link ez-toc-heading-1\" href=\"https:\/\/agriquipo.com\/blog\/agricultura\/cultivos\/cultivo-de-la-cebolla-guia-imprescindible\/#Introduccion_al_cultivo_de_la_cebolla\" title=\"Introducci\u00f3n al cultivo de la cebolla\">Introducci\u00f3n al cultivo de la cebolla<\/a><\/li><li class='ez-toc-page-1 ez-toc-heading-level-2'><a class=\"ez-toc-link ez-toc-heading-2\" href=\"https:\/\/agriquipo.com\/blog\/agricultura\/cultivos\/cultivo-de-la-cebolla-guia-imprescindible\/#Condiciones_climaticas_optimas_para_el_cultivo_de_la_cebolla\" title=\"Condiciones clim\u00e1ticas \u00f3ptimas para el cultivo de la cebolla\">Condiciones clim\u00e1ticas \u00f3ptimas para el cultivo de la cebolla<\/a><\/li><li class='ez-toc-page-1 ez-toc-heading-level-2'><a class=\"ez-toc-link ez-toc-heading-3\" href=\"https:\/\/agriquipo.com\/blog\/agricultura\/cultivos\/cultivo-de-la-cebolla-guia-imprescindible\/#Caracteristicas_tecnicas_del_cultivo_de_la_cebolla\" title=\"Caracter\u00edsticas t\u00e9cnicas del cultivo de la cebolla\">Caracter\u00edsticas t\u00e9cnicas del cultivo de la cebolla<\/a><\/li><li class='ez-toc-page-1 ez-toc-heading-level-2'><a class=\"ez-toc-link ez-toc-heading-4\" href=\"https:\/\/agriquipo.com\/blog\/agricultura\/cultivos\/cultivo-de-la-cebolla-guia-imprescindible\/#La_importancia_del_suelo\" title=\"La importancia del suelo\">La importancia del suelo<\/a><ul class='ez-toc-list-level-3' ><li class='ez-toc-heading-level-3'><a class=\"ez-toc-link ez-toc-heading-5\" href=\"https:\/\/agriquipo.com\/blog\/agricultura\/cultivos\/cultivo-de-la-cebolla-guia-imprescindible\/#%C2%BFComo_preparar_el_suelo_en_el_cultivo_de_la_cebolla\" title=\"\u00bfC\u00f3mo preparar el suelo en el cultivo de la cebolla?\">\u00bfC\u00f3mo preparar el suelo en el cultivo de la cebolla?<\/a><\/li><li class='ez-toc-page-1 ez-toc-heading-level-3'><a class=\"ez-toc-link ez-toc-heading-6\" href=\"https:\/\/agriquipo.com\/blog\/agricultura\/cultivos\/cultivo-de-la-cebolla-guia-imprescindible\/#El_riego_en_el_cultivo_de_la_cebolla\" title=\"El riego en el cultivo de la cebolla\">El riego en el cultivo de la cebolla<\/a><\/li><li class='ez-toc-page-1 ez-toc-heading-level-3'><a class=\"ez-toc-link ez-toc-heading-7\" href=\"https:\/\/agriquipo.com\/blog\/agricultura\/cultivos\/cultivo-de-la-cebolla-guia-imprescindible\/#La_importancia_de_la_fertilizacion\" title=\"La importancia de la fertilizaci\u00f3n\">La importancia de la fertilizaci\u00f3n<\/a><\/li><li class='ez-toc-page-1 ez-toc-heading-level-3'><a class=\"ez-toc-link ez-toc-heading-8\" href=\"https:\/\/agriquipo.com\/blog\/agricultura\/cultivos\/cultivo-de-la-cebolla-guia-imprescindible\/#Nitrogeno\" title=\"Nitr\u00f3geno\">Nitr\u00f3geno<\/a><\/li><li class='ez-toc-page-1 ez-toc-heading-level-3'><a class=\"ez-toc-link ez-toc-heading-9\" href=\"https:\/\/agriquipo.com\/blog\/agricultura\/cultivos\/cultivo-de-la-cebolla-guia-imprescindible\/#Fosforo\" title=\"F\u00f3sforo\">F\u00f3sforo<\/a><\/li><li class='ez-toc-page-1 ez-toc-heading-level-3'><a class=\"ez-toc-link ez-toc-heading-10\" href=\"https:\/\/agriquipo.com\/blog\/agricultura\/cultivos\/cultivo-de-la-cebolla-guia-imprescindible\/#Potasio\" title=\"Potasio\">Potasio<\/a><\/li><li class='ez-toc-page-1 ez-toc-heading-level-3'><a class=\"ez-toc-link ez-toc-heading-11\" href=\"https:\/\/agriquipo.com\/blog\/agricultura\/cultivos\/cultivo-de-la-cebolla-guia-imprescindible\/#Materia_Organica\" title=\"Materia Org\u00e1nica\">Materia Org\u00e1nica<\/a><\/li><\/ul><\/li><li class='ez-toc-page-1 ez-toc-heading-level-2'><a class=\"ez-toc-link ez-toc-heading-12\" href=\"https:\/\/agriquipo.com\/blog\/agricultura\/cultivos\/cultivo-de-la-cebolla-guia-imprescindible\/#Plagas_y_enfermedades\" title=\"Plagas y enfermedades\">Plagas y enfermedades<\/a><ul class='ez-toc-list-level-3' ><li class='ez-toc-heading-level-3'><a class=\"ez-toc-link ez-toc-heading-13\" href=\"https:\/\/agriquipo.com\/blog\/agricultura\/cultivos\/cultivo-de-la-cebolla-guia-imprescindible\/#Plagas\" title=\"Plagas\">Plagas<\/a><\/li><li class='ez-toc-page-1 ez-toc-heading-level-3'><a class=\"ez-toc-link ez-toc-heading-14\" href=\"https:\/\/agriquipo.com\/blog\/agricultura\/cultivos\/cultivo-de-la-cebolla-guia-imprescindible\/#Enfermedades\" title=\"Enfermedades\">Enfermedades<\/a><\/li><\/ul><\/li><li class='ez-toc-page-1 ez-toc-heading-level-2'><a class=\"ez-toc-link ez-toc-heading-15\" href=\"https:\/\/agriquipo.com\/blog\/agricultura\/cultivos\/cultivo-de-la-cebolla-guia-imprescindible\/#El_cultivo_de_la_cebolla_en_Espana\" title=\"El cultivo de la cebolla en Espa\u00f1a\">El cultivo de la cebolla en Espa\u00f1a<\/a><\/li><li class='ez-toc-page-1 ez-toc-heading-level-2'><a class=\"ez-toc-link ez-toc-heading-16\" href=\"https:\/\/agriquipo.com\/blog\/agricultura\/cultivos\/cultivo-de-la-cebolla-guia-imprescindible\/#Referencias\" title=\"Referencias\">Referencias<\/a><\/li><\/ul><\/nav><\/div>\n<h2 class=\"wp-block-heading\" id=\"h-introduccion-al-cultivo-de-la-cebolla\"><span class=\"ez-toc-section\" id=\"Introduccion_al_cultivo_de_la_cebolla\"><\/span><strong>Introducci\u00f3n al cultivo de la cebolla<\/strong><span class=\"ez-toc-section-end\"><\/span><\/h2>\n\n\n\n<p>Este <strong>cultivo de cebolla<\/strong> es uno de los principales cultivos de las zonas templadas como la pen\u00ednsula espa\u00f1ola; cient\u00edficamente se conoce con el nombre de Allium cepa L. de la familia Liliaceae.<\/p>\n\n\n\n<p>Es una planta bienal de tallo reducido, con una plataforma que da lugar por la parte de abajo a numerosas ra\u00edces y sobre dicha plataforma, da hojas cuya base es carnosa e hinchada constituyendo con ello el <strong>bulbo<\/strong>.<\/p>\n\n\n\n<p>El <strong>bulbo<\/strong> est\u00e1 formado por un gran n\u00famero de capas gruesas y carnosas en su interior, las cuales se encargan de reservar todas las sustancias nutritivas necesarias para que los brotes puedan alimentarse.<\/p>\n\n\n\n<p>Estas capas se encuentran recubiertas de membranas secas, transparentes y bastante delgadas, que son la base de las hojas, las cuales son alargadas, fistulosas y puntiagudas.<\/p>\n\n\n\n<p>La <strong>cebolla<\/strong> tiene un aspecto blanco, sin embargo, su color puede variar en funci\u00f3n de la semilla escogida para el cultivo, por ello tenemos <strong>cebolla<\/strong>s blancas y <strong>cebolla<\/strong>s moradas. Tiene semillas de color negro, aplastadas y de superficie rugosa y flores peque\u00f1as, blancas o violetas, las cuales se agrupan en umbelas.<\/p>\n\n\n\n<p>Entre sus particularidades se encuentra el hecho que puede cultivarse en diferentes etapas del a\u00f1o y pueden ser almacenadas durante largo tiempo, por lo cual se garantiza su producci\u00f3n y consumo los 365 d\u00edas del a\u00f1o; adem\u00e1s de atribuirle una gran variedad de propiedades curativas.<\/p>\n\n\n\n<h2 class=\"wp-block-heading\" id=\"h-condiciones-climaticas-optimas-para-el-cultivo-de-la-cebolla\"><span class=\"ez-toc-section\" id=\"Condiciones_climaticas_optimas_para_el_cultivo_de_la_cebolla\"><\/span><strong>Condiciones clim\u00e1ticas \u00f3ptimas para el cultivo de la cebolla<\/strong><span class=\"ez-toc-section-end\"><\/span><\/h2>\n\n\n\n<p>En l\u00edneas generales el <strong>cultivo de la<\/strong> <strong>cebolla<\/strong> se establece en zonas donde el clima es templado y c\u00e1lido, que tiene humedades relativamente bajas, la mayor\u00eda de sus variedades principalmente suele crecer entre los 15 y los 30 grados de <strong>temperatura<\/strong>, siendo la m\u00e1s \u00f3ptima los 25 grados.<\/p>\n\n\n\n<p>En cuanto a la germinaci\u00f3n, la <strong>temperatura<\/strong> \u00f3ptima se encuentra entre los 5 y 8 grados, sin embargo, existen cultivos que resisten muy bien las heladas tard\u00edas.<\/p>\n\n\n\n<p>De igual manera el cultivo de <strong>cebolla<\/strong> tambi\u00e9n necesita de un fotoperiodo largo, es decir, horas de Sol, por consiguiente, es recomendable hacerlo en los meses de primavera y verano, lo cual depender\u00e1 de la zona geogr\u00e1fica donde se realice el cultivo.<\/p>\n\n\n\n<p>La <strong>cebolla<\/strong> es muy sensible al exceso de humedad, cuando existen cambios bruscos de <strong>temperatura<\/strong> puede ocasionar que los <strong>bulbo<\/strong>s se agrieten, por ello una vez que las plantas comienzan a crecer, la humedad del <strong>suelo<\/strong> debe mantenerse superior a 60 % del <strong>agua<\/strong> disponible en los primeros 40 cm.<\/p>\n\n\n\n<p>El exceso de humedad y <strong>regad\u00edo<\/strong> es perjudicial al final del cultivo, pues trae consecuencias negativas en su conservaci\u00f3n.<\/p>\n\n\n\n<p>La duraci\u00f3n relativa de los periodos de luz y oscuridad del d\u00eda se denomina fotoperiodo, lo cual es un factor limitante para la bulbificaci\u00f3n de la <strong>cebolla<\/strong>, esto se debe a que la planta solamente formar\u00e1 sus <strong>bulbo<\/strong>s cuando la longitud del d\u00eda es igual o superior al m\u00ednimo que necesita fisiol\u00f3gicamente; ya que la bulbificaci\u00f3n suele desarrollarse en 3 periodos:<\/p>\n\n\n\n<p>El primero que es de d\u00edas cortos, donde se inicia la bulbificaci\u00f3n requiriendo aproximadamente de 11 a 12 horas de luz; el segundo que son los d\u00edas intermedios donde se necesita entre 12 a 14 horas de luz por d\u00eda y el tercero que son los d\u00edas largos, los <strong>bulbo<\/strong>s exigen para su correcta formaci\u00f3n 14 horas de luz al d\u00eda aproximadamente.<\/p>\n\n\n\n<h2 class=\"wp-block-heading\" id=\"h-caracteristicas-tecnicas-del-cultivo-de-la-cebolla\"><span class=\"ez-toc-section\" id=\"Caracteristicas_tecnicas_del_cultivo_de_la_cebolla\"><\/span><strong>Caracter\u00edsticas t\u00e9cnicas del cultivo de la cebolla<\/strong><span class=\"ez-toc-section-end\"><\/span><\/h2>\n\n\n\n<p>Son muchos los factores que den tomarse en cuenta para cultivar <strong>cebolla<\/strong>, adem\u00e1s de las condiciones climatol\u00f3gicas, tambi\u00e9n es importante tener presente las condiciones particulares del cultivo, como la preparaci\u00f3n del terreno el abono, el riego, la siembra, el ciclo vegetativo entre otras cosas.<\/p>\n\n\n\n<p>La productividad de este cultivo requiere una buena pr\u00e1ctica agr\u00edcola, entre muchos factores es indispensable contar con un semillero, lo cual debe hacerse en paralelo a la preparaci\u00f3n del terreno de forma previa al trasplante de las pl\u00e1ntulas.<\/p>\n\n\n\n<p>Una buena planificaci\u00f3n de la \u00e9poca de siembra, la cual deber\u00e1 ser la \u00e9poca seca, libre de lluvias y con humedad reducida, dar\u00e1 garant\u00eda de tener un cultivo \u00f3ptimo.<\/p>\n\n\n\n<p>Para lograr un producto final \u00f3ptimo se deber\u00e1n tener algunos cuidados para su cultivo, los cuales pueden resumirse en:<\/p>\n\n\n\n<ul class=\"wp-block-list\">\n<li>Mantener en todo momento el huerto libre de hierbas.<\/li>\n\n\n\n<li>Es aconsejable realizar un acolchado para aprovechar las hierbas que se quitan del \u00e1rea antes del periodo de <strong>recolecci\u00f3n<\/strong>.<\/li>\n\n\n\n<li>Las plantas que florezcan, deber\u00e1n despuntarse cuando a\u00fan no han crecido lo suficiente, para evitar que los <strong>bulbo<\/strong>s no terminen de formarse.<\/li>\n\n\n\n<li>En caso de que los v\u00e9rtices de la <strong>cebolla<\/strong> tomen un color amarillo, se retuerzan o se rompan sus cuellos e incluso se levanten un poco de la tierra, deber\u00e1n sacarse por completo 2 o 3 d\u00edas despu\u00e9s de observar estas caracter\u00edsticas y dejar secar al sol por varios d\u00edas.<\/li>\n<\/ul>\n\n\n\n<h2 class=\"wp-block-heading\" id=\"h-la-importancia-del-suelo\"><span class=\"ez-toc-section\" id=\"La_importancia_del_suelo\"><\/span><strong>La importancia del suelo<\/strong><span class=\"ez-toc-section-end\"><\/span><\/h2>\n\n\n\n<p>Entre las m\u00faltiples variedades de <strong>cebolla<\/strong>, algunas de ellas se adaptan perfectamente a distintos tipos de <strong>suelo<\/strong> y condiciones climatol\u00f3gicas; sin embargo, lo recomendado es que su cultivo se realice en <strong>suelo<\/strong>s profundos, que posean textura franca y que tengan mucho contenido de materia org\u00e1nica que logre airear el <strong>suelo<\/strong>.<\/p>\n\n\n\n<p>Adicionalmente el <strong>suelo<\/strong> por regla general debe tener un pH \u00e1cido entre 6 y 7; de igual manera es importante tener presente es la buena <strong><span style=\"background-color: yellow;\"><a href=\"https:\/\/agriquipo.com\/blog\/agricultura\/wikicultivos\/rotacion-de-cultivos-para-mejorar-la-productividad\/\">rotaci\u00f3n de cultivos<\/a><\/span><\/strong> para evitar monopolizar los campos a\u00f1o tras a\u00f1o, pues con ello se evitan posibles enfermedades radiculares.<\/p>\n\n\n\n<p>Para el \u00f3ptimo desarrollo del cultivo, se necesita contar con <strong>suelos<\/strong> ligeros, esponjosos, permeables y sobre todo profundos.<\/p>\n\n\n\n<p>La raz\u00f3n principal de contar con un <strong>suelo<\/strong> profundo, es el hecho de que el <strong>bulbo<\/strong> de la <strong>cebolla<\/strong> tiene un sistema radicular que requiere aproximadamente 60 cm de profundidad, de all\u00ed la importancia de este tipo de <strong>suelo<\/strong>, sobre todo en los primeros 20 cm, pues en esta etapa es donde comienza a desarrollar la mayor parte de dicho sistema.<\/p>\n\n\n\n<h3 class=\"wp-block-heading\" id=\"h-como-preparar-el-suelo-en-el-cultivo-de-la-cebolla\"><span class=\"ez-toc-section\" id=\"%C2%BFComo_preparar_el_suelo_en_el_cultivo_de_la_cebolla\"><\/span><strong>\u00bfC\u00f3mo preparar el suelo en el cultivo de la cebolla?<\/strong><span class=\"ez-toc-section-end\"><\/span><\/h3>\n\n\n\n<p>El <strong>suelo<\/strong> debe prepararse paralelamente a la siembra del semillero, lo que equivale a 30 o 45 d\u00edas antes de la fecha del trasplante; el cual deber\u00e1 estar perfectamente descompactado, aireado y muy fino, debido a que, si tiene terrones de tierra, puede afectar el crecimiento normal del cultivo.<\/p>\n\n\n\n<p>Seg\u00fan la naturaleza del terreno, la profundidad puede variar; en suelos compactos la profundidad ser\u00e1 mayor que en aquellos que la tierra es m\u00e1s suelta. Cuando los suelos no se han utilizado para la siembra, se recomienda una aradura profunda con cincelado y pases de rastra.<\/p>\n\n\n\n<p>Por ello es esencial contar con la maquinaria necesaria para realizar las rastras y para ello los equipos <strong>Agriquipo<\/strong> son sin lugar a dudas, la mejor alternativa para realizar esta labor.<\/p>\n\n\n\n<p>Es importante resaltar que el pase de rastra debe hacerse en el sentido en que se constituir\u00e1n los surcos a una profundidad aproximada de entre 25 a 30 cm.<\/p>\n\n\n\n<p>De igual manera, el \u00faltimo pase de rastra paralelo a la nivelaci\u00f3n del terreno se realizar\u00e1 de 8 a 10 d\u00edas antes del trasplante, con la finalidad de formar las camas de siembra, las cuales deber\u00e1n tener una altura entre 20 y 30 cm.<\/p>\n\n\n\n<h3 class=\"wp-block-heading\" id=\"h-el-riego-en-el-cultivo-de-la-cebolla\"><span class=\"ez-toc-section\" id=\"El_riego_en_el_cultivo_de_la_cebolla\"><\/span><strong>El riego en el cultivo de la cebolla<\/strong><span class=\"ez-toc-section-end\"><\/span><\/h3>\n\n\n\n<p>La <strong>cebolla<\/strong> tiene un consumo promedio de <strong>agua<\/strong> que oscila entre 3.500 y 4.500 m3\/ha, esto depender\u00e1 de las condiciones edafoclim\u00e1ticas.<\/p>\n\n\n\n<p>El primer riego debe realizarse inmediatamente despu\u00e9s de la plantaci\u00f3n; despu\u00e9s el cultivo deber\u00e1 regarse en intervalos de 15 a 20 d\u00edas. Dependiendo de la cantidad de <strong>agua<\/strong> de lluvia durante el periodo de cultivo, la <strong>cebolla<\/strong> necesitar\u00e1 de 20 a 25 riegos aproximadamente.<\/p>\n\n\n\n<p>Esta <strong>hortaliza<\/strong> es sensible al d\u00e9ficit de <strong>agua<\/strong>, especialmente en la etapa de formaci\u00f3n y crecimiento del <strong>bulbo<\/strong>; sin embargo, para lograr \u00f3ptimos rendimientos se va a requerir que el nivel de humedad en el <strong>suelo<\/strong> sea superior al 85 %.<\/p>\n\n\n\n<p>Las t\u00e9cnicas de riego son diversas, pues ello va a depender de la tecnificaci\u00f3n el conocimiento del agricultor, las cuales podr\u00e1n ser por superficie, aspersi\u00f3n y hasta riego localizado.<\/p>\n\n\n\n<h3 class=\"wp-block-heading\" id=\"h-la-importancia-de-la-fertilizacion\"><span class=\"ez-toc-section\" id=\"La_importancia_de_la_fertilizacion\"><\/span><strong>La importancia de la fertilizaci\u00f3n<\/strong><span class=\"ez-toc-section-end\"><\/span><\/h3>\n\n\n\n<p>Para tener garant\u00eda de que los <strong>bulbo<\/strong>s se desarrollen de forma \u00f3ptima es importante tener una buena fertilizaci\u00f3n. Para ello es importante realizar un an\u00e1lisis de <strong>suelo<\/strong> que determine los nutrientes que se deben aportar, as\u00ed como aquellos que se tienen en exceso.<\/p>\n\n\n\n<p>De igual manera se recomienda no aplicar abonos despu\u00e9s de la semana 7, para no afectar la maduraci\u00f3n de la <strong>cebolla<\/strong>.<\/p>\n\n\n\n<p>En caso de ser necesario recurrir a <strong><span style=\"background-color: yellow;\"><a href=\"https:\/\/agriquipo.com\/blog\/agricultura\/wikicultivos\/fertilizantes\/\">fertilizantes<\/a><\/span><\/strong>, es importante hacerlo con productos de calidad comprobada y que contengan los nutrientes que el <strong>suelo<\/strong> necesite para lograr un \u00f3ptimo desarrollo y crecimiento.<\/p>\n\n\n\n<p>En l\u00edneas generales, un buen fertilizante debe contener lo siguiente:<\/p>\n\n\n\n<h3 class=\"wp-block-heading\" id=\"h-nitrogeno\"><span class=\"ez-toc-section\" id=\"Nitrogeno\"><\/span><strong>Nitr\u00f3geno<\/strong><span class=\"ez-toc-section-end\"><\/span><\/h3>\n\n\n\n<p>Es fundamental para que el cultivo se desarrolle correctamente, sobre todo en las primeras semanas de crecimiento.<\/p>\n\n\n\n<p>El <strong>Nitr\u00f3geno<\/strong> no debe sobrepasar los 25 kg por hect\u00e1rea, pues influye directamente en el tama\u00f1o del <strong>bulbo<\/strong>; lo ideal es suministrarlo d\u00edas antes del engrosamiento del <strong>bulbo<\/strong> y despu\u00e9s del trasplante si fuera necesario.<\/p>\n\n\n\n<h3 class=\"wp-block-heading\" id=\"h-fosforo\"><span class=\"ez-toc-section\" id=\"Fosforo\"><\/span><strong>F\u00f3sforo<\/strong><span class=\"ez-toc-section-end\"><\/span><\/h3>\n\n\n\n<p>La necesidad de uso del F\u00f3sforo es relativamente limitada, se relaciona con la calidad de los <strong>bulbo<\/strong>s para que se conserven mejor. Para cada 1.000 hg de <strong>cebolla<\/strong> se necesita aproximadamente 1,70 kg de f\u00f3sforo.<\/p>\n\n\n\n<p>El cultivo de <strong>cebolla<\/strong> debe tener el F\u00f3sforo suficiente para garantizar la resistencia, el transporte y mejor conservaci\u00f3n del producto.<\/p>\n\n\n\n<h3 class=\"wp-block-heading\" id=\"h-potasio\"><span class=\"ez-toc-section\" id=\"Potasio\"><\/span><strong>Potasio<\/strong><span class=\"ez-toc-section-end\"><\/span><\/h3>\n\n\n\n<p>El <strong>Potasio<\/strong> favorece el desarrollo y la riqueza de az\u00facar en cada <strong>bulbo<\/strong>, lo que es importante para su conservaci\u00f3n.<\/p>\n\n\n\n<p>Para cada 1.000 kg de <strong>cebolla<\/strong> se requieren 1,56 kg de <strong>Potasio<\/strong>; en la fase de bulbificaci\u00f3n se recomiendan aplicaciones foliares con alto contenido de Potasio.<\/p>\n\n\n\n<h3 class=\"wp-block-heading\" id=\"h-materia-organica\"><span class=\"ez-toc-section\" id=\"Materia_Organica\"><\/span><strong>Materia Org\u00e1nica<\/strong><span class=\"ez-toc-section-end\"><\/span><\/h3>\n\n\n\n<p>Lo recomendado es tener un 1 % de materia org\u00e1nica como m\u00ednimo en el <strong>suelo<\/strong>, pues los restos vegetales contribuyen a descompactar el suelo adem\u00e1s de aportar minerales y micronutrientes que son indispensables para el correcto desarrollo del cultivo, ya que contienen <strong>Magnesio<\/strong>.<\/p>\n\n\n\n<h2 class=\"wp-block-heading\" id=\"h-plagas-y-enfermedades\"><span class=\"ez-toc-section\" id=\"Plagas_y_enfermedades\"><\/span><strong>Plagas y enfermedades<\/strong><span class=\"ez-toc-section-end\"><\/span><\/h2>\n\n\n\n<h3 class=\"wp-block-heading\" id=\"h-plagas\"><span class=\"ez-toc-section\" id=\"Plagas\"><\/span><strong>Plagas<\/strong><span class=\"ez-toc-section-end\"><\/span><\/h3>\n\n\n\n<ul class=\"wp-block-list\">\n<li><strong>Escarabajo de la<\/strong> <strong>cebolla<\/strong>: Son larvas de color amarillo que producen da\u00f1os en las hojas cuando son adultos, al igual que sus larvas que son capaces de recortar bandas paralelas en los nervios de las hojas.<\/li>\n\n\n\n<li><strong>Mosca de la<\/strong> <strong>cebolla<\/strong>: Son larvas de 6 \u2013 8 mm de color gris-amarillento, con patas y antenas negras que atacan las flores y \u00f3rganos verdes; su ataque lleva consigo la putrefacci\u00f3n de las partes que resultan afectadas de los <strong>bulbo<\/strong>s, provocando da\u00f1os importantes tanto en el semillero como al momento del trasplante.<\/li>\n\n\n\n<li><strong>Trips<\/strong>: Son larvas que pican y amarillan y secan las hojas; incluso pueden marchitar totalmente la planta si se da un ataque intenso, sobre todo en las primeras fases del desarrollo de la planta.<\/li>\n\n\n\n<li><strong>Polilla de la<\/strong> <strong>cebolla<\/strong>: Es una mariposa que mide aproximadamente 15 mm, con alas de color azul un tanto oscuro y peque\u00f1as escamas amarillo ocre. Causan severos da\u00f1os cuando las orugas penetran el interior de las vainas de las hojas hasta el cogollo; logrando paralizar el desarrollo de la planta, amarillear las hojas y pudrir la planta por causa de hongos.<\/li>\n\n\n\n<li><strong>Nematodos<\/strong>: Esta plaga puede atacar en cualquier estado de desarrollo, deteniendo el crecimiento de las pl\u00e1ntulas, logrando que se curven y pierdan el color. En <strong>bulbo<\/strong>s m\u00e1s desarrollados reblandece el tejido en las proximidades superiores. Se propaga en el <strong>suelo<\/strong>, las semillas y los bulbos.<\/li>\n<\/ul>\n\n\n\n<h3 class=\"wp-block-heading\" id=\"h-enfermedades\"><span class=\"ez-toc-section\" id=\"Enfermedades\"><\/span><strong>Enfermedades<\/strong><span class=\"ez-toc-section-end\"><\/span><\/h3>\n\n\n\n<ul class=\"wp-block-list\">\n<li><strong>Mildiu<\/strong>: Se determina por la aparici\u00f3n de manchas alargadas color viol\u00e1ceo en las hojas nuevas; los tiempos c\u00e1lidos y h\u00famedos favorecen el desarrollo de la enfermedad, lo cual trae como consecuencia que los extremos superiores de la planta mueran en su totalidad por lo que los bulbos no podr\u00e1n madurar. Esta enfermedad normalmente se propaga por los bulbos, semillas, renuevos infectados e incluso por el suelo. Para evitarla los suelos deben tener excelente drenaje y deben estar ligeros y sueltos.<\/li>\n\n\n\n<li><strong>Roya<\/strong>: es bastante grave cuando se repite muchas veces en un cultivo, con frecuencia los primeros s\u00edntomas aparecen a principios del mes de mayo, originando manchas rojizas las cuales con el tiempo toman una coloraci\u00f3n viol\u00e1cea. Trae como consecuencia que las hojas se sequen prematuramente y se hace m\u00e1s fuerte en <strong>suelo<\/strong>s ricos en <strong>Nitr\u00f3geno<\/strong>, pero con deficiencias de <strong>Potasio<\/strong>.<\/li>\n\n\n\n<li><strong>Carb\u00f3n de la<\/strong> <strong>cebolla<\/strong>: Se caracteriza por ser estr\u00edas de color gris plateado, que incluso pueden llegar a ponerse negras, afectando las pl\u00e1ntulas al punto de que mueran. Esta infecci\u00f3n tiene lugar al momento del germinado de las semillas, pues el hongo se encuentra de manera persistente en el <strong>suelo<\/strong>; por ello se recomienda realizar una buena desinfecci\u00f3n del mismo.<\/li>\n\n\n\n<li><strong>Podredumbre blanca<\/strong>: Se reconoce por ser un fieltro blanco algodonoso que se ve en las superficies de los <strong>bulbo<\/strong>s; esta enfermedad suele atacar en el instante en que brotan las plantas o cuando se aproxima la <strong>recolecci\u00f3n<\/strong>.<\/li>\n\n\n\n<li><strong>Abigarrado de la<\/strong> <strong>cebolla<\/strong>: La causa un virus, cuya consecuencia es que las hojas toman un color verde p\u00e1lido, apareciendo en ellas estr\u00edas amarillas y son com\u00fanmente atacadas por un hongo.<\/li>\n\n\n\n<li><strong>Tiz\u00f3n<\/strong>: Esta enfermedad se transmite por el <strong>suelo<\/strong>, la primera hoja es atacada en la superficie del <strong>suelo<\/strong> para posteriormente propagarse el hongo por el restante de las hojas hasta infectarlas en su totalidad. Se manifiesta en forma de bandas color plomo y form\u00e1ndose una masa negra polvorienta de esporas.<\/li>\n\n\n\n<li><strong>Punta blanca<\/strong>: los extremos de las hojas tendr\u00e1n un aspecto blanco, lo cual pudre la hoja infectada y se detiene el desarrollo de la planta.<\/li>\n\n\n\n<li><strong>Botritis<\/strong>: Se manifiestan en \u00f1a hoja como manchas de color blanco-amarillo produciendo cuando el ataque es muy severo una necrosis foliar.<\/li>\n<\/ul>\n\n\n\n<h2 class=\"wp-block-heading\" id=\"h-el-cultivo-de-la-cebolla-en-espana\"><span class=\"ez-toc-section\" id=\"El_cultivo_de_la_cebolla_en_Espana\"><\/span><strong>El cultivo de la cebolla en Espa\u00f1a<\/strong><span class=\"ez-toc-section-end\"><\/span><\/h2>\n\n\n\n<p>Es uno de los cultivos principales sobre todo en las zonas templadas de la pen\u00ednsula espa\u00f1ola. En el pa\u00eds se cosechan alrededor de 1 mill\u00f3n de toneladas cada a\u00f1o y se tienen aproximadamente, 23 mil hect\u00e1reas cultivadas.<\/p>\n\n\n\n<p>Las regiones donde m\u00e1s se extiende su cultivo son: Levante, Centro y Andaluc\u00eda; ocupando el segundo lugar en el comercio internacional como m\u00e1ximo exportador; siendo adem\u00e1s el tercer cultivo de la horticultura hoy d\u00eda.<\/p>\n\n\n\n<h2 class=\"wp-block-heading\"><span class=\"ez-toc-section\" id=\"Referencias\"><\/span><strong>Referencias<\/strong><span class=\"ez-toc-section-end\"><\/span><\/h2>\n\n\n\n<p>\u00ab<strong>Efecto de la densidad de siembra y la fertilizaci\u00f3n en el rendimiento y calidad del cultivo de cebolla<\/strong>\u00bb (https:\/\/www.sciencedirect.com\/science\/article\/pii\/S1130862102000153)<br>\u00ab<strong>Manejo integrado de plagas en el cultivo de cebolla<\/strong>\u00bb (https:\/\/www.researchgate.net\/publication\/333908799_Manejo_integrado_de_plagas_en_el_cultivo_de_cebolla)<br>\u00ab<strong>Estudio de la variabilidad gen\u00e9tica en cebolla (Allium cepa L.) mediante marcadores RAPD<\/strong>\u00bb (https:\/\/www.scielo.br\/scielo.php?script=sci_arttext&amp;pid=S0103-90162010000100013)<br>\u00ab<strong>An\u00e1lisis de costos y beneficios en el cultivo de cebolla en M\u00e9xico<\/strong>\u00bb (https:\/\/www.redalyc.org\/pdf\/3766\/376617993003.pdf)<br>\u00ab<strong>Evaluaci\u00f3n del efecto de diferentes sistemas de riego en el cultivo de cebolla<\/strong>\u00bb (https:\/\/www.scielo.org.co\/scielo.php?script=sci_arttext&amp;pid=S0120-28122015000200029)<\/p>\n","protected":false},"excerpt":{"rendered":"<p> &#8230; <a title=\"Cultivo de la cebolla: Gu\u00eda imprescindible\" class=\"read-more\" href=\"https:\/\/agriquipo.com\/blog\/agricultura\/cultivos\/cultivo-de-la-cebolla-guia-imprescindible\/\" aria-label=\"M\u00e1s en Cultivo de la cebolla: Gu\u00eda imprescindible\">Leer m\u00e1s<\/a><\/p>\n","protected":false},"author":1,"featured_media":3164,"comment_status":"open","ping_status":"open","sticky":false,"template":"","format":"standard","meta":{"footnotes":""},"categories":[10],"tags":[],"class_list":["post-3156","post","type-post","status-publish","format-standard","has-post-thumbnail","hentry","category-cultivos","generate-columns","tablet-grid-50","mobile-grid-100","grid-parent","grid-33"],"yoast_head":"<!-- This site is optimized with the Yoast SEO Premium plugin v19.3 (Yoast SEO v22.8) - https:\/\/yoast.com\/wordpress\/plugins\/seo\/ -->\n<title>\u226bCultivo de la cebolla: Gu\u00eda imprescindible | Agriquipo<\/title>\n<meta name=\"robots\" content=\"index, follow, max-snippet:-1, max-image-preview:large, max-video-preview:-1\" \/>\n<link rel=\"canonical\" href=\"https:\/\/agriquipo.com\/blog\/agricultura\/cultivos\/cultivo-de-la-cebolla-guia-imprescindible\/\" \/>\n<meta property=\"og:locale\" content=\"es_ES\" \/>\n<meta property=\"og:type\" content=\"article\" \/>\n<meta property=\"og:title\" content=\"Cultivo de la cebolla: Gu\u00eda imprescindible\" \/>\n<meta property=\"og:description\" content=\"... Leer m\u00e1s\" \/>\n<meta property=\"og:url\" content=\"https:\/\/agriquipo.com\/blog\/agricultura\/cultivos\/cultivo-de-la-cebolla-guia-imprescindible\/\" \/>\n<meta property=\"og:site_name\" content=\"Agriquipo, noticias agr\u00edcolas\" \/>\n<meta property=\"article:published_time\" content=\"2023-01-23T11:01:17+00:00\" \/>\n<meta property=\"article:modified_time\" content=\"2023-01-23T11:21:25+00:00\" \/>\n<meta property=\"og:image\" content=\"https:\/\/agriquipo.com\/blog\/wp-content\/uploads\/2023\/01\/cultivo-cebolla.jpg\" \/>\n\t<meta property=\"og:image:width\" content=\"1000\" \/>\n\t<meta property=\"og:image:height\" content=\"570\" \/>\n\t<meta property=\"og:image:type\" content=\"image\/jpeg\" \/>\n<meta name=\"author\" content=\"Jos\u00e9 M\u00aa D\u00edaz S\u00e1nchez\" \/>\n<meta name=\"twitter:card\" content=\"summary_large_image\" \/>\n<meta name=\"twitter:label1\" content=\"Escrito por\" \/>\n\t<meta name=\"twitter:data1\" content=\"Jos\u00e9 M\u00aa D\u00edaz S\u00e1nchez\" \/>\n\t<meta name=\"twitter:label2\" content=\"Tiempo de lectura\" \/>\n\t<meta name=\"twitter:data2\" content=\"12 minutos\" \/>\n<script type=\"application\/ld+json\" class=\"yoast-schema-graph\">{\"@context\":\"https:\/\/schema.org\",\"@graph\":[{\"@type\":\"Article\",\"@id\":\"https:\/\/agriquipo.com\/blog\/agricultura\/cultivos\/cultivo-de-la-cebolla-guia-imprescindible\/#article\",\"isPartOf\":{\"@id\":\"https:\/\/agriquipo.com\/blog\/agricultura\/cultivos\/cultivo-de-la-cebolla-guia-imprescindible\/\"},\"author\":{\"name\":\"Jos\u00e9 M\u00aa D\u00edaz S\u00e1nchez\",\"@id\":\"https:\/\/agriquipo.com\/blog\/#\/schema\/person\/37bd003ca0b8c0922de362951e177727\"},\"headline\":\"Cultivo de la cebolla: Gu\u00eda imprescindible\",\"datePublished\":\"2023-01-23T11:01:17+00:00\",\"dateModified\":\"2023-01-23T11:21:25+00:00\",\"mainEntityOfPage\":{\"@id\":\"https:\/\/agriquipo.com\/blog\/agricultura\/cultivos\/cultivo-de-la-cebolla-guia-imprescindible\/\"},\"wordCount\":2619,\"commentCount\":0,\"publisher\":{\"@id\":\"https:\/\/agriquipo.com\/blog\/#organization\"},\"image\":{\"@id\":\"https:\/\/agriquipo.com\/blog\/agricultura\/cultivos\/cultivo-de-la-cebolla-guia-imprescindible\/#primaryimage\"},\"thumbnailUrl\":\"https:\/\/agriquipo.com\/blog\/wp-content\/uploads\/2023\/01\/cultivo-cebolla.jpg\",\"articleSection\":[\"Cultivos\"],\"inLanguage\":\"es\",\"potentialAction\":[{\"@type\":\"CommentAction\",\"name\":\"Comment\",\"target\":[\"https:\/\/agriquipo.com\/blog\/agricultura\/cultivos\/cultivo-de-la-cebolla-guia-imprescindible\/#respond\"]}]},{\"@type\":\"WebPage\",\"@id\":\"https:\/\/agriquipo.com\/blog\/agricultura\/cultivos\/cultivo-de-la-cebolla-guia-imprescindible\/\",\"url\":\"https:\/\/agriquipo.com\/blog\/agricultura\/cultivos\/cultivo-de-la-cebolla-guia-imprescindible\/\",\"name\":\"\u226bCultivo de la cebolla: Gu\u00eda imprescindible | Agriquipo\",\"isPartOf\":{\"@id\":\"https:\/\/agriquipo.com\/blog\/#website\"},\"primaryImageOfPage\":{\"@id\":\"https:\/\/agriquipo.com\/blog\/agricultura\/cultivos\/cultivo-de-la-cebolla-guia-imprescindible\/#primaryimage\"},\"image\":{\"@id\":\"https:\/\/agriquipo.com\/blog\/agricultura\/cultivos\/cultivo-de-la-cebolla-guia-imprescindible\/#primaryimage\"},\"thumbnailUrl\":\"https:\/\/agriquipo.com\/blog\/wp-content\/uploads\/2023\/01\/cultivo-cebolla.jpg\",\"datePublished\":\"2023-01-23T11:01:17+00:00\",\"dateModified\":\"2023-01-23T11:21:25+00:00\",\"breadcrumb\":{\"@id\":\"https:\/\/agriquipo.com\/blog\/agricultura\/cultivos\/cultivo-de-la-cebolla-guia-imprescindible\/#breadcrumb\"},\"inLanguage\":\"es\",\"potentialAction\":[{\"@type\":\"ReadAction\",\"target\":[\"https:\/\/agriquipo.com\/blog\/agricultura\/cultivos\/cultivo-de-la-cebolla-guia-imprescindible\/\"]}]},{\"@type\":\"ImageObject\",\"inLanguage\":\"es\",\"@id\":\"https:\/\/agriquipo.com\/blog\/agricultura\/cultivos\/cultivo-de-la-cebolla-guia-imprescindible\/#primaryimage\",\"url\":\"https:\/\/agriquipo.com\/blog\/wp-content\/uploads\/2023\/01\/cultivo-cebolla.jpg\",\"contentUrl\":\"https:\/\/agriquipo.com\/blog\/wp-content\/uploads\/2023\/01\/cultivo-cebolla.jpg\",\"width\":1000,\"height\":570},{\"@type\":\"BreadcrumbList\",\"@id\":\"https:\/\/agriquipo.com\/blog\/agricultura\/cultivos\/cultivo-de-la-cebolla-guia-imprescindible\/#breadcrumb\",\"itemListElement\":[{\"@type\":\"ListItem\",\"position\":1,\"name\":\"Inicio\",\"item\":\"https:\/\/agriquipo.com\/blog\/\"},{\"@type\":\"ListItem\",\"position\":2,\"name\":\"Agricultura\",\"item\":\"https:\/\/agriquipo.com\/blog\/agricultura\/\"},{\"@type\":\"ListItem\",\"position\":3,\"name\":\"Cultivos\",\"item\":\"https:\/\/agriquipo.com\/blog\/agricultura\/cultivos\/\"},{\"@type\":\"ListItem\",\"position\":4,\"name\":\"Cultivo de la cebolla: Gu\u00eda imprescindible\"}]},{\"@type\":\"WebSite\",\"@id\":\"https:\/\/agriquipo.com\/blog\/#website\",\"url\":\"https:\/\/agriquipo.com\/blog\/\",\"name\":\"Agriquipo, noticias agr\u00edcolas\",\"description\":\"\",\"publisher\":{\"@id\":\"https:\/\/agriquipo.com\/blog\/#organization\"},\"potentialAction\":[{\"@type\":\"SearchAction\",\"target\":{\"@type\":\"EntryPoint\",\"urlTemplate\":\"https:\/\/agriquipo.com\/blog\/?s={search_term_string}\"},\"query-input\":\"required name=search_term_string\"}],\"inLanguage\":\"es\"},{\"@type\":\"Organization\",\"@id\":\"https:\/\/agriquipo.com\/blog\/#organization\",\"name\":\"Agriquipo, noticias agr\u00edcolas\",\"url\":\"https:\/\/agriquipo.com\/blog\/\",\"logo\":{\"@type\":\"ImageObject\",\"inLanguage\":\"es\",\"@id\":\"https:\/\/agriquipo.com\/blog\/#\/schema\/logo\/image\/\",\"url\":\"https:\/\/agriquipo.com\/blog\/wp-content\/uploads\/2022\/09\/cropped-cropped-agriquipo.jpg\",\"contentUrl\":\"https:\/\/agriquipo.com\/blog\/wp-content\/uploads\/2022\/09\/cropped-cropped-agriquipo.jpg\",\"width\":296,\"height\":53,\"caption\":\"Agriquipo, noticias agr\u00edcolas\"},\"image\":{\"@id\":\"https:\/\/agriquipo.com\/blog\/#\/schema\/logo\/image\/\"}},{\"@type\":\"Person\",\"@id\":\"https:\/\/agriquipo.com\/blog\/#\/schema\/person\/37bd003ca0b8c0922de362951e177727\",\"name\":\"Jos\u00e9 M\u00aa D\u00edaz S\u00e1nchez\",\"image\":{\"@type\":\"ImageObject\",\"inLanguage\":\"es\",\"@id\":\"https:\/\/agriquipo.com\/blog\/#\/schema\/person\/image\/\",\"url\":\"https:\/\/secure.gravatar.com\/avatar\/f78b2388c99e4ca1df8a0929b03fd9c38291314cb70ee5431b63a88f250c3961?s=96&d=mm&r=g\",\"contentUrl\":\"https:\/\/secure.gravatar.com\/avatar\/f78b2388c99e4ca1df8a0929b03fd9c38291314cb70ee5431b63a88f250c3961?s=96&d=mm&r=g\",\"caption\":\"Jos\u00e9 M\u00aa D\u00edaz S\u00e1nchez\"},\"description\":\"Jos\u00e9 M\u00aa D\u00edaz S\u00e1nchez, Ingeriero T\u00e9cnico Agr\u00edcola. Profesional del campo y de la agricultura desde hace m\u00e1s de 20 a\u00f1os, asesorando a los agricultores y empresas agr\u00edcolas en su d\u00eda a d\u00eda\",\"sameAs\":[\"https:\/\/www.wikidata.org\/wiki\/Q108892695\"]}]}<\/script>\n<!-- \/ Yoast SEO Premium plugin. -->","yoast_head_json":{"title":"\u226bCultivo de la cebolla: Gu\u00eda imprescindible | Agriquipo","robots":{"index":"index","follow":"follow","max-snippet":"max-snippet:-1","max-image-preview":"max-image-preview:large","max-video-preview":"max-video-preview:-1"},"canonical":"https:\/\/agriquipo.com\/blog\/agricultura\/cultivos\/cultivo-de-la-cebolla-guia-imprescindible\/","og_locale":"es_ES","og_type":"article","og_title":"Cultivo de la cebolla: Gu\u00eda imprescindible","og_description":"... Leer m\u00e1s","og_url":"https:\/\/agriquipo.com\/blog\/agricultura\/cultivos\/cultivo-de-la-cebolla-guia-imprescindible\/","og_site_name":"Agriquipo, noticias agr\u00edcolas","article_published_time":"2023-01-23T11:01:17+00:00","article_modified_time":"2023-01-23T11:21:25+00:00","og_image":[{"width":1000,"height":570,"url":"https:\/\/agriquipo.com\/blog\/wp-content\/uploads\/2023\/01\/cultivo-cebolla.jpg","type":"image\/jpeg"}],"author":"Jos\u00e9 M\u00aa D\u00edaz S\u00e1nchez","twitter_card":"summary_large_image","twitter_misc":{"Escrito por":"Jos\u00e9 M\u00aa D\u00edaz S\u00e1nchez","Tiempo de lectura":"12 minutos"},"schema":{"@context":"https:\/\/schema.org","@graph":[{"@type":"Article","@id":"https:\/\/agriquipo.com\/blog\/agricultura\/cultivos\/cultivo-de-la-cebolla-guia-imprescindible\/#article","isPartOf":{"@id":"https:\/\/agriquipo.com\/blog\/agricultura\/cultivos\/cultivo-de-la-cebolla-guia-imprescindible\/"},"author":{"name":"Jos\u00e9 M\u00aa D\u00edaz S\u00e1nchez","@id":"https:\/\/agriquipo.com\/blog\/#\/schema\/person\/37bd003ca0b8c0922de362951e177727"},"headline":"Cultivo de la cebolla: Gu\u00eda imprescindible","datePublished":"2023-01-23T11:01:17+00:00","dateModified":"2023-01-23T11:21:25+00:00","mainEntityOfPage":{"@id":"https:\/\/agriquipo.com\/blog\/agricultura\/cultivos\/cultivo-de-la-cebolla-guia-imprescindible\/"},"wordCount":2619,"commentCount":0,"publisher":{"@id":"https:\/\/agriquipo.com\/blog\/#organization"},"image":{"@id":"https:\/\/agriquipo.com\/blog\/agricultura\/cultivos\/cultivo-de-la-cebolla-guia-imprescindible\/#primaryimage"},"thumbnailUrl":"https:\/\/agriquipo.com\/blog\/wp-content\/uploads\/2023\/01\/cultivo-cebolla.jpg","articleSection":["Cultivos"],"inLanguage":"es","potentialAction":[{"@type":"CommentAction","name":"Comment","target":["https:\/\/agriquipo.com\/blog\/agricultura\/cultivos\/cultivo-de-la-cebolla-guia-imprescindible\/#respond"]}]},{"@type":"WebPage","@id":"https:\/\/agriquipo.com\/blog\/agricultura\/cultivos\/cultivo-de-la-cebolla-guia-imprescindible\/","url":"https:\/\/agriquipo.com\/blog\/agricultura\/cultivos\/cultivo-de-la-cebolla-guia-imprescindible\/","name":"\u226bCultivo de la cebolla: Gu\u00eda imprescindible | Agriquipo","isPartOf":{"@id":"https:\/\/agriquipo.com\/blog\/#website"},"primaryImageOfPage":{"@id":"https:\/\/agriquipo.com\/blog\/agricultura\/cultivos\/cultivo-de-la-cebolla-guia-imprescindible\/#primaryimage"},"image":{"@id":"https:\/\/agriquipo.com\/blog\/agricultura\/cultivos\/cultivo-de-la-cebolla-guia-imprescindible\/#primaryimage"},"thumbnailUrl":"https:\/\/agriquipo.com\/blog\/wp-content\/uploads\/2023\/01\/cultivo-cebolla.jpg","datePublished":"2023-01-23T11:01:17+00:00","dateModified":"2023-01-23T11:21:25+00:00","breadcrumb":{"@id":"https:\/\/agriquipo.com\/blog\/agricultura\/cultivos\/cultivo-de-la-cebolla-guia-imprescindible\/#breadcrumb"},"inLanguage":"es","potentialAction":[{"@type":"ReadAction","target":["https:\/\/agriquipo.com\/blog\/agricultura\/cultivos\/cultivo-de-la-cebolla-guia-imprescindible\/"]}]},{"@type":"ImageObject","inLanguage":"es","@id":"https:\/\/agriquipo.com\/blog\/agricultura\/cultivos\/cultivo-de-la-cebolla-guia-imprescindible\/#primaryimage","url":"https:\/\/agriquipo.com\/blog\/wp-content\/uploads\/2023\/01\/cultivo-cebolla.jpg","contentUrl":"https:\/\/agriquipo.com\/blog\/wp-content\/uploads\/2023\/01\/cultivo-cebolla.jpg","width":1000,"height":570},{"@type":"BreadcrumbList","@id":"https:\/\/agriquipo.com\/blog\/agricultura\/cultivos\/cultivo-de-la-cebolla-guia-imprescindible\/#breadcrumb","itemListElement":[{"@type":"ListItem","position":1,"name":"Inicio","item":"https:\/\/agriquipo.com\/blog\/"},{"@type":"ListItem","position":2,"name":"Agricultura","item":"https:\/\/agriquipo.com\/blog\/agricultura\/"},{"@type":"ListItem","position":3,"name":"Cultivos","item":"https:\/\/agriquipo.com\/blog\/agricultura\/cultivos\/"},{"@type":"ListItem","position":4,"name":"Cultivo de la cebolla: Gu\u00eda imprescindible"}]},{"@type":"WebSite","@id":"https:\/\/agriquipo.com\/blog\/#website","url":"https:\/\/agriquipo.com\/blog\/","name":"Agriquipo, noticias agr\u00edcolas","description":"","publisher":{"@id":"https:\/\/agriquipo.com\/blog\/#organization"},"potentialAction":[{"@type":"SearchAction","target":{"@type":"EntryPoint","urlTemplate":"https:\/\/agriquipo.com\/blog\/?s={search_term_string}"},"query-input":"required name=search_term_string"}],"inLanguage":"es"},{"@type":"Organization","@id":"https:\/\/agriquipo.com\/blog\/#organization","name":"Agriquipo, noticias agr\u00edcolas","url":"https:\/\/agriquipo.com\/blog\/","logo":{"@type":"ImageObject","inLanguage":"es","@id":"https:\/\/agriquipo.com\/blog\/#\/schema\/logo\/image\/","url":"https:\/\/agriquipo.com\/blog\/wp-content\/uploads\/2022\/09\/cropped-cropped-agriquipo.jpg","contentUrl":"https:\/\/agriquipo.com\/blog\/wp-content\/uploads\/2022\/09\/cropped-cropped-agriquipo.jpg","width":296,"height":53,"caption":"Agriquipo, noticias agr\u00edcolas"},"image":{"@id":"https:\/\/agriquipo.com\/blog\/#\/schema\/logo\/image\/"}},{"@type":"Person","@id":"https:\/\/agriquipo.com\/blog\/#\/schema\/person\/37bd003ca0b8c0922de362951e177727","name":"Jos\u00e9 M\u00aa D\u00edaz S\u00e1nchez","image":{"@type":"ImageObject","inLanguage":"es","@id":"https:\/\/agriquipo.com\/blog\/#\/schema\/person\/image\/","url":"https:\/\/secure.gravatar.com\/avatar\/f78b2388c99e4ca1df8a0929b03fd9c38291314cb70ee5431b63a88f250c3961?s=96&d=mm&r=g","contentUrl":"https:\/\/secure.gravatar.com\/avatar\/f78b2388c99e4ca1df8a0929b03fd9c38291314cb70ee5431b63a88f250c3961?s=96&d=mm&r=g","caption":"Jos\u00e9 M\u00aa D\u00edaz S\u00e1nchez"},"description":"Jos\u00e9 M\u00aa D\u00edaz S\u00e1nchez, Ingeriero T\u00e9cnico Agr\u00edcola. Profesional del campo y de la agricultura desde hace m\u00e1s de 20 a\u00f1os, asesorando a los agricultores y empresas agr\u00edcolas en su d\u00eda a d\u00eda","sameAs":["https:\/\/www.wikidata.org\/wiki\/Q108892695"]}]}},"_links":{"self":[{"href":"https:\/\/agriquipo.com\/blog\/wp-json\/wp\/v2\/posts\/3156","targetHints":{"allow":["GET"]}}],"collection":[{"href":"https:\/\/agriquipo.com\/blog\/wp-json\/wp\/v2\/posts"}],"about":[{"href":"https:\/\/agriquipo.com\/blog\/wp-json\/wp\/v2\/types\/post"}],"author":[{"embeddable":true,"href":"https:\/\/agriquipo.com\/blog\/wp-json\/wp\/v2\/users\/1"}],"replies":[{"embeddable":true,"href":"https:\/\/agriquipo.com\/blog\/wp-json\/wp\/v2\/comments?post=3156"}],"version-history":[{"count":3,"href":"https:\/\/agriquipo.com\/blog\/wp-json\/wp\/v2\/posts\/3156\/revisions"}],"predecessor-version":[{"id":3163,"href":"https:\/\/agriquipo.com\/blog\/wp-json\/wp\/v2\/posts\/3156\/revisions\/3163"}],"wp:featuredmedia":[{"embeddable":true,"href":"https:\/\/agriquipo.com\/blog\/wp-json\/wp\/v2\/media\/3164"}],"wp:attachment":[{"href":"https:\/\/agriquipo.com\/blog\/wp-json\/wp\/v2\/media?parent=3156"}],"wp:term":[{"taxonomy":"category","embeddable":true,"href":"https:\/\/agriquipo.com\/blog\/wp-json\/wp\/v2\/categories?post=3156"},{"taxonomy":"post_tag","embeddable":true,"href":"https:\/\/agriquipo.com\/blog\/wp-json\/wp\/v2\/tags?post=3156"}],"curies":[{"name":"wp","href":"https:\/\/api.w.org\/{rel}","templated":true}]}}