{"id":3092,"date":"2022-11-24T13:42:34","date_gmt":"2022-11-24T13:42:34","guid":{"rendered":"https:\/\/agriquipo.com\/blog\/?p=3092"},"modified":"2022-11-24T13:45:52","modified_gmt":"2022-11-24T13:45:52","slug":"el-cultivo-del-maiz-desde-la-siembra-a-la-cosecha","status":"publish","type":"post","link":"https:\/\/agriquipo.com\/blog\/agricultura\/cultivos\/el-cultivo-del-maiz-desde-la-siembra-a-la-cosecha\/","title":{"rendered":"El Cultivo del Ma\u00edz: Desde la siembra a la cosecha"},"content":{"rendered":"\n\n<div class=\"kk-star-ratings kksr-auto kksr-align-left kksr-valign-top\"\n    data-payload='{&quot;align&quot;:&quot;left&quot;,&quot;id&quot;:&quot;3092&quot;,&quot;slug&quot;:&quot;default&quot;,&quot;valign&quot;:&quot;top&quot;,&quot;ignore&quot;:&quot;&quot;,&quot;reference&quot;:&quot;auto&quot;,&quot;class&quot;:&quot;&quot;,&quot;count&quot;:&quot;8&quot;,&quot;legendonly&quot;:&quot;&quot;,&quot;readonly&quot;:&quot;&quot;,&quot;score&quot;:&quot;4&quot;,&quot;starsonly&quot;:&quot;&quot;,&quot;best&quot;:&quot;5&quot;,&quot;gap&quot;:&quot;5&quot;,&quot;greet&quot;:&quot;Valora este post&quot;,&quot;legend&quot;:&quot;4\\\/5 - (8 votos)&quot;,&quot;size&quot;:&quot;24&quot;,&quot;title&quot;:&quot;El Cultivo del Ma\\u00edz: Desde la siembra a la cosecha&quot;,&quot;width&quot;:&quot;113.5&quot;,&quot;_legend&quot;:&quot;{score}\\\/{best} - ({count} {votes})&quot;,&quot;font_factor&quot;:&quot;1.25&quot;}'>\n            \n<div class=\"kksr-stars\">\n    \n<div class=\"kksr-stars-inactive\">\n            <div class=\"kksr-star\" data-star=\"1\" style=\"padding-right: 5px\">\n            \n\n<div class=\"kksr-icon\" style=\"width: 24px; height: 24px;\"><\/div>\n        <\/div>\n            <div class=\"kksr-star\" data-star=\"2\" style=\"padding-right: 5px\">\n            \n\n<div class=\"kksr-icon\" style=\"width: 24px; height: 24px;\"><\/div>\n        <\/div>\n            <div class=\"kksr-star\" data-star=\"3\" style=\"padding-right: 5px\">\n            \n\n<div class=\"kksr-icon\" style=\"width: 24px; height: 24px;\"><\/div>\n        <\/div>\n            <div class=\"kksr-star\" data-star=\"4\" style=\"padding-right: 5px\">\n            \n\n<div class=\"kksr-icon\" style=\"width: 24px; height: 24px;\"><\/div>\n        <\/div>\n            <div class=\"kksr-star\" data-star=\"5\" style=\"padding-right: 5px\">\n            \n\n<div class=\"kksr-icon\" style=\"width: 24px; height: 24px;\"><\/div>\n        <\/div>\n    <\/div>\n    \n<div class=\"kksr-stars-active\" style=\"width: 113.5px;\">\n            <div class=\"kksr-star\" style=\"padding-right: 5px\">\n            \n\n<div class=\"kksr-icon\" style=\"width: 24px; height: 24px;\"><\/div>\n        <\/div>\n            <div class=\"kksr-star\" style=\"padding-right: 5px\">\n            \n\n<div class=\"kksr-icon\" style=\"width: 24px; height: 24px;\"><\/div>\n        <\/div>\n            <div class=\"kksr-star\" style=\"padding-right: 5px\">\n            \n\n<div class=\"kksr-icon\" style=\"width: 24px; height: 24px;\"><\/div>\n        <\/div>\n            <div class=\"kksr-star\" style=\"padding-right: 5px\">\n            \n\n<div class=\"kksr-icon\" style=\"width: 24px; height: 24px;\"><\/div>\n        <\/div>\n            <div class=\"kksr-star\" style=\"padding-right: 5px\">\n            \n\n<div class=\"kksr-icon\" style=\"width: 24px; height: 24px;\"><\/div>\n        <\/div>\n    <\/div>\n<\/div>\n                \n\n<div class=\"kksr-legend\" style=\"font-size: 19.2px;\">\n            4\/5 - (8 votos)    <\/div>\n    <\/div>\n\n<p>El <strong>ma\u00edz<\/strong> es una poacea anual de crecimiento r\u00e1pido que, en la actualidad, cuenta con el t\u00edtulo de ser el <strong>cereal<\/strong> m\u00e1s consumido y profundo del mundo, esto por encima del arroz, el trigo y el sorgo.<\/p>\n\n\n\n<p>El ma\u00edz es originario de Mesoam\u00e9rica, y en Europa, as\u00ed como en el resto del mundo, empez\u00f3 a ver una difusi\u00f3n en el siglo XVIII.<\/p>\n\n\n\n<p>Esta es una planta sumamente vers\u00e1til, y es un cultivo que tiene una gran capacidad de adaptarse a diferentes climas y <strong>suelos<\/strong>. Tiene una manera de consumo muy diversa, y es que son muchas variedades, lo que hace que sea tan demandado.<\/p>\n\n\n\n<p>Desde <strong>Agriquipo<\/strong> te invitamos a continuar leyendo este art\u00edculo, pues hemos recopilado de manera detallada todo lo que debes saber sobre el cultivo de <strong>ma\u00edz<\/strong>, los puntos a cuidar, los requerimientos de este y tambi\u00e9n, algunos aspectos a tener en cuenta para garantizar su m\u00e1ximo rendimiento.<\/p>\n\n\n\n<p>\u00a1Vamos a ello!<\/p>\n\n\n\n<div id=\"ez-toc-container\" class=\"ez-toc-v2_0_66_1 counter-hierarchy ez-toc-counter ez-toc-grey ez-toc-container-direction\">\n<div class=\"ez-toc-title-container\">\n<p class=\"ez-toc-title \" >&Iacute;ndice<\/p>\n<span class=\"ez-toc-title-toggle\"><a href=\"#\" class=\"ez-toc-pull-right ez-toc-btn ez-toc-btn-xs ez-toc-btn-default ez-toc-toggle\" aria-label=\"Toggle Table of Content\"><span class=\"ez-toc-js-icon-con\"><span class=\"\"><span class=\"eztoc-hide\" style=\"display:none;\">Toggle<\/span><span class=\"ez-toc-icon-toggle-span\"><svg style=\"fill: #999;color:#999\" xmlns=\"http:\/\/www.w3.org\/2000\/svg\" class=\"list-377408\" width=\"20px\" height=\"20px\" viewBox=\"0 0 24 24\" fill=\"none\"><path d=\"M6 6H4v2h2V6zm14 0H8v2h12V6zM4 11h2v2H4v-2zm16 0H8v2h12v-2zM4 16h2v2H4v-2zm16 0H8v2h12v-2z\" fill=\"currentColor\"><\/path><\/svg><svg style=\"fill: #999;color:#999\" class=\"arrow-unsorted-368013\" xmlns=\"http:\/\/www.w3.org\/2000\/svg\" width=\"10px\" height=\"10px\" viewBox=\"0 0 24 24\" version=\"1.2\" baseProfile=\"tiny\"><path d=\"M18.2 9.3l-6.2-6.3-6.2 6.3c-.2.2-.3.4-.3.7s.1.5.3.7c.2.2.4.3.7.3h11c.3 0 .5-.1.7-.3.2-.2.3-.5.3-.7s-.1-.5-.3-.7zM5.8 14.7l6.2 6.3 6.2-6.3c.2-.2.3-.5.3-.7s-.1-.5-.3-.7c-.2-.2-.4-.3-.7-.3h-11c-.3 0-.5.1-.7.3-.2.2-.3.5-.3.7s.1.5.3.7z\"\/><\/svg><\/span><\/span><\/span><\/a><\/span><\/div>\n<nav><ul class='ez-toc-list ez-toc-list-level-1 eztoc-toggle-hide-by-default' ><li class='ez-toc-page-1 ez-toc-heading-level-2'><a class=\"ez-toc-link ez-toc-heading-1\" href=\"https:\/\/agriquipo.com\/blog\/agricultura\/cultivos\/el-cultivo-del-maiz-desde-la-siembra-a-la-cosecha\/#%C2%BFComo_se_cultiva_el_maiz\" title=\"\u00bfC\u00f3mo se cultiva el ma\u00edz?\">\u00bfC\u00f3mo se cultiva el ma\u00edz?<\/a><ul class='ez-toc-list-level-3' ><li class='ez-toc-heading-level-3'><a class=\"ez-toc-link ez-toc-heading-2\" href=\"https:\/\/agriquipo.com\/blog\/agricultura\/cultivos\/el-cultivo-del-maiz-desde-la-siembra-a-la-cosecha\/#Siembra_convencional_de_maiz\" title=\"Siembra convencional de ma\u00edz:\">Siembra convencional de ma\u00edz:<\/a><\/li><\/ul><\/li><li class='ez-toc-page-1 ez-toc-heading-level-2'><a class=\"ez-toc-link ez-toc-heading-3\" href=\"https:\/\/agriquipo.com\/blog\/agricultura\/cultivos\/el-cultivo-del-maiz-desde-la-siembra-a-la-cosecha\/#Caracteristicas_del_cultivo_del_maiz\" title=\"Caracter\u00edsticas del cultivo del ma\u00edz\">Caracter\u00edsticas del cultivo del ma\u00edz<\/a><\/li><li class='ez-toc-page-1 ez-toc-heading-level-2'><a class=\"ez-toc-link ez-toc-heading-4\" href=\"https:\/\/agriquipo.com\/blog\/agricultura\/cultivos\/el-cultivo-del-maiz-desde-la-siembra-a-la-cosecha\/#Requisitos_para_el_cultivo_del_maiz\" title=\"Requisitos para el cultivo del ma\u00edz\">Requisitos para el cultivo del ma\u00edz<\/a><ul class='ez-toc-list-level-3' ><li class='ez-toc-heading-level-3'><a class=\"ez-toc-link ez-toc-heading-5\" href=\"https:\/\/agriquipo.com\/blog\/agricultura\/cultivos\/el-cultivo-del-maiz-desde-la-siembra-a-la-cosecha\/#Epoca_de_siembra\" title=\"\u00c9poca de siembra\">\u00c9poca de siembra<\/a><ul class='ez-toc-list-level-4' ><li class='ez-toc-heading-level-4'><a class=\"ez-toc-link ez-toc-heading-6\" href=\"https:\/\/agriquipo.com\/blog\/agricultura\/cultivos\/el-cultivo-del-maiz-desde-la-siembra-a-la-cosecha\/#La_siembra_directa_en_el_maiz\" title=\"La siembra directa en el ma\u00edz\">La siembra directa en el ma\u00edz<\/a><\/li><\/ul><\/li><li class='ez-toc-page-1 ez-toc-heading-level-3'><a class=\"ez-toc-link ez-toc-heading-7\" href=\"https:\/\/agriquipo.com\/blog\/agricultura\/cultivos\/el-cultivo-del-maiz-desde-la-siembra-a-la-cosecha\/#El_riego_en_el_cultivo_del_maiz\" title=\"El riego en el cultivo del ma\u00edz\">El riego en el cultivo del ma\u00edz<\/a><\/li><li class='ez-toc-page-1 ez-toc-heading-level-3'><a class=\"ez-toc-link ez-toc-heading-8\" href=\"https:\/\/agriquipo.com\/blog\/agricultura\/cultivos\/el-cultivo-del-maiz-desde-la-siembra-a-la-cosecha\/#%C2%BFComo_preparar_el_suelo_para_la_siembra_del_maiz\" title=\"\u00bfC\u00f3mo preparar el suelo para la siembra del ma\u00edz?\">\u00bfC\u00f3mo preparar el suelo para la siembra del ma\u00edz?<\/a><\/li><li class='ez-toc-page-1 ez-toc-heading-level-3'><a class=\"ez-toc-link ez-toc-heading-9\" href=\"https:\/\/agriquipo.com\/blog\/agricultura\/cultivos\/el-cultivo-del-maiz-desde-la-siembra-a-la-cosecha\/#La_fertilizacion_en_el_cultivo_del_maiz\" title=\"La fertilizaci\u00f3n en el cultivo del ma\u00edz\">La fertilizaci\u00f3n en el cultivo del ma\u00edz<\/a><\/li><li class='ez-toc-page-1 ez-toc-heading-level-3'><a class=\"ez-toc-link ez-toc-heading-10\" href=\"https:\/\/agriquipo.com\/blog\/agricultura\/cultivos\/el-cultivo-del-maiz-desde-la-siembra-a-la-cosecha\/#La_recoleccion\" title=\"La recolecci\u00f3n\">La recolecci\u00f3n<\/a><\/li><\/ul><\/li><li class='ez-toc-page-1 ez-toc-heading-level-2'><a class=\"ez-toc-link ez-toc-heading-11\" href=\"https:\/\/agriquipo.com\/blog\/agricultura\/cultivos\/el-cultivo-del-maiz-desde-la-siembra-a-la-cosecha\/#La_rotacion_en_el_cultivo_del_maiz\" title=\"La rotaci\u00f3n en el cultivo del ma\u00edz\">La rotaci\u00f3n en el cultivo del ma\u00edz<\/a><\/li><li class='ez-toc-page-1 ez-toc-heading-level-2'><a class=\"ez-toc-link ez-toc-heading-12\" href=\"https:\/\/agriquipo.com\/blog\/agricultura\/cultivos\/el-cultivo-del-maiz-desde-la-siembra-a-la-cosecha\/#Plagas_y_enfermedades\" title=\"Plagas y enfermedades\">Plagas y enfermedades<\/a><ul class='ez-toc-list-level-3' ><li class='ez-toc-heading-level-3'><a class=\"ez-toc-link ez-toc-heading-13\" href=\"https:\/\/agriquipo.com\/blog\/agricultura\/cultivos\/el-cultivo-del-maiz-desde-la-siembra-a-la-cosecha\/#Manejo_de_enfermedades_del_maiz\" title=\"Manejo de enfermedades del ma\u00edz\">Manejo de enfermedades del ma\u00edz<\/a><\/li><\/ul><\/li><\/ul><\/nav><\/div>\n<h2 class=\"wp-block-heading\" id=\"h-como-se-cultiva-el-maiz\"><span class=\"ez-toc-section\" id=\"%C2%BFComo_se_cultiva_el_maiz\"><\/span><strong>\u00bfC\u00f3mo se cultiva el ma\u00edz?<\/strong><span class=\"ez-toc-section-end\"><\/span><\/h2>\n\n\n\n<p>As\u00ed como sucede con la mayor\u00eda de cultivos, el <strong>ma\u00edz <\/strong>necesita de un <strong>suelo<\/strong> f\u00e9rtil, eso s\u00ed, la preparaci\u00f3n no es diferente con respecto a otros cultivos. En ese sentido, se practican b\u00e1sicamente tres sistemas, los cuales son:<\/p>\n\n\n\n<ul class=\"wp-block-list\">\n<li>Labranza m\u00ednima.<\/li>\n\n\n\n<li>Labranza cero.<\/li>\n\n\n\n<li><strong><strong><span style=\"background-color: yellow;\"><a href=\"https:\/\/agriquipo.com\/blog\/agricultura\/wikicultivos\/siembra-directa\/\">Siembra directa<\/a><\/span><\/strong><\/strong>.<\/li>\n<\/ul>\n\n\n\n<p>Estos tres sistemas cuentan con una cantidad importante de variaciones en su aplicaci\u00f3n, as\u00ed como sus puntos fuertes y aspectos a mejorar.<\/p>\n\n\n\n<h3 class=\"wp-block-heading\"><span class=\"ez-toc-section\" id=\"Siembra_convencional_de_maiz\"><\/span><strong>Siembra convencional de ma\u00edz:<\/strong><span class=\"ez-toc-section-end\"><\/span><\/h3>\n\n\n\n<p>Con un sistema convencional de siembra de <strong>ma\u00edz<\/strong>, viendo previamente seleccionado el terreno, se procede a la eliminaci\u00f3n de malezas con un control mec\u00e1nico de estas con el uso del <strong><span style=\"background-color: yellow;\"><a href=\"https:\/\/agriquipo.com\/blog\/tractores\/wikitractor\/el-arado-en-la-agricultura-moderna\/\">arado<\/a><\/span><\/strong>.<\/p>\n\n\n\n<p>De esta forma, las malezas, los restos de otras cosechas y la entomofauna, se ve triturada y a\u00f1adida en el interior del <strong>suelo<\/strong>, comenzando la descomposici\u00f3n de la materia org\u00e1nica, un producto de la falta de luz y la acci\u00f3n de los diferentes microorganismos descomponedores, as\u00ed como bacterias y hongos que act\u00faan de manera ideal en este microclima.<\/p>\n\n\n\n<p>Pasados los 15 d\u00edas, la acci\u00f3n de la rastra, tambi\u00e9n de dos lotes de discos en forma de V, junto a un grupo convexo y otro c\u00f3ncavo, es clave, pues se desmenuzan los terrones y restos de la maleza en la superficie, as\u00ed como las semillas nuevas de malezas que broten nuevamente, y en este sentido, esto es algo que debe aplicarse un m\u00ednimo de dos pases cruzados.<\/p>\n\n\n\n<p>Esta etapa es, por consiguiente, la de mayor importancia, pues un control bueno de la maleza va a permitir que las semillas puedan emerger, sin tener en contra factores como la humedad, los <strong>nutrientes<\/strong> y la luz, junto con las malezas, que igualmente son portadoras de enfermedades y plagas.<\/p>\n\n\n\n<p>En este caso, cuando se riega por surcos, se usa previamente la surcadora, armando calles de hasta 70 cm, y en el caso del <strong><span style=\"background-color: yellow;\"><a href=\"https:\/\/agriquipo.com\/blog\/agricultura\/tecnologia\/el-riego-por-aspersion-en-la-agricultura\/\">riego por aspersi\u00f3n<\/a><\/span><\/strong>, no se necesita surcar.<\/p>\n\n\n\n<h2 class=\"wp-block-heading\" id=\"h-caracteristicas-del-cultivo-del-maiz\"><span class=\"ez-toc-section\" id=\"Caracteristicas_del_cultivo_del_maiz\"><\/span><strong>Caracter\u00edsticas del cultivo del ma\u00edz<\/strong><span class=\"ez-toc-section-end\"><\/span><\/h2>\n\n\n\n<p>En general, el cultivo de <strong>ma\u00edz <\/strong>se caracteriza por adaptarse muy bien a los diferentes tipos de suelo, pero, son los que tienen un pH de 6 a 7 los m\u00e1s id\u00f3neos en este sentido.<\/p>\n\n\n\n<p>Necesitan de un suelo profundo, deben ser ricos en materia org\u00e1nica y con una buena circulaci\u00f3n del drenaje para evitar encharcamientos que provoquen una asfixia radicular.<\/p>\n\n\n\n<p>En lo que respecta a la planta, las caracter\u00edsticas principales son su elevada longitud, as\u00ed como un tallo erecto que no tiene ramificaciones, siendo en este sentido, una planta robusta cuya producci\u00f3n es anual.<\/p>\n\n\n\n<p>Pero esto es s\u00f3lo una peque\u00f1a introducci\u00f3n, pues en los siguientes puntos vamos a conocer, m\u00e1s a detalle, los puntos clave para el cultivo de <strong>ma\u00edz<\/strong>.<\/p>\n\n\n\n<h2 class=\"wp-block-heading\" id=\"h-requisitos-para-el-cultivo-del-maiz\"><span class=\"ez-toc-section\" id=\"Requisitos_para_el_cultivo_del_maiz\"><\/span><strong>Requisitos para el cultivo del ma\u00edz<\/strong><span class=\"ez-toc-section-end\"><\/span><\/h2>\n\n\n\n<p>Pasemos a conocer los puntos clave para el cultivo de <strong>ma\u00edz<\/strong>, los cuales se deben tener en cuenta para su \u00e9xito:<\/p>\n\n\n\n<h3 class=\"wp-block-heading\" id=\"h-epoca-de-siembra\"><span class=\"ez-toc-section\" id=\"Epoca_de_siembra\"><\/span><strong>\u00c9poca de siembra<\/strong><span class=\"ez-toc-section-end\"><\/span><\/h3>\n\n\n\n<p>La \u00e9poca de siembra del <strong>ma\u00edz <\/strong>coincide aproximadamente con la primera quincena del mes de mayo, una \u00e9poca en la cual se registran los rendimientos m\u00e1s altos.<\/p>\n\n\n\n<h4 class=\"wp-block-heading\" id=\"h-la-siembra-directa-en-el-maiz\"><span class=\"ez-toc-section\" id=\"La_siembra_directa_en_el_maiz\"><\/span><strong>La siembra directa en el ma\u00edz<\/strong><span class=\"ez-toc-section-end\"><\/span><\/h4>\n\n\n\n<p>La labranza m\u00ednima del <strong>ma\u00edz <\/strong>cuenta con variables externas, las cuales se conocen tambi\u00e9n como siembra directa con cobertura (SDC), y si bien diferentes estudios aseguran contar con una gran cantidad de beneficios con respecto a la textura, estructura, la retenci\u00f3n de la <strong>humedad<\/strong> y la calidad general por parte de los suelos, estos tambi\u00e9n presentan diferentes limitantes. Como lo son por ejemplo, la necesidad de un manejo m\u00e1s cuidadoso por parte de las malezas, as\u00ed como el manejo fitosanitario y los riesgos de compactaci\u00f3n.<\/p>\n\n\n\n<h3 class=\"wp-block-heading\" id=\"h-el-riego-en-el-cultivo-del-maiz\"><span class=\"ez-toc-section\" id=\"El_riego_en_el_cultivo_del_maiz\"><\/span><strong>El riego en el cultivo del ma\u00edz<\/strong><span class=\"ez-toc-section-end\"><\/span><\/h3>\n\n\n\n<p>Considerando su exposici\u00f3n al aire, y las grandes superficies foliares, vemos que el cultivo de <strong>ma\u00edz<\/strong> necesita de mucha <strong>humedad<\/strong> e hidrataci\u00f3n, sobre todo cuando las espigas ya se han formado.<\/p>\n\n\n\n<p>En este caso, es cuando se recomienda regar alrededor de 10 a 15 d\u00edas previos a la floraci\u00f3n, y a lo largo de la floraci\u00f3n se debe prestar mucha atenci\u00f3n para mantener la humedad necesaria, pues de esto va a depender la cantidad de la producci\u00f3n.<\/p>\n\n\n\n<p>Cabe destacar que, el riego m\u00e1s usado en el cultivo de ma\u00edz es el riego por aspersi\u00f3n.<\/p>\n\n\n\n<h3 class=\"wp-block-heading\" id=\"h-como-preparar-el-suelo-para-la-siembra-del-maiz\"><span class=\"ez-toc-section\" id=\"%C2%BFComo_preparar_el_suelo_para_la_siembra_del_maiz\"><\/span><strong>\u00bfC\u00f3mo preparar el suelo para la siembra del ma\u00edz?<\/strong><span class=\"ez-toc-section-end\"><\/span><\/h3>\n\n\n\n<p>Este es un cultivo que se adapta bien a todo tipo de <strong>suelo<\/strong>, pero, hasta el momento de formaci\u00f3n y secado por parte del grano, el ma\u00edz requiere de <strong>nutrientes<\/strong>, un suelo bien abonado y rico en materia org\u00e1nica, que sea f\u00e9rtil, profundo, bien aireado y rico en humus.<\/p>\n\n\n\n<p>Es fundamental evitar el encharcamiento del suelo, por ello, antes de la siembra, es necesario preparar el terreno a trav\u00e9s de arado, de modo que quede esponjoso y completamente libre de plantas.<\/p>\n\n\n\n<p>El cultivo del <strong>ma\u00edz <\/strong>se hace por medio de la <strong>siembra directa<\/strong>, y en este sentido, la t\u00e9cnica de sembrado se conoce como \u201ca golpes\u201d, la cual consiste en hoyos de 3 cm de profundidad aproximadamente, donde se depositan alrededor de dos o tres semillas.<\/p>\n\n\n\n<p>Es importante dejar un espacio entre matas con el objetivo de evitar una polinizaci\u00f3n cruzada, adem\u00e1s de garantizar una buena elecci\u00f3n del lugar ideal para plantar, pero, es lo m\u00e1s com\u00fan en este tipo de cultivos es realizarlo en hileras, pero, lo m\u00e1s recomendable es hacerlo en bloques con una separaci\u00f3n de 35 cm entre cada planta.<\/p>\n\n\n\n<p>Y por supuesto, es fundamental que, al momento de llevar a cabo la siembra, se seleccionen las <strong>semillas<\/strong> que son m\u00e1s resistente a las plagas y las enfermedades.<\/p>\n\n\n\n<h3 class=\"wp-block-heading\" id=\"h-la-fertilizacion-en-el-cultivo-del-maiz\"><span class=\"ez-toc-section\" id=\"La_fertilizacion_en_el_cultivo_del_maiz\"><\/span><strong>La fertilizaci\u00f3n en el cultivo del ma\u00edz<\/strong><span class=\"ez-toc-section-end\"><\/span><\/h3>\n\n\n\n<p>La fertilizaci\u00f3n es un punto clave en la producci\u00f3n del <strong>ma\u00edz<\/strong>, pues como ya comentamos anteriormente, esta es una planta que pide muchos nutrientes, y no solamente en cuanto a cantidad, sino que tambi\u00e9n con respecto a la fecha de aportaci\u00f3n de dichos nutrientes durante las fases del cultivo.<\/p>\n\n\n\n<p>Pero en l\u00edneas generales, se puede decir que las extracciones por parte del cultivo de <strong>ma\u00edz<\/strong> por Tn de cosecha son las siguientes:<\/p>\n\n\n\n<ul class=\"wp-block-list\">\n<li><strong>Nitr\u00f3geno: <\/strong>28 a 30 kg de N.<\/li>\n\n\n\n<li><strong>F\u00f3sforo: <\/strong>10 a 12 kg de P205.<\/li>\n\n\n\n<li><strong>Potasio: <\/strong>23 a 25 kg de K20.<\/li>\n<\/ul>\n\n\n\n<p>Vale decir que, teniendo conocimiento sobre las extracciones y la anal\u00edtica por parte del suelo, se sabr\u00e1 que ya est\u00e1 todo listo para hacer el c\u00e1lculo de la dosis de abonado.<\/p>\n\n\n\n<h3 class=\"wp-block-heading\" id=\"h-la-recoleccion\"><span class=\"ez-toc-section\" id=\"La_recoleccion\"><\/span><strong>La recolecci\u00f3n<\/strong><span class=\"ez-toc-section-end\"><\/span><\/h3>\n\n\n\n<p>Con respecto al <strong>ma\u00edz <\/strong>dulce, se sabe que se cosecha cuando los granos presentan un color amarillo intenso, esto antes de que se pongan muy duros. En caso de que las mazorcas est\u00e9n verdes, es importante esperar un poco, ya que su sabor no estar\u00e1 bien definido, mientras que, en el caso contrario, es decir, cuando est\u00e1n muy maduras, estas se vuelven m\u00e1s duras y con una textura pastosa.<\/p>\n\n\n\n<p>En caso de que las mazorcas de ma\u00edz que se utilicen para las famosas \u201cpalomitas\u201d, la cosecha se lleva a cabo en el momento que las hojas que cubren la mazorca, est\u00e1n secas.<\/p>\n\n\n\n<p>Luego de realizar la recolecci\u00f3n, para garantizar una duradera conservaci\u00f3n, lo m\u00e1s conveniente es airearlas. En todo caso, la climatolog\u00eda es un factor clave en el cultivo de <strong>ma\u00edz<\/strong>, pues se puede cultivar en una diversidad importante de condiciones clim\u00e1ticas, especialmente en los climas templados, en los cuales se puede cultivar m\u00e1s de una sola cosecha en un mismo a\u00f1o.<\/p>\n\n\n\n<p>Cuando se trata de climas m\u00e1s templados, el grano no va a presentar una maduraci\u00f3n completa, y en este caso es importante tener claro que, alrededor del 40% de la producci\u00f3n de <strong>ma\u00edz<\/strong> alrededor del mismo, se da en Am\u00e9rica, lugar de climas c\u00e1lidos por naturaleza.<\/p>\n\n\n\n<h2 class=\"wp-block-heading\" id=\"h-la-rotacion-en-el-cultivo-del-maiz\"><span class=\"ez-toc-section\" id=\"La_rotacion_en_el_cultivo_del_maiz\"><\/span><strong>La rotaci\u00f3n en el cultivo del ma\u00edz<\/strong><span class=\"ez-toc-section-end\"><\/span><\/h2>\n\n\n\n<p>En el cultivo de <strong>ma\u00edz<\/strong>, lo normal es que se realice una <strong><strong><span style=\"background-color: yellow;\"><a href=\"https:\/\/agriquipo.com\/blog\/agricultura\/wikicultivos\/rotacion-de-cultivos-para-mejorar-la-productividad\/\">rotaci\u00f3n de cultivos<\/a><\/span><\/strong><\/strong>, como sucede con la <strong><span style=\"background-color: yellow;\"><a href=\"https:\/\/agriquipo.com\/blog\/agricultura\/cultivos\/el-cultivo-de-la-soja-guia-basica\/\">soja<\/a><\/span><\/strong>.<\/p>\n\n\n\n<p>Dicha combinaci\u00f3n va a favorecer sin duda al <strong>ma\u00edz<\/strong>, ya que, en el caso espec\u00edfico de la soja, se sabe que potencia la fertilidad por parte del <strong>suelo<\/strong> para el siguiente cultivo de <strong>ma\u00edz<\/strong>, puesto que disminuye la necesidad de que se apliquen productos combinados con el nitr\u00f3geno.<\/p>\n\n\n\n<p>Para poder conseguir una recuperaci\u00f3n por parte del terreno entre los cultivos, lo m\u00e1s importante es que se conserve la humedad del suelo.<\/p>\n\n\n\n<p>Con este objetivo, lo m\u00e1s pr\u00e1ctico es que usen t\u00e9cnicas de <strong>labranza cero<\/strong>, as\u00ed como de paraquat de acci\u00f3n r\u00e1pida, logrando de esta manera, un control m\u00e1s concreto de las malas hierbas.<\/p>\n\n\n\n<h2 class=\"wp-block-heading\" id=\"h-plagas-y-enfermedades\"><span class=\"ez-toc-section\" id=\"Plagas_y_enfermedades\"><\/span><strong>Plagas y enfermedades<\/strong><span class=\"ez-toc-section-end\"><\/span><\/h2>\n\n\n\n<p>Llevando a cabo el procedimiento de cultivo correcto del <strong>ma\u00edz<\/strong>, con largas rotaciones, no es normal presentar problemas, especialmente en una fase avanzada del cultivo.<\/p>\n\n\n\n<p>En fases iniciales s\u00ed que es posible que se presenten problemas, por ejemplo, que p\u00e1jaros o ratones sean un inconveniente, pero es algo que se puede evitar usando una malla protectora y espantap\u00e1jaros tradicionales.<\/p>\n\n\n\n<h3 class=\"wp-block-heading\"><span class=\"ez-toc-section\" id=\"Manejo_de_enfermedades_del_maiz\"><\/span><strong>Manejo de enfermedades del ma\u00edz<\/strong><span class=\"ez-toc-section-end\"><\/span><\/h3>\n\n\n\n<p>Una de las claves del \u00e9xito del cultivo de <strong>ma\u00edz <\/strong>es que est\u00e9 sano y de mantenga productivo, ya que aplicar el m\u00e9todo adecuado para disminuir la actuaci\u00f3n de las enfermedades, o prevenirlas eliminando los agentes que la desencadenan, te va a ahorrar muchas p\u00e9rdidas.<\/p>\n\n\n\n<p>Algo que es fundamental para prevenir este tipo de problemas, es eliminar los restos de cosechas anteriores, adem\u00e1s de eliminar las malezas del terreno.<\/p>\n\n\n\n<p>Estas fueron algunas de las claves para el \u00e9xito del cultivo de <strong>ma\u00edz<\/strong>, un tipo de cultivo bastante resistente y que se adapta a todo contexto, por lo que trabajar en estos aspectos se lograr\u00e1 una gran producci\u00f3n.<\/p>\n","protected":false},"excerpt":{"rendered":"<p> &#8230; <a title=\"El Cultivo del Ma\u00edz: Desde la siembra a la cosecha\" class=\"read-more\" href=\"https:\/\/agriquipo.com\/blog\/agricultura\/cultivos\/el-cultivo-del-maiz-desde-la-siembra-a-la-cosecha\/\" aria-label=\"M\u00e1s en El Cultivo del Ma\u00edz: Desde la siembra a la cosecha\">Leer m\u00e1s<\/a><\/p>\n","protected":false},"author":1,"featured_media":3096,"comment_status":"open","ping_status":"closed","sticky":false,"template":"","format":"standard","meta":{"footnotes":""},"categories":[10],"tags":[],"class_list":["post-3092","post","type-post","status-publish","format-standard","has-post-thumbnail","hentry","category-cultivos","generate-columns","tablet-grid-50","mobile-grid-100","grid-parent","grid-33"],"yoast_head":"<!-- This site is optimized with the Yoast SEO Premium plugin v19.3 (Yoast SEO v22.8) - https:\/\/yoast.com\/wordpress\/plugins\/seo\/ -->\n<title>\u226bEl Cultivo del Ma\u00edz: Desde la siembra a la cosecha | Agriquipo<\/title>\n<meta name=\"robots\" content=\"index, follow, max-snippet:-1, max-image-preview:large, max-video-preview:-1\" \/>\n<link rel=\"canonical\" href=\"https:\/\/agriquipo.com\/blog\/agricultura\/cultivos\/el-cultivo-del-maiz-desde-la-siembra-a-la-cosecha\/\" \/>\n<meta property=\"og:locale\" content=\"es_ES\" \/>\n<meta property=\"og:type\" content=\"article\" \/>\n<meta property=\"og:title\" content=\"El Cultivo del Ma\u00edz: Desde la siembra a la cosecha\" \/>\n<meta property=\"og:description\" content=\"... Leer m\u00e1s\" \/>\n<meta property=\"og:url\" content=\"https:\/\/agriquipo.com\/blog\/agricultura\/cultivos\/el-cultivo-del-maiz-desde-la-siembra-a-la-cosecha\/\" \/>\n<meta property=\"og:site_name\" content=\"Agriquipo, noticias agr\u00edcolas\" \/>\n<meta property=\"article:published_time\" content=\"2022-11-24T13:42:34+00:00\" \/>\n<meta property=\"article:modified_time\" content=\"2022-11-24T13:45:52+00:00\" \/>\n<meta property=\"og:image\" content=\"https:\/\/agriquipo.com\/blog\/wp-content\/uploads\/2022\/11\/cultivo-maiz-scaled.webp\" \/>\n\t<meta property=\"og:image:width\" content=\"2560\" \/>\n\t<meta property=\"og:image:height\" content=\"1446\" \/>\n\t<meta property=\"og:image:type\" content=\"image\/webp\" \/>\n<meta name=\"author\" content=\"Jos\u00e9 M\u00aa D\u00edaz S\u00e1nchez\" \/>\n<meta name=\"twitter:card\" content=\"summary_large_image\" \/>\n<meta name=\"twitter:label1\" content=\"Escrito por\" \/>\n\t<meta name=\"twitter:data1\" content=\"Jos\u00e9 M\u00aa D\u00edaz S\u00e1nchez\" \/>\n\t<meta name=\"twitter:label2\" content=\"Tiempo de lectura\" \/>\n\t<meta name=\"twitter:data2\" content=\"8 minutos\" \/>\n<script type=\"application\/ld+json\" class=\"yoast-schema-graph\">{\"@context\":\"https:\/\/schema.org\",\"@graph\":[{\"@type\":\"Article\",\"@id\":\"https:\/\/agriquipo.com\/blog\/agricultura\/cultivos\/el-cultivo-del-maiz-desde-la-siembra-a-la-cosecha\/#article\",\"isPartOf\":{\"@id\":\"https:\/\/agriquipo.com\/blog\/agricultura\/cultivos\/el-cultivo-del-maiz-desde-la-siembra-a-la-cosecha\/\"},\"author\":{\"name\":\"Jos\u00e9 M\u00aa D\u00edaz S\u00e1nchez\",\"@id\":\"https:\/\/agriquipo.com\/blog\/#\/schema\/person\/37bd003ca0b8c0922de362951e177727\"},\"headline\":\"El Cultivo del Ma\u00edz: Desde la siembra a la cosecha\",\"datePublished\":\"2022-11-24T13:42:34+00:00\",\"dateModified\":\"2022-11-24T13:45:52+00:00\",\"mainEntityOfPage\":{\"@id\":\"https:\/\/agriquipo.com\/blog\/agricultura\/cultivos\/el-cultivo-del-maiz-desde-la-siembra-a-la-cosecha\/\"},\"wordCount\":1854,\"commentCount\":0,\"publisher\":{\"@id\":\"https:\/\/agriquipo.com\/blog\/#organization\"},\"image\":{\"@id\":\"https:\/\/agriquipo.com\/blog\/agricultura\/cultivos\/el-cultivo-del-maiz-desde-la-siembra-a-la-cosecha\/#primaryimage\"},\"thumbnailUrl\":\"https:\/\/agriquipo.com\/blog\/wp-content\/uploads\/2022\/11\/cultivo-maiz-scaled.webp\",\"articleSection\":[\"Cultivos\"],\"inLanguage\":\"es\",\"potentialAction\":[{\"@type\":\"CommentAction\",\"name\":\"Comment\",\"target\":[\"https:\/\/agriquipo.com\/blog\/agricultura\/cultivos\/el-cultivo-del-maiz-desde-la-siembra-a-la-cosecha\/#respond\"]}]},{\"@type\":\"WebPage\",\"@id\":\"https:\/\/agriquipo.com\/blog\/agricultura\/cultivos\/el-cultivo-del-maiz-desde-la-siembra-a-la-cosecha\/\",\"url\":\"https:\/\/agriquipo.com\/blog\/agricultura\/cultivos\/el-cultivo-del-maiz-desde-la-siembra-a-la-cosecha\/\",\"name\":\"\u226bEl Cultivo del Ma\u00edz: Desde la siembra a la cosecha | Agriquipo\",\"isPartOf\":{\"@id\":\"https:\/\/agriquipo.com\/blog\/#website\"},\"primaryImageOfPage\":{\"@id\":\"https:\/\/agriquipo.com\/blog\/agricultura\/cultivos\/el-cultivo-del-maiz-desde-la-siembra-a-la-cosecha\/#primaryimage\"},\"image\":{\"@id\":\"https:\/\/agriquipo.com\/blog\/agricultura\/cultivos\/el-cultivo-del-maiz-desde-la-siembra-a-la-cosecha\/#primaryimage\"},\"thumbnailUrl\":\"https:\/\/agriquipo.com\/blog\/wp-content\/uploads\/2022\/11\/cultivo-maiz-scaled.webp\",\"datePublished\":\"2022-11-24T13:42:34+00:00\",\"dateModified\":\"2022-11-24T13:45:52+00:00\",\"breadcrumb\":{\"@id\":\"https:\/\/agriquipo.com\/blog\/agricultura\/cultivos\/el-cultivo-del-maiz-desde-la-siembra-a-la-cosecha\/#breadcrumb\"},\"inLanguage\":\"es\",\"potentialAction\":[{\"@type\":\"ReadAction\",\"target\":[\"https:\/\/agriquipo.com\/blog\/agricultura\/cultivos\/el-cultivo-del-maiz-desde-la-siembra-a-la-cosecha\/\"]}]},{\"@type\":\"ImageObject\",\"inLanguage\":\"es\",\"@id\":\"https:\/\/agriquipo.com\/blog\/agricultura\/cultivos\/el-cultivo-del-maiz-desde-la-siembra-a-la-cosecha\/#primaryimage\",\"url\":\"https:\/\/agriquipo.com\/blog\/wp-content\/uploads\/2022\/11\/cultivo-maiz-scaled.webp\",\"contentUrl\":\"https:\/\/agriquipo.com\/blog\/wp-content\/uploads\/2022\/11\/cultivo-maiz-scaled.webp\",\"width\":2560,\"height\":1446},{\"@type\":\"BreadcrumbList\",\"@id\":\"https:\/\/agriquipo.com\/blog\/agricultura\/cultivos\/el-cultivo-del-maiz-desde-la-siembra-a-la-cosecha\/#breadcrumb\",\"itemListElement\":[{\"@type\":\"ListItem\",\"position\":1,\"name\":\"Inicio\",\"item\":\"https:\/\/agriquipo.com\/blog\/\"},{\"@type\":\"ListItem\",\"position\":2,\"name\":\"Agricultura\",\"item\":\"https:\/\/agriquipo.com\/blog\/agricultura\/\"},{\"@type\":\"ListItem\",\"position\":3,\"name\":\"Cultivos\",\"item\":\"https:\/\/agriquipo.com\/blog\/agricultura\/cultivos\/\"},{\"@type\":\"ListItem\",\"position\":4,\"name\":\"El Cultivo del Ma\u00edz: Desde la siembra a la cosecha\"}]},{\"@type\":\"WebSite\",\"@id\":\"https:\/\/agriquipo.com\/blog\/#website\",\"url\":\"https:\/\/agriquipo.com\/blog\/\",\"name\":\"Agriquipo, noticias agr\u00edcolas\",\"description\":\"\",\"publisher\":{\"@id\":\"https:\/\/agriquipo.com\/blog\/#organization\"},\"potentialAction\":[{\"@type\":\"SearchAction\",\"target\":{\"@type\":\"EntryPoint\",\"urlTemplate\":\"https:\/\/agriquipo.com\/blog\/?s={search_term_string}\"},\"query-input\":\"required name=search_term_string\"}],\"inLanguage\":\"es\"},{\"@type\":\"Organization\",\"@id\":\"https:\/\/agriquipo.com\/blog\/#organization\",\"name\":\"Agriquipo, noticias agr\u00edcolas\",\"url\":\"https:\/\/agriquipo.com\/blog\/\",\"logo\":{\"@type\":\"ImageObject\",\"inLanguage\":\"es\",\"@id\":\"https:\/\/agriquipo.com\/blog\/#\/schema\/logo\/image\/\",\"url\":\"https:\/\/agriquipo.com\/blog\/wp-content\/uploads\/2022\/09\/cropped-cropped-agriquipo.jpg\",\"contentUrl\":\"https:\/\/agriquipo.com\/blog\/wp-content\/uploads\/2022\/09\/cropped-cropped-agriquipo.jpg\",\"width\":296,\"height\":53,\"caption\":\"Agriquipo, noticias agr\u00edcolas\"},\"image\":{\"@id\":\"https:\/\/agriquipo.com\/blog\/#\/schema\/logo\/image\/\"}},{\"@type\":\"Person\",\"@id\":\"https:\/\/agriquipo.com\/blog\/#\/schema\/person\/37bd003ca0b8c0922de362951e177727\",\"name\":\"Jos\u00e9 M\u00aa D\u00edaz S\u00e1nchez\",\"image\":{\"@type\":\"ImageObject\",\"inLanguage\":\"es\",\"@id\":\"https:\/\/agriquipo.com\/blog\/#\/schema\/person\/image\/\",\"url\":\"https:\/\/secure.gravatar.com\/avatar\/f78b2388c99e4ca1df8a0929b03fd9c38291314cb70ee5431b63a88f250c3961?s=96&d=mm&r=g\",\"contentUrl\":\"https:\/\/secure.gravatar.com\/avatar\/f78b2388c99e4ca1df8a0929b03fd9c38291314cb70ee5431b63a88f250c3961?s=96&d=mm&r=g\",\"caption\":\"Jos\u00e9 M\u00aa D\u00edaz S\u00e1nchez\"},\"description\":\"Jos\u00e9 M\u00aa D\u00edaz S\u00e1nchez, Ingeriero T\u00e9cnico Agr\u00edcola. Profesional del campo y de la agricultura desde hace m\u00e1s de 20 a\u00f1os, asesorando a los agricultores y empresas agr\u00edcolas en su d\u00eda a d\u00eda\",\"sameAs\":[\"https:\/\/www.wikidata.org\/wiki\/Q108892695\"]}]}<\/script>\n<!-- \/ Yoast SEO Premium plugin. -->","yoast_head_json":{"title":"\u226bEl Cultivo del Ma\u00edz: Desde la siembra a la cosecha | Agriquipo","robots":{"index":"index","follow":"follow","max-snippet":"max-snippet:-1","max-image-preview":"max-image-preview:large","max-video-preview":"max-video-preview:-1"},"canonical":"https:\/\/agriquipo.com\/blog\/agricultura\/cultivos\/el-cultivo-del-maiz-desde-la-siembra-a-la-cosecha\/","og_locale":"es_ES","og_type":"article","og_title":"El Cultivo del Ma\u00edz: Desde la siembra a la cosecha","og_description":"... Leer m\u00e1s","og_url":"https:\/\/agriquipo.com\/blog\/agricultura\/cultivos\/el-cultivo-del-maiz-desde-la-siembra-a-la-cosecha\/","og_site_name":"Agriquipo, noticias agr\u00edcolas","article_published_time":"2022-11-24T13:42:34+00:00","article_modified_time":"2022-11-24T13:45:52+00:00","og_image":[{"width":2560,"height":1446,"url":"https:\/\/agriquipo.com\/blog\/wp-content\/uploads\/2022\/11\/cultivo-maiz-scaled.webp","type":"image\/webp"}],"author":"Jos\u00e9 M\u00aa D\u00edaz S\u00e1nchez","twitter_card":"summary_large_image","twitter_misc":{"Escrito por":"Jos\u00e9 M\u00aa D\u00edaz S\u00e1nchez","Tiempo de lectura":"8 minutos"},"schema":{"@context":"https:\/\/schema.org","@graph":[{"@type":"Article","@id":"https:\/\/agriquipo.com\/blog\/agricultura\/cultivos\/el-cultivo-del-maiz-desde-la-siembra-a-la-cosecha\/#article","isPartOf":{"@id":"https:\/\/agriquipo.com\/blog\/agricultura\/cultivos\/el-cultivo-del-maiz-desde-la-siembra-a-la-cosecha\/"},"author":{"name":"Jos\u00e9 M\u00aa D\u00edaz S\u00e1nchez","@id":"https:\/\/agriquipo.com\/blog\/#\/schema\/person\/37bd003ca0b8c0922de362951e177727"},"headline":"El Cultivo del Ma\u00edz: Desde la siembra a la cosecha","datePublished":"2022-11-24T13:42:34+00:00","dateModified":"2022-11-24T13:45:52+00:00","mainEntityOfPage":{"@id":"https:\/\/agriquipo.com\/blog\/agricultura\/cultivos\/el-cultivo-del-maiz-desde-la-siembra-a-la-cosecha\/"},"wordCount":1854,"commentCount":0,"publisher":{"@id":"https:\/\/agriquipo.com\/blog\/#organization"},"image":{"@id":"https:\/\/agriquipo.com\/blog\/agricultura\/cultivos\/el-cultivo-del-maiz-desde-la-siembra-a-la-cosecha\/#primaryimage"},"thumbnailUrl":"https:\/\/agriquipo.com\/blog\/wp-content\/uploads\/2022\/11\/cultivo-maiz-scaled.webp","articleSection":["Cultivos"],"inLanguage":"es","potentialAction":[{"@type":"CommentAction","name":"Comment","target":["https:\/\/agriquipo.com\/blog\/agricultura\/cultivos\/el-cultivo-del-maiz-desde-la-siembra-a-la-cosecha\/#respond"]}]},{"@type":"WebPage","@id":"https:\/\/agriquipo.com\/blog\/agricultura\/cultivos\/el-cultivo-del-maiz-desde-la-siembra-a-la-cosecha\/","url":"https:\/\/agriquipo.com\/blog\/agricultura\/cultivos\/el-cultivo-del-maiz-desde-la-siembra-a-la-cosecha\/","name":"\u226bEl Cultivo del Ma\u00edz: Desde la siembra a la cosecha | Agriquipo","isPartOf":{"@id":"https:\/\/agriquipo.com\/blog\/#website"},"primaryImageOfPage":{"@id":"https:\/\/agriquipo.com\/blog\/agricultura\/cultivos\/el-cultivo-del-maiz-desde-la-siembra-a-la-cosecha\/#primaryimage"},"image":{"@id":"https:\/\/agriquipo.com\/blog\/agricultura\/cultivos\/el-cultivo-del-maiz-desde-la-siembra-a-la-cosecha\/#primaryimage"},"thumbnailUrl":"https:\/\/agriquipo.com\/blog\/wp-content\/uploads\/2022\/11\/cultivo-maiz-scaled.webp","datePublished":"2022-11-24T13:42:34+00:00","dateModified":"2022-11-24T13:45:52+00:00","breadcrumb":{"@id":"https:\/\/agriquipo.com\/blog\/agricultura\/cultivos\/el-cultivo-del-maiz-desde-la-siembra-a-la-cosecha\/#breadcrumb"},"inLanguage":"es","potentialAction":[{"@type":"ReadAction","target":["https:\/\/agriquipo.com\/blog\/agricultura\/cultivos\/el-cultivo-del-maiz-desde-la-siembra-a-la-cosecha\/"]}]},{"@type":"ImageObject","inLanguage":"es","@id":"https:\/\/agriquipo.com\/blog\/agricultura\/cultivos\/el-cultivo-del-maiz-desde-la-siembra-a-la-cosecha\/#primaryimage","url":"https:\/\/agriquipo.com\/blog\/wp-content\/uploads\/2022\/11\/cultivo-maiz-scaled.webp","contentUrl":"https:\/\/agriquipo.com\/blog\/wp-content\/uploads\/2022\/11\/cultivo-maiz-scaled.webp","width":2560,"height":1446},{"@type":"BreadcrumbList","@id":"https:\/\/agriquipo.com\/blog\/agricultura\/cultivos\/el-cultivo-del-maiz-desde-la-siembra-a-la-cosecha\/#breadcrumb","itemListElement":[{"@type":"ListItem","position":1,"name":"Inicio","item":"https:\/\/agriquipo.com\/blog\/"},{"@type":"ListItem","position":2,"name":"Agricultura","item":"https:\/\/agriquipo.com\/blog\/agricultura\/"},{"@type":"ListItem","position":3,"name":"Cultivos","item":"https:\/\/agriquipo.com\/blog\/agricultura\/cultivos\/"},{"@type":"ListItem","position":4,"name":"El Cultivo del Ma\u00edz: Desde la siembra a la cosecha"}]},{"@type":"WebSite","@id":"https:\/\/agriquipo.com\/blog\/#website","url":"https:\/\/agriquipo.com\/blog\/","name":"Agriquipo, noticias agr\u00edcolas","description":"","publisher":{"@id":"https:\/\/agriquipo.com\/blog\/#organization"},"potentialAction":[{"@type":"SearchAction","target":{"@type":"EntryPoint","urlTemplate":"https:\/\/agriquipo.com\/blog\/?s={search_term_string}"},"query-input":"required name=search_term_string"}],"inLanguage":"es"},{"@type":"Organization","@id":"https:\/\/agriquipo.com\/blog\/#organization","name":"Agriquipo, noticias agr\u00edcolas","url":"https:\/\/agriquipo.com\/blog\/","logo":{"@type":"ImageObject","inLanguage":"es","@id":"https:\/\/agriquipo.com\/blog\/#\/schema\/logo\/image\/","url":"https:\/\/agriquipo.com\/blog\/wp-content\/uploads\/2022\/09\/cropped-cropped-agriquipo.jpg","contentUrl":"https:\/\/agriquipo.com\/blog\/wp-content\/uploads\/2022\/09\/cropped-cropped-agriquipo.jpg","width":296,"height":53,"caption":"Agriquipo, noticias agr\u00edcolas"},"image":{"@id":"https:\/\/agriquipo.com\/blog\/#\/schema\/logo\/image\/"}},{"@type":"Person","@id":"https:\/\/agriquipo.com\/blog\/#\/schema\/person\/37bd003ca0b8c0922de362951e177727","name":"Jos\u00e9 M\u00aa D\u00edaz S\u00e1nchez","image":{"@type":"ImageObject","inLanguage":"es","@id":"https:\/\/agriquipo.com\/blog\/#\/schema\/person\/image\/","url":"https:\/\/secure.gravatar.com\/avatar\/f78b2388c99e4ca1df8a0929b03fd9c38291314cb70ee5431b63a88f250c3961?s=96&d=mm&r=g","contentUrl":"https:\/\/secure.gravatar.com\/avatar\/f78b2388c99e4ca1df8a0929b03fd9c38291314cb70ee5431b63a88f250c3961?s=96&d=mm&r=g","caption":"Jos\u00e9 M\u00aa D\u00edaz S\u00e1nchez"},"description":"Jos\u00e9 M\u00aa D\u00edaz S\u00e1nchez, Ingeriero T\u00e9cnico Agr\u00edcola. Profesional del campo y de la agricultura desde hace m\u00e1s de 20 a\u00f1os, asesorando a los agricultores y empresas agr\u00edcolas en su d\u00eda a d\u00eda","sameAs":["https:\/\/www.wikidata.org\/wiki\/Q108892695"]}]}},"_links":{"self":[{"href":"https:\/\/agriquipo.com\/blog\/wp-json\/wp\/v2\/posts\/3092","targetHints":{"allow":["GET"]}}],"collection":[{"href":"https:\/\/agriquipo.com\/blog\/wp-json\/wp\/v2\/posts"}],"about":[{"href":"https:\/\/agriquipo.com\/blog\/wp-json\/wp\/v2\/types\/post"}],"author":[{"embeddable":true,"href":"https:\/\/agriquipo.com\/blog\/wp-json\/wp\/v2\/users\/1"}],"replies":[{"embeddable":true,"href":"https:\/\/agriquipo.com\/blog\/wp-json\/wp\/v2\/comments?post=3092"}],"version-history":[{"count":1,"href":"https:\/\/agriquipo.com\/blog\/wp-json\/wp\/v2\/posts\/3092\/revisions"}],"predecessor-version":[{"id":3094,"href":"https:\/\/agriquipo.com\/blog\/wp-json\/wp\/v2\/posts\/3092\/revisions\/3094"}],"wp:featuredmedia":[{"embeddable":true,"href":"https:\/\/agriquipo.com\/blog\/wp-json\/wp\/v2\/media\/3096"}],"wp:attachment":[{"href":"https:\/\/agriquipo.com\/blog\/wp-json\/wp\/v2\/media?parent=3092"}],"wp:term":[{"taxonomy":"category","embeddable":true,"href":"https:\/\/agriquipo.com\/blog\/wp-json\/wp\/v2\/categories?post=3092"},{"taxonomy":"post_tag","embeddable":true,"href":"https:\/\/agriquipo.com\/blog\/wp-json\/wp\/v2\/tags?post=3092"}],"curies":[{"name":"wp","href":"https:\/\/api.w.org\/{rel}","templated":true}]}}