{"id":2883,"date":"2022-10-25T09:43:52","date_gmt":"2022-10-25T09:43:52","guid":{"rendered":"https:\/\/agriquipo.com\/blog\/?p=2883"},"modified":"2022-10-25T09:43:54","modified_gmt":"2022-10-25T09:43:54","slug":"cultivo-lavanda","status":"publish","type":"post","link":"https:\/\/agriquipo.com\/blog\/agricultura\/cultivos\/cultivo-lavanda\/","title":{"rendered":"Cultivo de la Lavanda: Gu\u00eda completa para su cultivo"},"content":{"rendered":"\n\n<div class=\"kk-star-ratings kksr-auto kksr-align-left kksr-valign-top\"\n    data-payload='{&quot;align&quot;:&quot;left&quot;,&quot;id&quot;:&quot;2883&quot;,&quot;slug&quot;:&quot;default&quot;,&quot;valign&quot;:&quot;top&quot;,&quot;ignore&quot;:&quot;&quot;,&quot;reference&quot;:&quot;auto&quot;,&quot;class&quot;:&quot;&quot;,&quot;count&quot;:&quot;18&quot;,&quot;legendonly&quot;:&quot;&quot;,&quot;readonly&quot;:&quot;&quot;,&quot;score&quot;:&quot;4.8&quot;,&quot;starsonly&quot;:&quot;&quot;,&quot;best&quot;:&quot;5&quot;,&quot;gap&quot;:&quot;5&quot;,&quot;greet&quot;:&quot;Valora este post&quot;,&quot;legend&quot;:&quot;4.8\\\/5 - (18 votos)&quot;,&quot;size&quot;:&quot;24&quot;,&quot;title&quot;:&quot;Cultivo de la Lavanda: Gu\\u00eda completa para su cultivo&quot;,&quot;width&quot;:&quot;136.7&quot;,&quot;_legend&quot;:&quot;{score}\\\/{best} - ({count} {votes})&quot;,&quot;font_factor&quot;:&quot;1.25&quot;}'>\n            \n<div class=\"kksr-stars\">\n    \n<div class=\"kksr-stars-inactive\">\n            <div class=\"kksr-star\" data-star=\"1\" style=\"padding-right: 5px\">\n            \n\n<div class=\"kksr-icon\" style=\"width: 24px; height: 24px;\"><\/div>\n        <\/div>\n            <div class=\"kksr-star\" data-star=\"2\" style=\"padding-right: 5px\">\n            \n\n<div class=\"kksr-icon\" style=\"width: 24px; height: 24px;\"><\/div>\n        <\/div>\n            <div class=\"kksr-star\" data-star=\"3\" style=\"padding-right: 5px\">\n            \n\n<div class=\"kksr-icon\" style=\"width: 24px; height: 24px;\"><\/div>\n        <\/div>\n            <div class=\"kksr-star\" data-star=\"4\" style=\"padding-right: 5px\">\n            \n\n<div class=\"kksr-icon\" style=\"width: 24px; height: 24px;\"><\/div>\n        <\/div>\n            <div class=\"kksr-star\" data-star=\"5\" style=\"padding-right: 5px\">\n            \n\n<div class=\"kksr-icon\" style=\"width: 24px; height: 24px;\"><\/div>\n        <\/div>\n    <\/div>\n    \n<div class=\"kksr-stars-active\" style=\"width: 136.7px;\">\n            <div class=\"kksr-star\" style=\"padding-right: 5px\">\n            \n\n<div class=\"kksr-icon\" style=\"width: 24px; height: 24px;\"><\/div>\n        <\/div>\n            <div class=\"kksr-star\" style=\"padding-right: 5px\">\n            \n\n<div class=\"kksr-icon\" style=\"width: 24px; height: 24px;\"><\/div>\n        <\/div>\n            <div class=\"kksr-star\" style=\"padding-right: 5px\">\n            \n\n<div class=\"kksr-icon\" style=\"width: 24px; height: 24px;\"><\/div>\n        <\/div>\n            <div class=\"kksr-star\" style=\"padding-right: 5px\">\n            \n\n<div class=\"kksr-icon\" style=\"width: 24px; height: 24px;\"><\/div>\n        <\/div>\n            <div class=\"kksr-star\" style=\"padding-right: 5px\">\n            \n\n<div class=\"kksr-icon\" style=\"width: 24px; height: 24px;\"><\/div>\n        <\/div>\n    <\/div>\n<\/div>\n                \n\n<div class=\"kksr-legend\" style=\"font-size: 19.2px;\">\n            4.8\/5 - (18 votos)    <\/div>\n    <\/div>\n\n<p>Entre las mejores plantas <strong><span style=\"background-color: yellow;\"><a href=\"https:\/\/agriquipo.com\/blog\/agricultura\/cultivos\/como-cultivar-plantas-aromaticas-en-casa\/\">arom\u00e1ticas<\/a><\/span><\/strong> se encuentra la lavanda, es una excelente opci\u00f3n para tenerla en casa.<\/p>\n\n\n\n<p>Es importante mencionar que la lavanda requiere de cuidados sencillos; no solo brinda un perfume irresistible, tambi\u00e9n, es placentero disfrutar de su belleza natural. El&nbsp;<strong>cultivo de la lavanda<\/strong>&nbsp;tiene un aroma a verano, a naturaleza y es una medicina natural.&nbsp;<\/p>\n\n\n\n<p>La lavanda tiene un car\u00e1cter r\u00fastico que no necesita mucho de nuestra ayuda para florecer durante el verano. Cabe destacar, que la planta crece en zonas rocosas y en mucho sol, es por ello por lo que es un punto clave entre sus pocas necesidades.&nbsp;<\/p>\n\n\n\n<div id=\"ez-toc-container\" class=\"ez-toc-v2_0_66_1 counter-hierarchy ez-toc-counter ez-toc-grey ez-toc-container-direction\">\n<div class=\"ez-toc-title-container\">\n<p class=\"ez-toc-title \" >&Iacute;ndice<\/p>\n<span class=\"ez-toc-title-toggle\"><a href=\"#\" class=\"ez-toc-pull-right ez-toc-btn ez-toc-btn-xs ez-toc-btn-default ez-toc-toggle\" aria-label=\"Toggle Table of Content\"><span class=\"ez-toc-js-icon-con\"><span class=\"\"><span class=\"eztoc-hide\" style=\"display:none;\">Toggle<\/span><span class=\"ez-toc-icon-toggle-span\"><svg style=\"fill: #999;color:#999\" xmlns=\"http:\/\/www.w3.org\/2000\/svg\" class=\"list-377408\" width=\"20px\" height=\"20px\" viewBox=\"0 0 24 24\" fill=\"none\"><path d=\"M6 6H4v2h2V6zm14 0H8v2h12V6zM4 11h2v2H4v-2zm16 0H8v2h12v-2zM4 16h2v2H4v-2zm16 0H8v2h12v-2z\" fill=\"currentColor\"><\/path><\/svg><svg style=\"fill: #999;color:#999\" class=\"arrow-unsorted-368013\" xmlns=\"http:\/\/www.w3.org\/2000\/svg\" width=\"10px\" height=\"10px\" viewBox=\"0 0 24 24\" version=\"1.2\" baseProfile=\"tiny\"><path d=\"M18.2 9.3l-6.2-6.3-6.2 6.3c-.2.2-.3.4-.3.7s.1.5.3.7c.2.2.4.3.7.3h11c.3 0 .5-.1.7-.3.2-.2.3-.5.3-.7s-.1-.5-.3-.7zM5.8 14.7l6.2 6.3 6.2-6.3c.2-.2.3-.5.3-.7s-.1-.5-.3-.7c-.2-.2-.4-.3-.7-.3h-11c-.3 0-.5.1-.7.3-.2.2-.3.5-.3.7s.1.5.3.7z\"\/><\/svg><\/span><\/span><\/span><\/a><\/span><\/div>\n<nav><ul class='ez-toc-list ez-toc-list-level-1 eztoc-toggle-hide-by-default' ><li class='ez-toc-page-1 ez-toc-heading-level-2'><a class=\"ez-toc-link ez-toc-heading-1\" href=\"https:\/\/agriquipo.com\/blog\/agricultura\/cultivos\/cultivo-lavanda\/#El_cultivo_de_la_lavanda_y_el_comercio\" title=\"El cultivo de la lavanda y el comercio\">El cultivo de la lavanda y el comercio<\/a><\/li><li class='ez-toc-page-1 ez-toc-heading-level-2'><a class=\"ez-toc-link ez-toc-heading-2\" href=\"https:\/\/agriquipo.com\/blog\/agricultura\/cultivos\/cultivo-lavanda\/#%C2%BFCuales_son_las_particularidades_de_la_lavanda\" title=\"\u00bfCu\u00e1les son las particularidades de la lavanda?\">\u00bfCu\u00e1les son las particularidades de la lavanda?<\/a><ul class='ez-toc-list-level-3' ><li class='ez-toc-heading-level-3'><a class=\"ez-toc-link ez-toc-heading-3\" href=\"https:\/\/agriquipo.com\/blog\/agricultura\/cultivos\/cultivo-lavanda\/#Crecimiento_de_la_lavanda\" title=\"Crecimiento de la lavanda\">Crecimiento de la lavanda<\/a><\/li><li class='ez-toc-page-1 ez-toc-heading-level-3'><a class=\"ez-toc-link ez-toc-heading-4\" href=\"https:\/\/agriquipo.com\/blog\/agricultura\/cultivos\/cultivo-lavanda\/#Flores\" title=\"Flores\">Flores<\/a><\/li><li class='ez-toc-page-1 ez-toc-heading-level-3'><a class=\"ez-toc-link ez-toc-heading-5\" href=\"https:\/\/agriquipo.com\/blog\/agricultura\/cultivos\/cultivo-lavanda\/#Hojas\" title=\"Hojas\">Hojas<\/a><\/li><\/ul><\/li><li class='ez-toc-page-1 ez-toc-heading-level-2'><a class=\"ez-toc-link ez-toc-heading-6\" href=\"https:\/\/agriquipo.com\/blog\/agricultura\/cultivos\/cultivo-lavanda\/#%C2%BFCuales_son_los_pasos_para_cultivar_la_lavanda\" title=\"\u00bfCu\u00e1les son los pasos para cultivar la lavanda?\">\u00bfCu\u00e1les son los pasos para cultivar la lavanda?<\/a><\/li><li class='ez-toc-page-1 ez-toc-heading-level-2'><a class=\"ez-toc-link ez-toc-heading-7\" href=\"https:\/\/agriquipo.com\/blog\/agricultura\/cultivos\/cultivo-lavanda\/#Cultivar_la_lavanda_en_5_pasos\" title=\"Cultivar la lavanda en 5 pasos\">Cultivar la lavanda en 5 pasos<\/a><ul class='ez-toc-list-level-3' ><li class='ez-toc-heading-level-3'><a class=\"ez-toc-link ez-toc-heading-8\" href=\"https:\/\/agriquipo.com\/blog\/agricultura\/cultivos\/cultivo-lavanda\/#Tipo_de_sustrato\" title=\"Tipo de sustrato\">Tipo de sustrato<\/a><\/li><li class='ez-toc-page-1 ez-toc-heading-level-3'><a class=\"ez-toc-link ez-toc-heading-9\" href=\"https:\/\/agriquipo.com\/blog\/agricultura\/cultivos\/cultivo-lavanda\/#Plantacion_de_la_lavanda\" title=\"Plantaci\u00f3n de la lavanda\">Plantaci\u00f3n de la lavanda<\/a><\/li><li class='ez-toc-page-1 ez-toc-heading-level-3'><a class=\"ez-toc-link ez-toc-heading-10\" href=\"https:\/\/agriquipo.com\/blog\/agricultura\/cultivos\/cultivo-lavanda\/#El_riego_de_la_lavanda\" title=\"El riego de la lavanda\">El riego de la lavanda<\/a><\/li><li class='ez-toc-page-1 ez-toc-heading-level-3'><a class=\"ez-toc-link ez-toc-heading-11\" href=\"https:\/\/agriquipo.com\/blog\/agricultura\/cultivos\/cultivo-lavanda\/#Necesidades_de_la_lavanda\" title=\"Necesidades de la lavanda\">Necesidades de la lavanda<\/a><\/li><li class='ez-toc-page-1 ez-toc-heading-level-3'><a class=\"ez-toc-link ez-toc-heading-12\" href=\"https:\/\/agriquipo.com\/blog\/agricultura\/cultivos\/cultivo-lavanda\/#La_poda_de_la_lavanda\" title=\"La poda de la lavanda\">La poda de la lavanda<\/a><\/li><\/ul><\/li><li class='ez-toc-page-1 ez-toc-heading-level-2'><a class=\"ez-toc-link ez-toc-heading-13\" href=\"https:\/\/agriquipo.com\/blog\/agricultura\/cultivos\/cultivo-lavanda\/#%C2%BFComo_es_la_multiplicacion_de_lavanda_por_semillas\" title=\"\u00bfC\u00f3mo es la multiplicaci\u00f3n de lavanda por semillas?\">\u00bfC\u00f3mo es la multiplicaci\u00f3n de lavanda por semillas?<\/a><\/li><li class='ez-toc-page-1 ez-toc-heading-level-2'><a class=\"ez-toc-link ez-toc-heading-14\" href=\"https:\/\/agriquipo.com\/blog\/agricultura\/cultivos\/cultivo-lavanda\/#Las_plagas_y_enfermedades_de_la_lavanda\" title=\"Las plagas y enfermedades de la lavanda\">Las plagas y enfermedades de la lavanda<\/a><ul class='ez-toc-list-level-3' ><li class='ez-toc-heading-level-3'><a class=\"ez-toc-link ez-toc-heading-15\" href=\"https:\/\/agriquipo.com\/blog\/agricultura\/cultivos\/cultivo-lavanda\/#Plagas\" title=\"Plagas\">Plagas<\/a><\/li><li class='ez-toc-page-1 ez-toc-heading-level-3'><a class=\"ez-toc-link ez-toc-heading-16\" href=\"https:\/\/agriquipo.com\/blog\/agricultura\/cultivos\/cultivo-lavanda\/#Enfermedades\" title=\"Enfermedades\">Enfermedades<\/a><\/li><li class='ez-toc-page-1 ez-toc-heading-level-3'><a class=\"ez-toc-link ez-toc-heading-17\" href=\"https:\/\/agriquipo.com\/blog\/agricultura\/cultivos\/cultivo-lavanda\/#La_tristeza_de_la_lavanda\" title=\"La tristeza de la lavanda\">La tristeza de la lavanda<\/a><\/li><\/ul><\/li><\/ul><\/nav><\/div>\n<h2 class=\"wp-block-heading\" id=\"h-el-cultivo-de-la-lavanda-y-el-comercio\"><span class=\"ez-toc-section\" id=\"El_cultivo_de_la_lavanda_y_el_comercio\"><\/span><strong>El cultivo de la lavanda y el comercio<\/strong><span class=\"ez-toc-section-end\"><\/span><\/h2>\n\n\n\n<p>La lavanda se encuentra entre los mejores cultivos comerciales, ya que se obtienen flores secas o frescas y su&nbsp;<strong>aceite esencial<\/strong>.&nbsp;<\/p>\n\n\n\n<p>Es una planta que se cultiva en un ambiente promedio y produce varios productos para la industria como; alimentos, fragancia, farmac\u00e9utica, cosm\u00e9tica, detergentes,&nbsp;<strong><strong><span style=\"background-color: yellow;\"><a href=\"https:\/\/agriquipo.com\/blog\/agricultura\/wikicultivos\/como-surgio-la-agricultura\/\">agricultura<\/a><\/span><\/strong><\/strong>, entre otros.&nbsp;<\/p>\n\n\n\n<p>El&nbsp;<strong>cultivo de la lavanda<\/strong>&nbsp;es de manera profesional, adem\u00e1s, las plantas de lavanda saludables y productivas tienen un promedio de vida de 12 a\u00f1os. Aunque, si la producci\u00f3n de lavanda es notable y constante, permanece por 20 a\u00f1os.&nbsp;<\/p>\n\n\n\n<p>Para que las plantas se mantengan hasta la pr\u00f3xima d\u00e9cada, es importante investigar detalladamente a especie de lavanda adecuada a las necesidades del mercado. Adem\u00e1s, de conocer sus usos, es esencial saber en qu\u00e9 clima y suelo se ajusta la especie en la regi\u00f3n.&nbsp;<\/p>\n\n\n\n<p>Por ejemplo, un buen sol y drenaje son fundamentales, aunque, varias especies pueden cultivarse en climas fr\u00edos a subtropicales.&nbsp;<\/p>\n\n\n\n<p>La planta de lavanda es resistente y se cultiva en un suelo bien drenado; sin embargo, puede progresar en ciertos climas y suelos.&nbsp;<\/p>\n\n\n\n<p>Igualmente, una planta promedio es capaz de sobrevivir sin agua o fertilizaci\u00f3n. No obstante, el cultivo comercial de lavanda necesita de una serie de actividades por cumplir.&nbsp;<\/p>\n\n\n\n<p>Los procesos para el&nbsp;<strong>cultivo de la lavanda<\/strong>&nbsp;constituyen gran parte de los costos. Asimismo, el resto de los procesamientos, almacenamiento y destilaci\u00f3n son m\u00e9todos importantes para la calidad final del&nbsp;<strong>aceite esencial<\/strong>&nbsp;a obtener.&nbsp;<\/p>\n\n\n\n<h2 class=\"wp-block-heading\" id=\"h-cuales-son-las-particularidades-de-la-lavanda\"><span class=\"ez-toc-section\" id=\"%C2%BFCuales_son_las_particularidades_de_la_lavanda\"><\/span><strong>\u00bfCu\u00e1les son las particularidades de la lavanda?<\/strong><span class=\"ez-toc-section-end\"><\/span><\/h2>\n\n\n\n<p>La lavanda forma parte de las plantas end\u00e9micas en la zona del mediterr\u00e1neo, porque se ven crecer sin control. Es conocida vulgarmente como espliego se cultiva por sus propiedades medicinales, ornamentales y aroma para el jard\u00edn.&nbsp;<\/p>\n\n\n\n<p>Estas&nbsp;<strong><a href=\"https:\/\/www.google.com\/search?kgmid=\/m\/01bp4g\">hierbas arom\u00e1ticas<\/a>&nbsp;<\/strong>se conocen cuenta hasta 60 especies. Su g\u00e9nero cient\u00edfico es<strong>&nbsp;Lav\u00e1ndula angustifolia<\/strong>. Entre las subespecies m\u00e1s reconocidas en la Pen\u00ednsula Ib\u00e9rica son especies naturales: Lav\u00e1ndula dentata, Lavandula lanata,&nbsp;<strong>Lavandula angustifolia<\/strong>&nbsp;pirenaica,&nbsp;<strong>Lavandula stoechas<\/strong>&nbsp;y Lavandula viridis.&nbsp;<\/p>\n\n\n\n<p>En cuanto a las especies h\u00edbridas son:&nbsp;<strong>Lavandula angustifolia<\/strong>&nbsp;pyrenaca x latifolia, Lavandula dentata x lanata, Lavandula dentata x latifolia y&nbsp;<strong>Lavandula stoechas<\/strong>&nbsp;x viridis.&nbsp;<\/p>\n\n\n\n<h3 class=\"wp-block-heading\" id=\"h-crecimiento-de-la-lavanda\"><span class=\"ez-toc-section\" id=\"Crecimiento_de_la_lavanda\"><\/span><strong>Crecimiento de la lavanda<\/strong><span class=\"ez-toc-section-end\"><\/span><\/h3>\n\n\n\n<p>En general, de porte rastrero, adem\u00e1s como arbusto mediterr\u00e1neo, pasa del metro de altura. Las flores de la lavanda la convierten en una&nbsp;<strong><a href=\"https:\/\/www.google.com\/search?kgmid=\/m\/01fpl7\">planta ornamental<\/a><\/strong>&nbsp;porque tiene propiedades en farmacia y perfumer\u00eda.&nbsp;<\/p>\n\n\n\n<h3 class=\"wp-block-heading\" id=\"h-flores\"><span class=\"ez-toc-section\" id=\"Flores\"><\/span><strong>Flores<\/strong><span class=\"ez-toc-section-end\"><\/span><\/h3>\n\n\n\n<p>Tienen una forma de esp\u00e1dice y llega a medir hasta 9 cm. El c\u00e1liz, la parte de abajo la conforman vellosidades y un color morado oscuro. En cambio, la parte superior la forman br\u00e1cteas de un color m\u00e1s claro. El campo de lavanda tiene una mezcla de colores viol\u00e1ceos con tonalidades que muestran un paisaje impresionante.&nbsp;<\/p>\n\n\n\n<p>La lavanda tiene un periodo de floraci\u00f3n a mediados de primavera y permanece hasta finales de verano.&nbsp;<\/p>\n\n\n\n<h3 class=\"wp-block-heading\" id=\"h-hojas\"><span class=\"ez-toc-section\" id=\"Hojas\"><\/span><strong>Hojas<\/strong><span class=\"ez-toc-section-end\"><\/span><\/h3>\n\n\n\n<p>Tiene peque\u00f1as hojas carnosas y pelosas. Son muy resistentes y cuenta con tonalidades verdes gris\u00e1ceas. Adem\u00e1s, al rozar la mano quedan impregnadas de sus aceites esenciales.&nbsp;<\/p>\n\n\n\n<h2 class=\"wp-block-heading\" id=\"h-cuales-son-los-pasos-para-cultivar-la-lavanda\"><span class=\"ez-toc-section\" id=\"%C2%BFCuales_son_los_pasos_para_cultivar_la_lavanda\"><\/span><strong>\u00bfCu\u00e1les son los pasos para cultivar la lavanda?<\/strong><span class=\"ez-toc-section-end\"><\/span><\/h2>\n\n\n\n<p>La lavanda es ideal para formar parte de borduras, porque al llegar la floraci\u00f3n suele ser m\u00e1s llamativa.&nbsp;<\/p>\n\n\n\n<h2 class=\"wp-block-heading\" id=\"h-cultivar-la-lavanda-en-5-pasos\"><span class=\"ez-toc-section\" id=\"Cultivar_la_lavanda_en_5_pasos\"><\/span><strong>Cultivar la lavanda en 5 pasos<\/strong><span class=\"ez-toc-section-end\"><\/span><\/h2>\n\n\n\n<h3 class=\"wp-block-heading\" id=\"h-tipo-de-sustrato\"><span class=\"ez-toc-section\" id=\"Tipo_de_sustrato\"><\/span><strong>Tipo de sustrato<\/strong><span class=\"ez-toc-section-end\"><\/span><\/h3>\n\n\n\n<p>La&nbsp;<strong>lavanda requiere de un sustrato alcalino<\/strong>&nbsp;con un pH elevado para que el crecimiento sea correcto. Si el suelo es \u00e1cido, se debe compensar la acidez con un sustrato especial para aplicarlo de manera peri\u00f3dica. Tambi\u00e9n, se a\u00f1ade cal para aumentar el pH.&nbsp;<\/p>\n\n\n\n<p>Adem\u00e1s, debe tener un buen drenaje. Para esto, un suelo arenoso es ideal porque facilita la evacuaci\u00f3n de agua, esto evitar\u00eda todo rastro de humedad.&nbsp;<\/p>\n\n\n\n<p>Es importante tener en cuenta este factor porque las ra\u00edces no resisten los encharcamientos en el a\u00f1o. As\u00ed como en invierno, que llegan a congelar las ra\u00edces y la planta puede morir.<\/p>\n\n\n\n<h3 class=\"wp-block-heading\" id=\"h-plantacion-de-la-lavanda\"><span class=\"ez-toc-section\" id=\"Plantacion_de_la_lavanda\"><\/span><strong>Plantaci\u00f3n de la lavanda<\/strong><span class=\"ez-toc-section-end\"><\/span><\/h3>\n\n\n\n<p>En una maceta se puede plantar la lavanda, es decir, no hay una zona espec\u00edfica con caracter\u00edsticas necesarias. Pero hay que tener en cuenta un di\u00e1metro entre 30 y 40 cm en el suelo o en maceta.&nbsp;<\/p>\n\n\n\n<p>Es esencial que tenga buena aireaci\u00f3n, es decir, evitar plantarla alejadas de otras plantas, es una manera de prever el tama\u00f1o que puedan alcanzar al crecer. Es una manera de que el crecimiento sea normal.&nbsp;<\/p>\n\n\n\n<p>De igual manera, la planta necesita de pleno sol por 6 horas al d\u00eda. Es una manera para evitar, si se planta en tierra, que est\u00e9 cerca de \u00e1rboles que le roben la luz solar.&nbsp;<\/p>\n\n\n\n<h3 class=\"wp-block-heading\" id=\"h-el-riego-de-la-lavanda\"><span class=\"ez-toc-section\" id=\"El_riego_de_la_lavanda\"><\/span><strong>El riego de la lavanda<\/strong><span class=\"ez-toc-section-end\"><\/span><\/h3>\n\n\n\n<p>Por su car\u00e1cter r\u00fastico, la lavanda soporta considerablemente la ausencia de agua. Aunque, se debe prestar atenci\u00f3n al riego moderado. Es fundamental, evitar mojar las flores y ramas, porque se corre el riesgo de que la planta proliferen hongos.&nbsp;<\/p>\n\n\n\n<p>En los meses de fr\u00edo, el riego debe ser en horas centrales en el d\u00eda, esto evitar\u00eda al llegar la noche, las ra\u00edces guarden humedad. En los meses de calor, el riego es regular, una vez por semana y cuando el sustrato est\u00e9 seco, ya que, si conserva humedad, hay que esperar hasta volver a regar.<\/p>\n\n\n\n<h3 class=\"wp-block-heading\" id=\"h-necesidades-de-la-lavanda\"><span class=\"ez-toc-section\" id=\"Necesidades_de_la_lavanda\"><\/span><strong>Necesidades de la lavanda<\/strong><span class=\"ez-toc-section-end\"><\/span><\/h3>\n\n\n\n<p>La fertilizaci\u00f3n no es una exigencia, pues como buen arbusto r\u00fastico y la calidad del suelo, llegar\u00eda a provocar la p\u00e9rdida del aroma. En cambio, si el suelo es muy pobre o plantada en macetas, se recomienda fielmente un poco de&nbsp;<strong><strong><span style=\"background-color: yellow;\"><a href=\"https:\/\/agriquipo.com\/blog\/agricultura\/wikicultivos\/fertilizantes\/\">fertilizante<\/a><\/span><\/strong><\/strong>&nbsp;antes de la floraci\u00f3n.<\/p>\n\n\n\n<h3 class=\"wp-block-heading\" id=\"h-la-poda-de-la-lavanda\"><span class=\"ez-toc-section\" id=\"La_poda_de_la_lavanda\"><\/span><strong>La poda de la lavanda<\/strong><span class=\"ez-toc-section-end\"><\/span><\/h3>\n\n\n\n<p>La poda es importante, no hay que confundirlo con recoger las flores, ya que su finalidad es decorativa o&nbsp;<strong><a href=\"https:\/\/es.wikipedia.org\/wiki\/Planta_medicinal\">planta medicinal<\/a><\/strong>. Al llegar la primavera o del oto\u00f1o, antes o despu\u00e9s de la floraci\u00f3n, es recomendable hacer una peque\u00f1a poda que no supera la mitad del tama\u00f1o de la planta. Esto estimular\u00eda el crecimiento de otras ramas y flores.&nbsp;<\/p>\n\n\n\n<p>Es un proceso que se hace en las lavandas est\u00e9n preparadas estableciendo una bordura, con una diferencia. Entonces, al podarla en altura, hay que hacerlo en contorno con la forma deseada y que el cierre tenga la misma est\u00e9tica.&nbsp;<\/p>\n\n\n\n<p>En este sentido, en los meses de verano la fragancia es aut\u00e9ntica y desbordante. Adem\u00e1s, es un im\u00e1n de la fauna y es obligatoria para la sostenibilidad de la naturaleza.&nbsp;<\/p>\n\n\n\n<h2 class=\"wp-block-heading\" id=\"h-como-es-la-multiplicacion-de-lavanda-por-semillas\"><span class=\"ez-toc-section\" id=\"%C2%BFComo_es_la_multiplicacion_de_lavanda_por_semillas\"><\/span><strong>\u00bfC\u00f3mo es la multiplicaci\u00f3n de lavanda por semillas?<\/strong><span class=\"ez-toc-section-end\"><\/span><\/h2>\n\n\n\n<p>La&nbsp;<strong>germinaci\u00f3n de semillas de lavanda es muy sencilla<\/strong>, pero tarda en germinar. Las semillas es una planta que se adquiere en un centro de jardiner\u00eda y por internet.&nbsp;<\/p>\n\n\n\n<p>Adem\u00e1s, hay que tener cierta paciencia que no todos tienen. Se trata entre 1 y 3 meses para la germinaci\u00f3n, es decir, que es bastante lenta.&nbsp;<\/p>\n\n\n\n<p>Hay ocasiones que sucede en 15 d\u00edas, pero esto depende de la subespecie de la planta y ciertas condiciones para el almacenamiento. Para la siembra, se necesita una temperatura c\u00e1lida entre 15 a 20\u00baC y ciertas condiciones de humedad en el sustrato y buena iluminaci\u00f3n.&nbsp;<\/p>\n\n\n\n<p>Hay lugares cuando inicia la primavera se cuenta con buenas condiciones para la <strong><span style=\"background-color: yellow;\"><a href=\"https:\/\/agriquipo.com\/blog\/agricultura\/wikicultivos\/siembra-directa\/\">siembra directa<\/a><\/span><\/strong>. Cuando sucede lo contrario, se usa un semillero o germinarla en macetas en el interior de la casa, cerca de las ventanas para la entrada de luz.&nbsp;<\/p>\n\n\n\n<p>Para recolectar las semillas de manera independiente, se puede hacer estrujando las flores al terminar la producci\u00f3n, esto sucede a finales del verano.&nbsp;<\/p>\n\n\n\n<p>Se conservan en un lugar seco y fresco, de preferencia un tarro de cristal, para que al inicio de primavera se planten, para ello se necesita de una temperatura m\u00ednima de 15\u00baC.&nbsp;<\/p>\n\n\n\n<h2 class=\"wp-block-heading\" id=\"h-las-plagas-y-enfermedades-de-la-lavanda\"><span class=\"ez-toc-section\" id=\"Las_plagas_y_enfermedades_de_la_lavanda\"><\/span><strong>Las plagas y enfermedades de la lavanda<\/strong><span class=\"ez-toc-section-end\"><\/span><\/h2>\n\n\n\n<p>Es una planta que puede llegar a sufrir plagas y enfermedades como cualquier especie bot\u00e1nica.&nbsp;<\/p>\n\n\n\n<h3 class=\"wp-block-heading\" id=\"h-plagas\"><span class=\"ez-toc-section\" id=\"Plagas\"><\/span><strong>Plagas<\/strong><span class=\"ez-toc-section-end\"><\/span><\/h3>\n\n\n\n<p>La plaga m\u00e1s com\u00fan es la cochinilla algodonosa. Esta se encuentra en tallos reci\u00e9n brotados o en los m\u00e1s le\u00f1osos. Esto debilita la planta y succiona la savia.<\/p>\n\n\n\n<h3 class=\"wp-block-heading\" id=\"h-enfermedades\"><span class=\"ez-toc-section\" id=\"Enfermedades\"><\/span><strong>Enfermedades<\/strong><span class=\"ez-toc-section-end\"><\/span><\/h3>\n\n\n\n<p>Se relacionan con el exceso de humedad durante el periodo de lluvia y el exceso de riego en el sustrato. Por lo tanto, existen las enfermedades de cuello y las que se relacionan con la pudrici\u00f3n de ra\u00edces.&nbsp;<\/p>\n\n\n\n<h3 class=\"wp-block-heading\" id=\"h-la-tristeza-de-la-lavanda\"><span class=\"ez-toc-section\" id=\"La_tristeza_de_la_lavanda\"><\/span><strong>La tristeza de la lavanda<\/strong><span class=\"ez-toc-section-end\"><\/span><\/h3>\n\n\n\n<p>Aunque no se ha estudiado correctamente, se entiende como un conjunto de hongos que afectan durante el desarrollo de la lavanda. Esto obstaculiza el movimiento de savia y que la planta se seque lentamente.<\/p>\n\n\n\n<p>Tambi\u00e9n, se relaciona con ciertas condiciones, como el suelo fatigado, falta de desarrollo radicular y condiciones en el ambiente agresivas, justo cuando la lavanda necesita de agua.&nbsp;<\/p>\n\n\n\n<p>Cuando la lavanda est\u00e9 d\u00e9bil, es posible que sea por el exceso de riego. Esto se diferencia cuando los tallos se observen fl\u00e1cidos y la flor ca\u00edda por su mismo peso. Es un s\u00edntoma notable de la falta de ox\u00edgeno en las ra\u00edces.&nbsp;<\/p>\n\n\n\n<p>Pero si la planta se vuelve marr\u00f3n y hojas secas, es un s\u00edntoma de sequedad. En cambio, no hay posibilidad de encontrar la lavanda cuando est\u00e1 muy bien atendida.<\/p>\n","protected":false},"excerpt":{"rendered":"<p> &#8230; <a title=\"Cultivo de la Lavanda: Gu\u00eda completa para su cultivo\" class=\"read-more\" href=\"https:\/\/agriquipo.com\/blog\/agricultura\/cultivos\/cultivo-lavanda\/\" aria-label=\"M\u00e1s en Cultivo de la Lavanda: Gu\u00eda completa para su cultivo\">Leer m\u00e1s<\/a><\/p>\n","protected":false},"author":1,"featured_media":2885,"comment_status":"open","ping_status":"open","sticky":false,"template":"","format":"standard","meta":{"footnotes":""},"categories":[10],"tags":[],"class_list":["post-2883","post","type-post","status-publish","format-standard","has-post-thumbnail","hentry","category-cultivos","generate-columns","tablet-grid-50","mobile-grid-100","grid-parent","grid-33"],"yoast_head":"<!-- This site is optimized with the Yoast SEO Premium plugin v19.3 (Yoast SEO v22.8) - https:\/\/yoast.com\/wordpress\/plugins\/seo\/ -->\n<title>\u226bCultivo de la Lavanda: Gu\u00eda completa para su cultivo | Agriquipo<\/title>\n<meta name=\"robots\" content=\"index, follow, max-snippet:-1, max-image-preview:large, max-video-preview:-1\" \/>\n<link rel=\"canonical\" href=\"https:\/\/agriquipo.com\/blog\/agricultura\/cultivos\/cultivo-lavanda\/\" \/>\n<meta property=\"og:locale\" content=\"es_ES\" \/>\n<meta property=\"og:type\" content=\"article\" \/>\n<meta property=\"og:title\" content=\"Cultivo de la Lavanda: Gu\u00eda completa para su cultivo\" \/>\n<meta property=\"og:description\" content=\"... Leer m\u00e1s\" \/>\n<meta property=\"og:url\" content=\"https:\/\/agriquipo.com\/blog\/agricultura\/cultivos\/cultivo-lavanda\/\" \/>\n<meta property=\"og:site_name\" content=\"Agriquipo, noticias agr\u00edcolas\" \/>\n<meta property=\"article:published_time\" content=\"2022-10-25T09:43:52+00:00\" \/>\n<meta property=\"article:modified_time\" content=\"2022-10-25T09:43:54+00:00\" \/>\n<meta property=\"og:image\" content=\"https:\/\/agriquipo.com\/blog\/wp-content\/uploads\/2022\/10\/cultivolavanda.jpg\" \/>\n\t<meta property=\"og:image:width\" content=\"600\" \/>\n\t<meta property=\"og:image:height\" content=\"391\" \/>\n\t<meta property=\"og:image:type\" content=\"image\/jpeg\" \/>\n<meta name=\"author\" content=\"Jos\u00e9 M\u00aa D\u00edaz S\u00e1nchez\" \/>\n<meta name=\"twitter:card\" content=\"summary_large_image\" \/>\n<meta name=\"twitter:label1\" content=\"Escrito por\" \/>\n\t<meta name=\"twitter:data1\" content=\"Jos\u00e9 M\u00aa D\u00edaz S\u00e1nchez\" \/>\n\t<meta name=\"twitter:label2\" content=\"Tiempo de lectura\" \/>\n\t<meta name=\"twitter:data2\" content=\"8 minutos\" \/>\n<script type=\"application\/ld+json\" class=\"yoast-schema-graph\">{\"@context\":\"https:\/\/schema.org\",\"@graph\":[{\"@type\":\"Article\",\"@id\":\"https:\/\/agriquipo.com\/blog\/agricultura\/cultivos\/cultivo-lavanda\/#article\",\"isPartOf\":{\"@id\":\"https:\/\/agriquipo.com\/blog\/agricultura\/cultivos\/cultivo-lavanda\/\"},\"author\":{\"name\":\"Jos\u00e9 M\u00aa D\u00edaz S\u00e1nchez\",\"@id\":\"https:\/\/agriquipo.com\/blog\/#\/schema\/person\/37bd003ca0b8c0922de362951e177727\"},\"headline\":\"Cultivo de la Lavanda: Gu\u00eda completa para su cultivo\",\"datePublished\":\"2022-10-25T09:43:52+00:00\",\"dateModified\":\"2022-10-25T09:43:54+00:00\",\"mainEntityOfPage\":{\"@id\":\"https:\/\/agriquipo.com\/blog\/agricultura\/cultivos\/cultivo-lavanda\/\"},\"wordCount\":1730,\"commentCount\":2,\"publisher\":{\"@id\":\"https:\/\/agriquipo.com\/blog\/#organization\"},\"image\":{\"@id\":\"https:\/\/agriquipo.com\/blog\/agricultura\/cultivos\/cultivo-lavanda\/#primaryimage\"},\"thumbnailUrl\":\"https:\/\/agriquipo.com\/blog\/wp-content\/uploads\/2022\/10\/cultivolavanda.jpg\",\"articleSection\":[\"Cultivos\"],\"inLanguage\":\"es\",\"potentialAction\":[{\"@type\":\"CommentAction\",\"name\":\"Comment\",\"target\":[\"https:\/\/agriquipo.com\/blog\/agricultura\/cultivos\/cultivo-lavanda\/#respond\"]}]},{\"@type\":\"WebPage\",\"@id\":\"https:\/\/agriquipo.com\/blog\/agricultura\/cultivos\/cultivo-lavanda\/\",\"url\":\"https:\/\/agriquipo.com\/blog\/agricultura\/cultivos\/cultivo-lavanda\/\",\"name\":\"\u226bCultivo de la Lavanda: Gu\u00eda completa para su cultivo | Agriquipo\",\"isPartOf\":{\"@id\":\"https:\/\/agriquipo.com\/blog\/#website\"},\"primaryImageOfPage\":{\"@id\":\"https:\/\/agriquipo.com\/blog\/agricultura\/cultivos\/cultivo-lavanda\/#primaryimage\"},\"image\":{\"@id\":\"https:\/\/agriquipo.com\/blog\/agricultura\/cultivos\/cultivo-lavanda\/#primaryimage\"},\"thumbnailUrl\":\"https:\/\/agriquipo.com\/blog\/wp-content\/uploads\/2022\/10\/cultivolavanda.jpg\",\"datePublished\":\"2022-10-25T09:43:52+00:00\",\"dateModified\":\"2022-10-25T09:43:54+00:00\",\"breadcrumb\":{\"@id\":\"https:\/\/agriquipo.com\/blog\/agricultura\/cultivos\/cultivo-lavanda\/#breadcrumb\"},\"inLanguage\":\"es\",\"potentialAction\":[{\"@type\":\"ReadAction\",\"target\":[\"https:\/\/agriquipo.com\/blog\/agricultura\/cultivos\/cultivo-lavanda\/\"]}]},{\"@type\":\"ImageObject\",\"inLanguage\":\"es\",\"@id\":\"https:\/\/agriquipo.com\/blog\/agricultura\/cultivos\/cultivo-lavanda\/#primaryimage\",\"url\":\"https:\/\/agriquipo.com\/blog\/wp-content\/uploads\/2022\/10\/cultivolavanda.jpg\",\"contentUrl\":\"https:\/\/agriquipo.com\/blog\/wp-content\/uploads\/2022\/10\/cultivolavanda.jpg\",\"width\":600,\"height\":391},{\"@type\":\"BreadcrumbList\",\"@id\":\"https:\/\/agriquipo.com\/blog\/agricultura\/cultivos\/cultivo-lavanda\/#breadcrumb\",\"itemListElement\":[{\"@type\":\"ListItem\",\"position\":1,\"name\":\"Inicio\",\"item\":\"https:\/\/agriquipo.com\/blog\/\"},{\"@type\":\"ListItem\",\"position\":2,\"name\":\"Agricultura\",\"item\":\"https:\/\/agriquipo.com\/blog\/agricultura\/\"},{\"@type\":\"ListItem\",\"position\":3,\"name\":\"Cultivos\",\"item\":\"https:\/\/agriquipo.com\/blog\/agricultura\/cultivos\/\"},{\"@type\":\"ListItem\",\"position\":4,\"name\":\"Cultivo de la Lavanda: Gu\u00eda completa para su cultivo\"}]},{\"@type\":\"WebSite\",\"@id\":\"https:\/\/agriquipo.com\/blog\/#website\",\"url\":\"https:\/\/agriquipo.com\/blog\/\",\"name\":\"Agriquipo, noticias agr\u00edcolas\",\"description\":\"\",\"publisher\":{\"@id\":\"https:\/\/agriquipo.com\/blog\/#organization\"},\"potentialAction\":[{\"@type\":\"SearchAction\",\"target\":{\"@type\":\"EntryPoint\",\"urlTemplate\":\"https:\/\/agriquipo.com\/blog\/?s={search_term_string}\"},\"query-input\":\"required name=search_term_string\"}],\"inLanguage\":\"es\"},{\"@type\":\"Organization\",\"@id\":\"https:\/\/agriquipo.com\/blog\/#organization\",\"name\":\"Agriquipo, noticias agr\u00edcolas\",\"url\":\"https:\/\/agriquipo.com\/blog\/\",\"logo\":{\"@type\":\"ImageObject\",\"inLanguage\":\"es\",\"@id\":\"https:\/\/agriquipo.com\/blog\/#\/schema\/logo\/image\/\",\"url\":\"https:\/\/agriquipo.com\/blog\/wp-content\/uploads\/2022\/09\/cropped-cropped-agriquipo.jpg\",\"contentUrl\":\"https:\/\/agriquipo.com\/blog\/wp-content\/uploads\/2022\/09\/cropped-cropped-agriquipo.jpg\",\"width\":296,\"height\":53,\"caption\":\"Agriquipo, noticias agr\u00edcolas\"},\"image\":{\"@id\":\"https:\/\/agriquipo.com\/blog\/#\/schema\/logo\/image\/\"}},{\"@type\":\"Person\",\"@id\":\"https:\/\/agriquipo.com\/blog\/#\/schema\/person\/37bd003ca0b8c0922de362951e177727\",\"name\":\"Jos\u00e9 M\u00aa D\u00edaz S\u00e1nchez\",\"image\":{\"@type\":\"ImageObject\",\"inLanguage\":\"es\",\"@id\":\"https:\/\/agriquipo.com\/blog\/#\/schema\/person\/image\/\",\"url\":\"https:\/\/secure.gravatar.com\/avatar\/f78b2388c99e4ca1df8a0929b03fd9c38291314cb70ee5431b63a88f250c3961?s=96&d=mm&r=g\",\"contentUrl\":\"https:\/\/secure.gravatar.com\/avatar\/f78b2388c99e4ca1df8a0929b03fd9c38291314cb70ee5431b63a88f250c3961?s=96&d=mm&r=g\",\"caption\":\"Jos\u00e9 M\u00aa D\u00edaz S\u00e1nchez\"},\"description\":\"Jos\u00e9 M\u00aa D\u00edaz S\u00e1nchez, Ingeriero T\u00e9cnico Agr\u00edcola. Profesional del campo y de la agricultura desde hace m\u00e1s de 20 a\u00f1os, asesorando a los agricultores y empresas agr\u00edcolas en su d\u00eda a d\u00eda\",\"sameAs\":[\"https:\/\/www.wikidata.org\/wiki\/Q108892695\"]}]}<\/script>\n<!-- \/ Yoast SEO Premium plugin. -->","yoast_head_json":{"title":"\u226bCultivo de la Lavanda: Gu\u00eda completa para su cultivo | Agriquipo","robots":{"index":"index","follow":"follow","max-snippet":"max-snippet:-1","max-image-preview":"max-image-preview:large","max-video-preview":"max-video-preview:-1"},"canonical":"https:\/\/agriquipo.com\/blog\/agricultura\/cultivos\/cultivo-lavanda\/","og_locale":"es_ES","og_type":"article","og_title":"Cultivo de la Lavanda: Gu\u00eda completa para su cultivo","og_description":"... Leer m\u00e1s","og_url":"https:\/\/agriquipo.com\/blog\/agricultura\/cultivos\/cultivo-lavanda\/","og_site_name":"Agriquipo, noticias agr\u00edcolas","article_published_time":"2022-10-25T09:43:52+00:00","article_modified_time":"2022-10-25T09:43:54+00:00","og_image":[{"width":600,"height":391,"url":"https:\/\/agriquipo.com\/blog\/wp-content\/uploads\/2022\/10\/cultivolavanda.jpg","type":"image\/jpeg"}],"author":"Jos\u00e9 M\u00aa D\u00edaz S\u00e1nchez","twitter_card":"summary_large_image","twitter_misc":{"Escrito por":"Jos\u00e9 M\u00aa D\u00edaz S\u00e1nchez","Tiempo de lectura":"8 minutos"},"schema":{"@context":"https:\/\/schema.org","@graph":[{"@type":"Article","@id":"https:\/\/agriquipo.com\/blog\/agricultura\/cultivos\/cultivo-lavanda\/#article","isPartOf":{"@id":"https:\/\/agriquipo.com\/blog\/agricultura\/cultivos\/cultivo-lavanda\/"},"author":{"name":"Jos\u00e9 M\u00aa D\u00edaz S\u00e1nchez","@id":"https:\/\/agriquipo.com\/blog\/#\/schema\/person\/37bd003ca0b8c0922de362951e177727"},"headline":"Cultivo de la Lavanda: Gu\u00eda completa para su cultivo","datePublished":"2022-10-25T09:43:52+00:00","dateModified":"2022-10-25T09:43:54+00:00","mainEntityOfPage":{"@id":"https:\/\/agriquipo.com\/blog\/agricultura\/cultivos\/cultivo-lavanda\/"},"wordCount":1730,"commentCount":2,"publisher":{"@id":"https:\/\/agriquipo.com\/blog\/#organization"},"image":{"@id":"https:\/\/agriquipo.com\/blog\/agricultura\/cultivos\/cultivo-lavanda\/#primaryimage"},"thumbnailUrl":"https:\/\/agriquipo.com\/blog\/wp-content\/uploads\/2022\/10\/cultivolavanda.jpg","articleSection":["Cultivos"],"inLanguage":"es","potentialAction":[{"@type":"CommentAction","name":"Comment","target":["https:\/\/agriquipo.com\/blog\/agricultura\/cultivos\/cultivo-lavanda\/#respond"]}]},{"@type":"WebPage","@id":"https:\/\/agriquipo.com\/blog\/agricultura\/cultivos\/cultivo-lavanda\/","url":"https:\/\/agriquipo.com\/blog\/agricultura\/cultivos\/cultivo-lavanda\/","name":"\u226bCultivo de la Lavanda: Gu\u00eda completa para su cultivo | Agriquipo","isPartOf":{"@id":"https:\/\/agriquipo.com\/blog\/#website"},"primaryImageOfPage":{"@id":"https:\/\/agriquipo.com\/blog\/agricultura\/cultivos\/cultivo-lavanda\/#primaryimage"},"image":{"@id":"https:\/\/agriquipo.com\/blog\/agricultura\/cultivos\/cultivo-lavanda\/#primaryimage"},"thumbnailUrl":"https:\/\/agriquipo.com\/blog\/wp-content\/uploads\/2022\/10\/cultivolavanda.jpg","datePublished":"2022-10-25T09:43:52+00:00","dateModified":"2022-10-25T09:43:54+00:00","breadcrumb":{"@id":"https:\/\/agriquipo.com\/blog\/agricultura\/cultivos\/cultivo-lavanda\/#breadcrumb"},"inLanguage":"es","potentialAction":[{"@type":"ReadAction","target":["https:\/\/agriquipo.com\/blog\/agricultura\/cultivos\/cultivo-lavanda\/"]}]},{"@type":"ImageObject","inLanguage":"es","@id":"https:\/\/agriquipo.com\/blog\/agricultura\/cultivos\/cultivo-lavanda\/#primaryimage","url":"https:\/\/agriquipo.com\/blog\/wp-content\/uploads\/2022\/10\/cultivolavanda.jpg","contentUrl":"https:\/\/agriquipo.com\/blog\/wp-content\/uploads\/2022\/10\/cultivolavanda.jpg","width":600,"height":391},{"@type":"BreadcrumbList","@id":"https:\/\/agriquipo.com\/blog\/agricultura\/cultivos\/cultivo-lavanda\/#breadcrumb","itemListElement":[{"@type":"ListItem","position":1,"name":"Inicio","item":"https:\/\/agriquipo.com\/blog\/"},{"@type":"ListItem","position":2,"name":"Agricultura","item":"https:\/\/agriquipo.com\/blog\/agricultura\/"},{"@type":"ListItem","position":3,"name":"Cultivos","item":"https:\/\/agriquipo.com\/blog\/agricultura\/cultivos\/"},{"@type":"ListItem","position":4,"name":"Cultivo de la Lavanda: Gu\u00eda completa para su cultivo"}]},{"@type":"WebSite","@id":"https:\/\/agriquipo.com\/blog\/#website","url":"https:\/\/agriquipo.com\/blog\/","name":"Agriquipo, noticias agr\u00edcolas","description":"","publisher":{"@id":"https:\/\/agriquipo.com\/blog\/#organization"},"potentialAction":[{"@type":"SearchAction","target":{"@type":"EntryPoint","urlTemplate":"https:\/\/agriquipo.com\/blog\/?s={search_term_string}"},"query-input":"required name=search_term_string"}],"inLanguage":"es"},{"@type":"Organization","@id":"https:\/\/agriquipo.com\/blog\/#organization","name":"Agriquipo, noticias agr\u00edcolas","url":"https:\/\/agriquipo.com\/blog\/","logo":{"@type":"ImageObject","inLanguage":"es","@id":"https:\/\/agriquipo.com\/blog\/#\/schema\/logo\/image\/","url":"https:\/\/agriquipo.com\/blog\/wp-content\/uploads\/2022\/09\/cropped-cropped-agriquipo.jpg","contentUrl":"https:\/\/agriquipo.com\/blog\/wp-content\/uploads\/2022\/09\/cropped-cropped-agriquipo.jpg","width":296,"height":53,"caption":"Agriquipo, noticias agr\u00edcolas"},"image":{"@id":"https:\/\/agriquipo.com\/blog\/#\/schema\/logo\/image\/"}},{"@type":"Person","@id":"https:\/\/agriquipo.com\/blog\/#\/schema\/person\/37bd003ca0b8c0922de362951e177727","name":"Jos\u00e9 M\u00aa D\u00edaz S\u00e1nchez","image":{"@type":"ImageObject","inLanguage":"es","@id":"https:\/\/agriquipo.com\/blog\/#\/schema\/person\/image\/","url":"https:\/\/secure.gravatar.com\/avatar\/f78b2388c99e4ca1df8a0929b03fd9c38291314cb70ee5431b63a88f250c3961?s=96&d=mm&r=g","contentUrl":"https:\/\/secure.gravatar.com\/avatar\/f78b2388c99e4ca1df8a0929b03fd9c38291314cb70ee5431b63a88f250c3961?s=96&d=mm&r=g","caption":"Jos\u00e9 M\u00aa D\u00edaz S\u00e1nchez"},"description":"Jos\u00e9 M\u00aa D\u00edaz S\u00e1nchez, Ingeriero T\u00e9cnico Agr\u00edcola. Profesional del campo y de la agricultura desde hace m\u00e1s de 20 a\u00f1os, asesorando a los agricultores y empresas agr\u00edcolas en su d\u00eda a d\u00eda","sameAs":["https:\/\/www.wikidata.org\/wiki\/Q108892695"]}]}},"_links":{"self":[{"href":"https:\/\/agriquipo.com\/blog\/wp-json\/wp\/v2\/posts\/2883","targetHints":{"allow":["GET"]}}],"collection":[{"href":"https:\/\/agriquipo.com\/blog\/wp-json\/wp\/v2\/posts"}],"about":[{"href":"https:\/\/agriquipo.com\/blog\/wp-json\/wp\/v2\/types\/post"}],"author":[{"embeddable":true,"href":"https:\/\/agriquipo.com\/blog\/wp-json\/wp\/v2\/users\/1"}],"replies":[{"embeddable":true,"href":"https:\/\/agriquipo.com\/blog\/wp-json\/wp\/v2\/comments?post=2883"}],"version-history":[{"count":1,"href":"https:\/\/agriquipo.com\/blog\/wp-json\/wp\/v2\/posts\/2883\/revisions"}],"predecessor-version":[{"id":2886,"href":"https:\/\/agriquipo.com\/blog\/wp-json\/wp\/v2\/posts\/2883\/revisions\/2886"}],"wp:featuredmedia":[{"embeddable":true,"href":"https:\/\/agriquipo.com\/blog\/wp-json\/wp\/v2\/media\/2885"}],"wp:attachment":[{"href":"https:\/\/agriquipo.com\/blog\/wp-json\/wp\/v2\/media?parent=2883"}],"wp:term":[{"taxonomy":"category","embeddable":true,"href":"https:\/\/agriquipo.com\/blog\/wp-json\/wp\/v2\/categories?post=2883"},{"taxonomy":"post_tag","embeddable":true,"href":"https:\/\/agriquipo.com\/blog\/wp-json\/wp\/v2\/tags?post=2883"}],"curies":[{"name":"wp","href":"https:\/\/api.w.org\/{rel}","templated":true}]}}