{"id":2777,"date":"2022-10-19T08:01:34","date_gmt":"2022-10-19T08:01:34","guid":{"rendered":"https:\/\/agriquipo.com\/blog\/?p=2777"},"modified":"2022-10-19T08:01:36","modified_gmt":"2022-10-19T08:01:36","slug":"eficiencia-energetica-en-los-tractores-agricolas","status":"publish","type":"post","link":"https:\/\/agriquipo.com\/blog\/tractores\/wikitractor\/eficiencia-energetica-en-los-tractores-agricolas\/","title":{"rendered":"Eficiencia Energ\u00e9tica en los tractores agr\u00edcolas"},"content":{"rendered":"\n\n<div class=\"kk-star-ratings kksr-auto kksr-align-left kksr-valign-top\"\n    data-payload='{&quot;align&quot;:&quot;left&quot;,&quot;id&quot;:&quot;2777&quot;,&quot;slug&quot;:&quot;default&quot;,&quot;valign&quot;:&quot;top&quot;,&quot;ignore&quot;:&quot;&quot;,&quot;reference&quot;:&quot;auto&quot;,&quot;class&quot;:&quot;&quot;,&quot;count&quot;:&quot;1&quot;,&quot;legendonly&quot;:&quot;&quot;,&quot;readonly&quot;:&quot;&quot;,&quot;score&quot;:&quot;5&quot;,&quot;starsonly&quot;:&quot;&quot;,&quot;best&quot;:&quot;5&quot;,&quot;gap&quot;:&quot;5&quot;,&quot;greet&quot;:&quot;Valora este post&quot;,&quot;legend&quot;:&quot;5\\\/5 - (1 voto)&quot;,&quot;size&quot;:&quot;24&quot;,&quot;title&quot;:&quot;Eficiencia Energ\\u00e9tica en los tractores agr\\u00edcolas&quot;,&quot;width&quot;:&quot;142.5&quot;,&quot;_legend&quot;:&quot;{score}\\\/{best} - ({count} {votes})&quot;,&quot;font_factor&quot;:&quot;1.25&quot;}'>\n            \n<div class=\"kksr-stars\">\n    \n<div class=\"kksr-stars-inactive\">\n            <div class=\"kksr-star\" data-star=\"1\" style=\"padding-right: 5px\">\n            \n\n<div class=\"kksr-icon\" style=\"width: 24px; height: 24px;\"><\/div>\n        <\/div>\n            <div class=\"kksr-star\" data-star=\"2\" style=\"padding-right: 5px\">\n            \n\n<div class=\"kksr-icon\" style=\"width: 24px; height: 24px;\"><\/div>\n        <\/div>\n            <div class=\"kksr-star\" data-star=\"3\" style=\"padding-right: 5px\">\n            \n\n<div class=\"kksr-icon\" style=\"width: 24px; height: 24px;\"><\/div>\n        <\/div>\n            <div class=\"kksr-star\" data-star=\"4\" style=\"padding-right: 5px\">\n            \n\n<div class=\"kksr-icon\" style=\"width: 24px; height: 24px;\"><\/div>\n        <\/div>\n            <div class=\"kksr-star\" data-star=\"5\" style=\"padding-right: 5px\">\n            \n\n<div class=\"kksr-icon\" style=\"width: 24px; height: 24px;\"><\/div>\n        <\/div>\n    <\/div>\n    \n<div class=\"kksr-stars-active\" style=\"width: 142.5px;\">\n            <div class=\"kksr-star\" style=\"padding-right: 5px\">\n            \n\n<div class=\"kksr-icon\" style=\"width: 24px; height: 24px;\"><\/div>\n        <\/div>\n            <div class=\"kksr-star\" style=\"padding-right: 5px\">\n            \n\n<div class=\"kksr-icon\" style=\"width: 24px; height: 24px;\"><\/div>\n        <\/div>\n            <div class=\"kksr-star\" style=\"padding-right: 5px\">\n            \n\n<div class=\"kksr-icon\" style=\"width: 24px; height: 24px;\"><\/div>\n        <\/div>\n            <div class=\"kksr-star\" style=\"padding-right: 5px\">\n            \n\n<div class=\"kksr-icon\" style=\"width: 24px; height: 24px;\"><\/div>\n        <\/div>\n            <div class=\"kksr-star\" style=\"padding-right: 5px\">\n            \n\n<div class=\"kksr-icon\" style=\"width: 24px; height: 24px;\"><\/div>\n        <\/div>\n    <\/div>\n<\/div>\n                \n\n<div class=\"kksr-legend\" style=\"font-size: 19.2px;\">\n            5\/5 - (1 voto)    <\/div>\n    <\/div>\n\n<p>Aunque la clasificaci\u00f3n o tipificaci\u00f3n de los tractores agr\u00edcolas de acuerdo con su nivel de&nbsp;<strong><a href=\"https:\/\/www.google.com\/search?kgmid=\/m\/02rz0ly\">eficiencia energ\u00e9tica<\/a><\/strong>&nbsp;no se ha difundido tanto como en otros sectores, la verdad es que dicha categorizaci\u00f3n comenz\u00f3 a realizarse desde hace aproximadamente diez a\u00f1os.<\/p>\n\n\n\n<p>La decisi\u00f3n de realizar este proyecto es desarrollada en conjunto con el Ministerio de <strong><span style=\"background-color: yellow;\"><a href=\"https:\/\/agriquipo.com\/blog\/agricultura\/wikicultivos\/como-surgio-la-agricultura\/\">Agricultura<\/a><\/span><\/strong> de&nbsp;<strong>Espa\u00f1a<\/strong>&nbsp;y el apoyo directo de la&nbsp;<a href=\"https:\/\/www.mapa.gob.es\/es\/agricultura\/temas\/medios-de-produccion\/maquinaria-agricola\/estacion-mecanica-agricola\/\"><strong>Estaci\u00f3n de Mec\u00e1nica Agr\u00edcola<\/strong><\/a>&nbsp;(EMA); igualmente, con el&nbsp;<a href=\"https:\/\/www.idae.es\/home\"><strong>Instituto de la Diversificaci\u00f3n y Ahorro de Energ\u00eda<\/strong><\/a>&nbsp;<strong>(IDAE)<\/strong>.<\/p>\n\n\n\n<p>El prop\u00f3sito final de esta iniciativa es la creaci\u00f3n de una lista \u00fatil y sencilla, a trav\u00e9s de la cual los operadores de las diferentes maquinarias agr\u00edcolas puedan saber el nivel de eficiencia de los variados modelos que existen en el mercado.<\/p>\n\n\n\n<p>De esta manera, la escogencia de un tractor destinado a las labores de la&nbsp;<strong>agricultura<\/strong>&nbsp;ya no depender\u00e1 solamente de aspectos como la marca fabricante o la alternativa de conseguir los llamados recambios agr\u00edcolas para dicha maquinaria; ahora la&nbsp;<strong>eficiencia energ\u00e9tica<\/strong>&nbsp;tambi\u00e9n es un factor por tener en consideraci\u00f3n.<\/p>\n\n\n\n<div id=\"ez-toc-container\" class=\"ez-toc-v2_0_66_1 counter-hierarchy ez-toc-counter ez-toc-grey ez-toc-container-direction\">\n<div class=\"ez-toc-title-container\">\n<p class=\"ez-toc-title \" >&Iacute;ndice<\/p>\n<span class=\"ez-toc-title-toggle\"><a href=\"#\" class=\"ez-toc-pull-right ez-toc-btn ez-toc-btn-xs ez-toc-btn-default ez-toc-toggle\" aria-label=\"Toggle Table of Content\"><span class=\"ez-toc-js-icon-con\"><span class=\"\"><span class=\"eztoc-hide\" style=\"display:none;\">Toggle<\/span><span class=\"ez-toc-icon-toggle-span\"><svg style=\"fill: #999;color:#999\" xmlns=\"http:\/\/www.w3.org\/2000\/svg\" class=\"list-377408\" width=\"20px\" height=\"20px\" viewBox=\"0 0 24 24\" fill=\"none\"><path d=\"M6 6H4v2h2V6zm14 0H8v2h12V6zM4 11h2v2H4v-2zm16 0H8v2h12v-2zM4 16h2v2H4v-2zm16 0H8v2h12v-2z\" fill=\"currentColor\"><\/path><\/svg><svg style=\"fill: #999;color:#999\" class=\"arrow-unsorted-368013\" xmlns=\"http:\/\/www.w3.org\/2000\/svg\" width=\"10px\" height=\"10px\" viewBox=\"0 0 24 24\" version=\"1.2\" baseProfile=\"tiny\"><path d=\"M18.2 9.3l-6.2-6.3-6.2 6.3c-.2.2-.3.4-.3.7s.1.5.3.7c.2.2.4.3.7.3h11c.3 0 .5-.1.7-.3.2-.2.3-.5.3-.7s-.1-.5-.3-.7zM5.8 14.7l6.2 6.3 6.2-6.3c.2-.2.3-.5.3-.7s-.1-.5-.3-.7c-.2-.2-.4-.3-.7-.3h-11c-.3 0-.5.1-.7.3-.2.2-.3.5-.3.7s.1.5.3.7z\"\/><\/svg><\/span><\/span><\/span><\/a><\/span><\/div>\n<nav><ul class='ez-toc-list ez-toc-list-level-1 eztoc-toggle-hide-by-default' ><li class='ez-toc-page-1 ez-toc-heading-level-2'><a class=\"ez-toc-link ez-toc-heading-1\" href=\"https:\/\/agriquipo.com\/blog\/tractores\/wikitractor\/eficiencia-energetica-en-los-tractores-agricolas\/#Clasificacion_energetica_de_los_tractores\" title=\"Clasificaci\u00f3n energ\u00e9tica de los tractores\">Clasificaci\u00f3n energ\u00e9tica de los tractores<\/a><\/li><li class='ez-toc-page-1 ez-toc-heading-level-2'><a class=\"ez-toc-link ez-toc-heading-2\" href=\"https:\/\/agriquipo.com\/blog\/tractores\/wikitractor\/eficiencia-energetica-en-los-tractores-agricolas\/#%C2%BFComo_se_puede_calcular_la_eficiencia_energetica_en_los_tractores\" title=\"\u00bfC\u00f3mo se puede calcular la eficiencia energ\u00e9tica en los tractores?\">\u00bfC\u00f3mo se puede calcular la eficiencia energ\u00e9tica en los tractores?<\/a><\/li><li class='ez-toc-page-1 ez-toc-heading-level-2'><a class=\"ez-toc-link ez-toc-heading-3\" href=\"https:\/\/agriquipo.com\/blog\/tractores\/wikitractor\/eficiencia-energetica-en-los-tractores-agricolas\/#Ensayos_de_potencia_a_la_barra_de_tiro\" title=\"Ensayos de potencia a la barra de tiro\">Ensayos de potencia a la barra de tiro<\/a><\/li><li class='ez-toc-page-1 ez-toc-heading-level-2'><a class=\"ez-toc-link ez-toc-heading-4\" href=\"https:\/\/agriquipo.com\/blog\/tractores\/wikitractor\/eficiencia-energetica-en-los-tractores-agricolas\/#Ensayos_de_potencia_al_freno\" title=\"Ensayos de potencia al freno\">Ensayos de potencia al freno<\/a><\/li><\/ul><\/nav><\/div>\n<h2 class=\"wp-block-heading\" id=\"h-clasificacion-energetica-de-los-tractores\"><span class=\"ez-toc-section\" id=\"Clasificacion_energetica_de_los_tractores\"><\/span><strong>Clasificaci\u00f3n energ\u00e9tica de los tractores<\/strong><span class=\"ez-toc-section-end\"><\/span><\/h2>\n\n\n\n<p>En el mes de octubre del a\u00f1o 2004, luego de una propuesta realizada por el&nbsp;<strong>IDAE<\/strong>&nbsp;(Instituto para la Diversificaci\u00f3n y Ahorro de la Energ\u00eda), la cual estaba enmarcada en el plan del gobierno de&nbsp;<strong>Espa\u00f1a<\/strong>&nbsp;para ahorrar energ\u00eda, se conform\u00f3 un equipo de trabajo para el desarrollo de una metodolog\u00eda para efectuar la debida clasificaci\u00f3n energ\u00e9tica de la maquinaria agr\u00edcola.<\/p>\n\n\n\n<p>Este equipo de trabajo est\u00e1 integrado por algunos miembros del&nbsp;<strong>IDAE<\/strong>, catedr\u00e1ticos de la Universidad Polit\u00e9cnica de Madrid, espec\u00edficamente de las&nbsp;<strong>Escuelas T\u00e9cnicas Superiores de Ingenieros Agr\u00f3nomos e Industriales<\/strong>, un miembro de la Asociaci\u00f3n Nacional de Maquinaria Agropecuaria, Forestal y de Espacios Verdes, as\u00ed como profesionales de la Subdirecci\u00f3n General de Medios de Producci\u00f3n Agr\u00edcola y Oficina Espa\u00f1ola de Variedades Vegetales, entre los cuales tambi\u00e9n se encuentran varios t\u00e9cnicos de la EMA (Estaci\u00f3n de Mec\u00e1nica Agr\u00edcola).<\/p>\n\n\n\n<p>Utilizando dicha metodolog\u00eda se hace la <strong><span style=\"background-color: yellow;\"><a href=\"https:\/\/agriquipo.com\/blog\/tractores\/wikitractor\/clasificacion-de-los-tractores-agricolas\/\">clasificaci\u00f3n de los tractores<\/a><\/span><\/strong> agr\u00edcolas, aprovechando los datos recopilados en cada informe entregado por la&nbsp;<strong>OCDE<\/strong>&nbsp;que es la Organizaci\u00f3n para la Cooperaci\u00f3n y el Desarrollo Econ\u00f3mico, as\u00ed como tambi\u00e9n los ensayos desarrollados por la EMA, con respecto a las instrucciones establecidas en el c\u00f3digo 2 de la&nbsp;<strong>OCDE<\/strong>.<\/p>\n\n\n\n<p>Para el mes de enero del a\u00f1o 2016 se procedi\u00f3 a la actualizaci\u00f3n de la l\u00ednea media en la distribuci\u00f3n del denominado programa&nbsp;<a href=\"https:\/\/agriquipo.com\/marcas\/4-class\"><strong>Class Tractor<\/strong><\/a>, el cual est\u00e1 destinado a la clasificaci\u00f3n de esta maquinaria agr\u00edcola.<\/p>\n\n\n\n<p>Los m\u00e9todos de la clasificaci\u00f3n energ\u00e9tica de los diferentes tractores utilizados en la agricultura est\u00e1n recopilados en el anexo VIII del llamado Real Decreto 448\/2020 establecido el 10 de marzo.<\/p>\n\n\n\n<p>La denominada lista de clasificaci\u00f3n de la&nbsp;<strong>eficiencia energ\u00e9tica<\/strong>, en la cual est\u00e1n incluidos en su totalidad los diferentes tractores agr\u00edcolas tipificados de acuerdo con dicha metodolog\u00eda, puede ser consultada en la respectiva documentaci\u00f3n. Cabe destacar, que dicho listado es exclusivamente informativo.<\/p>\n\n\n\n<p>Actualmente, se contin\u00faa realizando la clasificaci\u00f3n de los modelos nuevos de tractores agr\u00edcolas que van surgiendo en el mercado, superando as\u00ed alrededor de 649 modelos incorporados a la lista, la cual es bastante din\u00e1mica y es constantemente actualizada por la&nbsp;<strong>Estaci\u00f3n de Mec\u00e1nica Agr\u00edcola<\/strong>, a medida que se realizan los diferentes ensayos con cada maquinaria.<\/p>\n\n\n\n<h2 class=\"wp-block-heading\" id=\"h-como-se-puede-calcular-la-eficiencia-energetica-en-los-tractores\"><span class=\"ez-toc-section\" id=\"%C2%BFComo_se_puede_calcular_la_eficiencia_energetica_en_los_tractores\"><\/span><strong>\u00bfC\u00f3mo se puede calcular la eficiencia energ\u00e9tica en los tractores?<\/strong><span class=\"ez-toc-section-end\"><\/span><\/h2>\n\n\n\n<p>Los c\u00e1lculos de eficiencia energ\u00e9tica que provienen de los anteriores ensayos tienen como resultado la creaci\u00f3n de un \u00edndice espec\u00edfico sobre eficiencia conjunta entre la <strong><span style=\"background-color: yellow;\"><a href=\"https:\/\/agriquipo.com\/blog\/tractores\/averias-del-tractor\/elementos-de-la-transmision-en-un-tractor\/\">transmisi\u00f3n<\/a><\/span><\/strong> y el motor de cada uno de los modelos de tractores agr\u00edcolas que fueron analizados.<\/p>\n\n\n\n<p>Dependiendo de este \u00edndice, cada modelo de tractor en particular finalmente alcanzar\u00e1 un nivel de&nbsp;<strong>eficiencia energ\u00e9tica<\/strong>&nbsp;distinto de los dem\u00e1s. Para el establecimiento de los diferentes grados de clasificaci\u00f3n de&nbsp;<strong>eficiencia energ\u00e9tica<\/strong>, se har\u00e1 una comparaci\u00f3n de los \u00edndices en cada uno de los modelos examinados para conseguir una media general.<\/p>\n\n\n\n<p>Partiendo de esta media general, cada uno de los modelos de tractores agr\u00edcolas estar\u00e1 situado por debajo o por encima, estableciendo de esta manera su clasificaci\u00f3n final en la lista.<\/p>\n\n\n\n<p>El primer mecanismo de clasificaci\u00f3n de la&nbsp;<strong>eficiencia energ\u00e9tica<\/strong>&nbsp;de los tractores agr\u00edcolas viene desde el a\u00f1o 2005, el cual tiene contemplado cinco niveles en su tipificaci\u00f3n.<\/p>\n\n\n\n<p>Las innovaciones t\u00e9cnicas posteriores, desarrolladas para la fabricaci\u00f3n de las transmisiones y los motores de los tractores agr\u00edcolas, han obligado a una renovaci\u00f3n en los c\u00e1lculos de la media general para ajustar de esta forma las mediciones a los est\u00e1ndares nuevos en la fabricaci\u00f3n de dicha maquinaria.<\/p>\n\n\n\n<p>Actualmente, la gran variedad de tractores utilizados en la&nbsp;<strong>agricultura<\/strong>&nbsp;se encuentra organizados en un sistema de siete letras y una escala de tonos que van desde el verde y el rojo oscuros.<\/p>\n\n\n\n<p>La selecci\u00f3n de los datos que se requieren para la creaci\u00f3n de una clasificaci\u00f3n definitiva en la&nbsp;<strong>eficiencia energ\u00e9tica<\/strong>&nbsp;est\u00e1 basada en la eficacia de la transmisi\u00f3n y el motor en los distintos modelos de tractores analizados.<\/p>\n\n\n\n<p>En ese sentido, son utilizados los est\u00e1ndares de la&nbsp;<strong>OCDE<\/strong>&nbsp;(Organizaci\u00f3n para la Cooperaci\u00f3n y el Desarrollo Econ\u00f3micos), los cuales est\u00e1n centrados en el trabajo especial de ensayos acerca de la potencia a la barra de tiro y la potencia al freno.<\/p>\n\n\n\n<h2 class=\"wp-block-heading\" id=\"h-ensayos-de-potencia-a-la-barra-de-tiro\"><span class=\"ez-toc-section\" id=\"Ensayos_de_potencia_a_la_barra_de_tiro\"><\/span><strong>Ensayos de potencia a la barra de tiro<\/strong><span class=\"ez-toc-section-end\"><\/span><\/h2>\n\n\n\n<p>En esta clase de ensayos o pruebas, la maquinaria agr\u00edcola deber\u00e1 remolcar por una superficie de hormig\u00f3n a otro tractor, para as\u00ed poder comprobar la fuerza de tiro que posee. Durante el desarrollo de dichas pruebas, tanto el r\u00e9gimen del motor del veh\u00edculo como la velocidad de avance se modifican para establecer una posible lectura objetiva.<\/p>\n\n\n\n<p>De esta forma, se consiguen resultados con respecto a la potencia de tiro de un tractor agr\u00edcola, as\u00ed como tambi\u00e9n del posible consumo del combustible o de su grado de deslizamiento. Todas estas acciones conjuntas aportan datos con respecto a la eficiencia energ\u00e9tica en la transmisi\u00f3n de las distintas maquinarias utilizadas en la&nbsp;<strong>agricultura<\/strong>.<\/p>\n\n\n\n<h2 class=\"wp-block-heading\" id=\"h-ensayos-de-potencia-al-freno\"><span class=\"ez-toc-section\" id=\"Ensayos_de_potencia_al_freno\"><\/span><strong>Ensayos de potencia al freno<\/strong><span class=\"ez-toc-section-end\"><\/span><\/h2>\n\n\n\n<p>En el caso de los ensayos o pruebas de potencia al freno, se acopla la toma de la fuerza de cada maquinaria agr\u00edcola a un freno, esto es para probar que el primero pueda desarrollar una potencia que supere la fuerza que tiene el segundo.<\/p>\n\n\n\n<p>La firmeza del freno puede variar, obligando de esta manera a que el tractor trabaje en distintos grados de exigencia, para obtener como resultado mediciones verdaderas con respecto a su rendimiento. Dichos ensayos contemplan algunas variables, como por ejemplo las condiciones meteorol\u00f3gicas y la clase de turbo compresor que posee el tractor, las cuales deben tenerse en consideraci\u00f3n.<\/p>\n\n\n\n<p>Estas pruebas de potencia al freno son realizadas a los tractores agr\u00edcolas, para facilitar las mediciones referentes al nivel de consumo del combustible, as\u00ed como tambi\u00e9n a la potencia que ejerce sobre la toma de fuerza, los cuales son aspectos que vienen a determinar finalmente el nivel de&nbsp;<strong>eficiencia energ\u00e9tica<\/strong>&nbsp;que posee el motor de cada una de estas maquinarias de uso agr\u00edcola.<\/p>\n","protected":false},"excerpt":{"rendered":"<p> &#8230; <a title=\"Eficiencia Energ\u00e9tica en los tractores agr\u00edcolas\" class=\"read-more\" href=\"https:\/\/agriquipo.com\/blog\/tractores\/wikitractor\/eficiencia-energetica-en-los-tractores-agricolas\/\" aria-label=\"M\u00e1s en Eficiencia Energ\u00e9tica en los tractores agr\u00edcolas\">Leer m\u00e1s<\/a><\/p>\n","protected":false},"author":1,"featured_media":2779,"comment_status":"open","ping_status":"open","sticky":false,"template":"","format":"standard","meta":{"footnotes":""},"categories":[5],"tags":[],"class_list":["post-2777","post","type-post","status-publish","format-standard","has-post-thumbnail","hentry","category-wikitractor","generate-columns","tablet-grid-50","mobile-grid-100","grid-parent","grid-33"],"yoast_head":"<!-- This site is optimized with the Yoast SEO Premium plugin v19.3 (Yoast SEO v22.8) - https:\/\/yoast.com\/wordpress\/plugins\/seo\/ -->\n<title>\u226bEficiencia Energ\u00e9tica en los tractores agr\u00edcolas | Agriquipo<\/title>\n<meta name=\"robots\" content=\"index, follow, max-snippet:-1, max-image-preview:large, max-video-preview:-1\" \/>\n<link rel=\"canonical\" href=\"https:\/\/agriquipo.com\/blog\/tractores\/wikitractor\/eficiencia-energetica-en-los-tractores-agricolas\/\" \/>\n<meta property=\"og:locale\" content=\"es_ES\" \/>\n<meta property=\"og:type\" content=\"article\" \/>\n<meta property=\"og:title\" content=\"Eficiencia Energ\u00e9tica en los tractores agr\u00edcolas\" \/>\n<meta property=\"og:description\" content=\"... Leer m\u00e1s\" \/>\n<meta property=\"og:url\" content=\"https:\/\/agriquipo.com\/blog\/tractores\/wikitractor\/eficiencia-energetica-en-los-tractores-agricolas\/\" \/>\n<meta property=\"og:site_name\" content=\"Agriquipo, noticias agr\u00edcolas\" \/>\n<meta property=\"article:published_time\" content=\"2022-10-19T08:01:34+00:00\" \/>\n<meta property=\"article:modified_time\" content=\"2022-10-19T08:01:36+00:00\" \/>\n<meta property=\"og:image\" content=\"https:\/\/agriquipo.com\/blog\/wp-content\/uploads\/2022\/10\/eficienciaenergeticatractores.jpg\" \/>\n\t<meta property=\"og:image:width\" content=\"1920\" \/>\n\t<meta property=\"og:image:height\" content=\"460\" \/>\n\t<meta property=\"og:image:type\" content=\"image\/jpeg\" \/>\n<meta name=\"author\" content=\"Jos\u00e9 M\u00aa D\u00edaz S\u00e1nchez\" \/>\n<meta name=\"twitter:card\" content=\"summary_large_image\" \/>\n<meta name=\"twitter:label1\" content=\"Escrito por\" \/>\n\t<meta name=\"twitter:data1\" content=\"Jos\u00e9 M\u00aa D\u00edaz S\u00e1nchez\" \/>\n\t<meta name=\"twitter:label2\" content=\"Tiempo de lectura\" \/>\n\t<meta name=\"twitter:data2\" content=\"6 minutos\" \/>\n<script type=\"application\/ld+json\" class=\"yoast-schema-graph\">{\"@context\":\"https:\/\/schema.org\",\"@graph\":[{\"@type\":\"Article\",\"@id\":\"https:\/\/agriquipo.com\/blog\/tractores\/wikitractor\/eficiencia-energetica-en-los-tractores-agricolas\/#article\",\"isPartOf\":{\"@id\":\"https:\/\/agriquipo.com\/blog\/tractores\/wikitractor\/eficiencia-energetica-en-los-tractores-agricolas\/\"},\"author\":{\"name\":\"Jos\u00e9 M\u00aa D\u00edaz S\u00e1nchez\",\"@id\":\"https:\/\/agriquipo.com\/blog\/#\/schema\/person\/37bd003ca0b8c0922de362951e177727\"},\"headline\":\"Eficiencia Energ\u00e9tica en los tractores agr\u00edcolas\",\"datePublished\":\"2022-10-19T08:01:34+00:00\",\"dateModified\":\"2022-10-19T08:01:36+00:00\",\"mainEntityOfPage\":{\"@id\":\"https:\/\/agriquipo.com\/blog\/tractores\/wikitractor\/eficiencia-energetica-en-los-tractores-agricolas\/\"},\"wordCount\":1308,\"commentCount\":0,\"publisher\":{\"@id\":\"https:\/\/agriquipo.com\/blog\/#organization\"},\"image\":{\"@id\":\"https:\/\/agriquipo.com\/blog\/tractores\/wikitractor\/eficiencia-energetica-en-los-tractores-agricolas\/#primaryimage\"},\"thumbnailUrl\":\"https:\/\/agriquipo.com\/blog\/wp-content\/uploads\/2022\/10\/eficienciaenergeticatractores.jpg\",\"articleSection\":[\"Wikitractor\"],\"inLanguage\":\"es\",\"potentialAction\":[{\"@type\":\"CommentAction\",\"name\":\"Comment\",\"target\":[\"https:\/\/agriquipo.com\/blog\/tractores\/wikitractor\/eficiencia-energetica-en-los-tractores-agricolas\/#respond\"]}]},{\"@type\":\"WebPage\",\"@id\":\"https:\/\/agriquipo.com\/blog\/tractores\/wikitractor\/eficiencia-energetica-en-los-tractores-agricolas\/\",\"url\":\"https:\/\/agriquipo.com\/blog\/tractores\/wikitractor\/eficiencia-energetica-en-los-tractores-agricolas\/\",\"name\":\"\u226bEficiencia Energ\u00e9tica en los tractores agr\u00edcolas | Agriquipo\",\"isPartOf\":{\"@id\":\"https:\/\/agriquipo.com\/blog\/#website\"},\"primaryImageOfPage\":{\"@id\":\"https:\/\/agriquipo.com\/blog\/tractores\/wikitractor\/eficiencia-energetica-en-los-tractores-agricolas\/#primaryimage\"},\"image\":{\"@id\":\"https:\/\/agriquipo.com\/blog\/tractores\/wikitractor\/eficiencia-energetica-en-los-tractores-agricolas\/#primaryimage\"},\"thumbnailUrl\":\"https:\/\/agriquipo.com\/blog\/wp-content\/uploads\/2022\/10\/eficienciaenergeticatractores.jpg\",\"datePublished\":\"2022-10-19T08:01:34+00:00\",\"dateModified\":\"2022-10-19T08:01:36+00:00\",\"breadcrumb\":{\"@id\":\"https:\/\/agriquipo.com\/blog\/tractores\/wikitractor\/eficiencia-energetica-en-los-tractores-agricolas\/#breadcrumb\"},\"inLanguage\":\"es\",\"potentialAction\":[{\"@type\":\"ReadAction\",\"target\":[\"https:\/\/agriquipo.com\/blog\/tractores\/wikitractor\/eficiencia-energetica-en-los-tractores-agricolas\/\"]}]},{\"@type\":\"ImageObject\",\"inLanguage\":\"es\",\"@id\":\"https:\/\/agriquipo.com\/blog\/tractores\/wikitractor\/eficiencia-energetica-en-los-tractores-agricolas\/#primaryimage\",\"url\":\"https:\/\/agriquipo.com\/blog\/wp-content\/uploads\/2022\/10\/eficienciaenergeticatractores.jpg\",\"contentUrl\":\"https:\/\/agriquipo.com\/blog\/wp-content\/uploads\/2022\/10\/eficienciaenergeticatractores.jpg\",\"width\":1920,\"height\":460,\"caption\":\"204KOEH\"},{\"@type\":\"BreadcrumbList\",\"@id\":\"https:\/\/agriquipo.com\/blog\/tractores\/wikitractor\/eficiencia-energetica-en-los-tractores-agricolas\/#breadcrumb\",\"itemListElement\":[{\"@type\":\"ListItem\",\"position\":1,\"name\":\"Inicio\",\"item\":\"https:\/\/agriquipo.com\/blog\/\"},{\"@type\":\"ListItem\",\"position\":2,\"name\":\"Tractores\",\"item\":\"https:\/\/agriquipo.com\/blog\/tractores\/\"},{\"@type\":\"ListItem\",\"position\":3,\"name\":\"Wikitractor\",\"item\":\"https:\/\/agriquipo.com\/blog\/tractores\/wikitractor\/\"},{\"@type\":\"ListItem\",\"position\":4,\"name\":\"Eficiencia Energ\u00e9tica en los tractores agr\u00edcolas\"}]},{\"@type\":\"WebSite\",\"@id\":\"https:\/\/agriquipo.com\/blog\/#website\",\"url\":\"https:\/\/agriquipo.com\/blog\/\",\"name\":\"Agriquipo, noticias agr\u00edcolas\",\"description\":\"\",\"publisher\":{\"@id\":\"https:\/\/agriquipo.com\/blog\/#organization\"},\"potentialAction\":[{\"@type\":\"SearchAction\",\"target\":{\"@type\":\"EntryPoint\",\"urlTemplate\":\"https:\/\/agriquipo.com\/blog\/?s={search_term_string}\"},\"query-input\":\"required name=search_term_string\"}],\"inLanguage\":\"es\"},{\"@type\":\"Organization\",\"@id\":\"https:\/\/agriquipo.com\/blog\/#organization\",\"name\":\"Agriquipo, noticias agr\u00edcolas\",\"url\":\"https:\/\/agriquipo.com\/blog\/\",\"logo\":{\"@type\":\"ImageObject\",\"inLanguage\":\"es\",\"@id\":\"https:\/\/agriquipo.com\/blog\/#\/schema\/logo\/image\/\",\"url\":\"https:\/\/agriquipo.com\/blog\/wp-content\/uploads\/2022\/09\/cropped-cropped-agriquipo.jpg\",\"contentUrl\":\"https:\/\/agriquipo.com\/blog\/wp-content\/uploads\/2022\/09\/cropped-cropped-agriquipo.jpg\",\"width\":296,\"height\":53,\"caption\":\"Agriquipo, noticias agr\u00edcolas\"},\"image\":{\"@id\":\"https:\/\/agriquipo.com\/blog\/#\/schema\/logo\/image\/\"}},{\"@type\":\"Person\",\"@id\":\"https:\/\/agriquipo.com\/blog\/#\/schema\/person\/37bd003ca0b8c0922de362951e177727\",\"name\":\"Jos\u00e9 M\u00aa D\u00edaz S\u00e1nchez\",\"image\":{\"@type\":\"ImageObject\",\"inLanguage\":\"es\",\"@id\":\"https:\/\/agriquipo.com\/blog\/#\/schema\/person\/image\/\",\"url\":\"https:\/\/secure.gravatar.com\/avatar\/f78b2388c99e4ca1df8a0929b03fd9c38291314cb70ee5431b63a88f250c3961?s=96&d=mm&r=g\",\"contentUrl\":\"https:\/\/secure.gravatar.com\/avatar\/f78b2388c99e4ca1df8a0929b03fd9c38291314cb70ee5431b63a88f250c3961?s=96&d=mm&r=g\",\"caption\":\"Jos\u00e9 M\u00aa D\u00edaz S\u00e1nchez\"},\"description\":\"Jos\u00e9 M\u00aa D\u00edaz S\u00e1nchez, Ingeriero T\u00e9cnico Agr\u00edcola. Profesional del campo y de la agricultura desde hace m\u00e1s de 20 a\u00f1os, asesorando a los agricultores y empresas agr\u00edcolas en su d\u00eda a d\u00eda\",\"sameAs\":[\"https:\/\/www.wikidata.org\/wiki\/Q108892695\"]}]}<\/script>\n<!-- \/ Yoast SEO Premium plugin. -->","yoast_head_json":{"title":"\u226bEficiencia Energ\u00e9tica en los tractores agr\u00edcolas | Agriquipo","robots":{"index":"index","follow":"follow","max-snippet":"max-snippet:-1","max-image-preview":"max-image-preview:large","max-video-preview":"max-video-preview:-1"},"canonical":"https:\/\/agriquipo.com\/blog\/tractores\/wikitractor\/eficiencia-energetica-en-los-tractores-agricolas\/","og_locale":"es_ES","og_type":"article","og_title":"Eficiencia Energ\u00e9tica en los tractores agr\u00edcolas","og_description":"... Leer m\u00e1s","og_url":"https:\/\/agriquipo.com\/blog\/tractores\/wikitractor\/eficiencia-energetica-en-los-tractores-agricolas\/","og_site_name":"Agriquipo, noticias agr\u00edcolas","article_published_time":"2022-10-19T08:01:34+00:00","article_modified_time":"2022-10-19T08:01:36+00:00","og_image":[{"width":1920,"height":460,"url":"https:\/\/agriquipo.com\/blog\/wp-content\/uploads\/2022\/10\/eficienciaenergeticatractores.jpg","type":"image\/jpeg"}],"author":"Jos\u00e9 M\u00aa D\u00edaz S\u00e1nchez","twitter_card":"summary_large_image","twitter_misc":{"Escrito por":"Jos\u00e9 M\u00aa D\u00edaz S\u00e1nchez","Tiempo de lectura":"6 minutos"},"schema":{"@context":"https:\/\/schema.org","@graph":[{"@type":"Article","@id":"https:\/\/agriquipo.com\/blog\/tractores\/wikitractor\/eficiencia-energetica-en-los-tractores-agricolas\/#article","isPartOf":{"@id":"https:\/\/agriquipo.com\/blog\/tractores\/wikitractor\/eficiencia-energetica-en-los-tractores-agricolas\/"},"author":{"name":"Jos\u00e9 M\u00aa D\u00edaz S\u00e1nchez","@id":"https:\/\/agriquipo.com\/blog\/#\/schema\/person\/37bd003ca0b8c0922de362951e177727"},"headline":"Eficiencia Energ\u00e9tica en los tractores agr\u00edcolas","datePublished":"2022-10-19T08:01:34+00:00","dateModified":"2022-10-19T08:01:36+00:00","mainEntityOfPage":{"@id":"https:\/\/agriquipo.com\/blog\/tractores\/wikitractor\/eficiencia-energetica-en-los-tractores-agricolas\/"},"wordCount":1308,"commentCount":0,"publisher":{"@id":"https:\/\/agriquipo.com\/blog\/#organization"},"image":{"@id":"https:\/\/agriquipo.com\/blog\/tractores\/wikitractor\/eficiencia-energetica-en-los-tractores-agricolas\/#primaryimage"},"thumbnailUrl":"https:\/\/agriquipo.com\/blog\/wp-content\/uploads\/2022\/10\/eficienciaenergeticatractores.jpg","articleSection":["Wikitractor"],"inLanguage":"es","potentialAction":[{"@type":"CommentAction","name":"Comment","target":["https:\/\/agriquipo.com\/blog\/tractores\/wikitractor\/eficiencia-energetica-en-los-tractores-agricolas\/#respond"]}]},{"@type":"WebPage","@id":"https:\/\/agriquipo.com\/blog\/tractores\/wikitractor\/eficiencia-energetica-en-los-tractores-agricolas\/","url":"https:\/\/agriquipo.com\/blog\/tractores\/wikitractor\/eficiencia-energetica-en-los-tractores-agricolas\/","name":"\u226bEficiencia Energ\u00e9tica en los tractores agr\u00edcolas | Agriquipo","isPartOf":{"@id":"https:\/\/agriquipo.com\/blog\/#website"},"primaryImageOfPage":{"@id":"https:\/\/agriquipo.com\/blog\/tractores\/wikitractor\/eficiencia-energetica-en-los-tractores-agricolas\/#primaryimage"},"image":{"@id":"https:\/\/agriquipo.com\/blog\/tractores\/wikitractor\/eficiencia-energetica-en-los-tractores-agricolas\/#primaryimage"},"thumbnailUrl":"https:\/\/agriquipo.com\/blog\/wp-content\/uploads\/2022\/10\/eficienciaenergeticatractores.jpg","datePublished":"2022-10-19T08:01:34+00:00","dateModified":"2022-10-19T08:01:36+00:00","breadcrumb":{"@id":"https:\/\/agriquipo.com\/blog\/tractores\/wikitractor\/eficiencia-energetica-en-los-tractores-agricolas\/#breadcrumb"},"inLanguage":"es","potentialAction":[{"@type":"ReadAction","target":["https:\/\/agriquipo.com\/blog\/tractores\/wikitractor\/eficiencia-energetica-en-los-tractores-agricolas\/"]}]},{"@type":"ImageObject","inLanguage":"es","@id":"https:\/\/agriquipo.com\/blog\/tractores\/wikitractor\/eficiencia-energetica-en-los-tractores-agricolas\/#primaryimage","url":"https:\/\/agriquipo.com\/blog\/wp-content\/uploads\/2022\/10\/eficienciaenergeticatractores.jpg","contentUrl":"https:\/\/agriquipo.com\/blog\/wp-content\/uploads\/2022\/10\/eficienciaenergeticatractores.jpg","width":1920,"height":460,"caption":"204KOEH"},{"@type":"BreadcrumbList","@id":"https:\/\/agriquipo.com\/blog\/tractores\/wikitractor\/eficiencia-energetica-en-los-tractores-agricolas\/#breadcrumb","itemListElement":[{"@type":"ListItem","position":1,"name":"Inicio","item":"https:\/\/agriquipo.com\/blog\/"},{"@type":"ListItem","position":2,"name":"Tractores","item":"https:\/\/agriquipo.com\/blog\/tractores\/"},{"@type":"ListItem","position":3,"name":"Wikitractor","item":"https:\/\/agriquipo.com\/blog\/tractores\/wikitractor\/"},{"@type":"ListItem","position":4,"name":"Eficiencia Energ\u00e9tica en los tractores agr\u00edcolas"}]},{"@type":"WebSite","@id":"https:\/\/agriquipo.com\/blog\/#website","url":"https:\/\/agriquipo.com\/blog\/","name":"Agriquipo, noticias agr\u00edcolas","description":"","publisher":{"@id":"https:\/\/agriquipo.com\/blog\/#organization"},"potentialAction":[{"@type":"SearchAction","target":{"@type":"EntryPoint","urlTemplate":"https:\/\/agriquipo.com\/blog\/?s={search_term_string}"},"query-input":"required name=search_term_string"}],"inLanguage":"es"},{"@type":"Organization","@id":"https:\/\/agriquipo.com\/blog\/#organization","name":"Agriquipo, noticias agr\u00edcolas","url":"https:\/\/agriquipo.com\/blog\/","logo":{"@type":"ImageObject","inLanguage":"es","@id":"https:\/\/agriquipo.com\/blog\/#\/schema\/logo\/image\/","url":"https:\/\/agriquipo.com\/blog\/wp-content\/uploads\/2022\/09\/cropped-cropped-agriquipo.jpg","contentUrl":"https:\/\/agriquipo.com\/blog\/wp-content\/uploads\/2022\/09\/cropped-cropped-agriquipo.jpg","width":296,"height":53,"caption":"Agriquipo, noticias agr\u00edcolas"},"image":{"@id":"https:\/\/agriquipo.com\/blog\/#\/schema\/logo\/image\/"}},{"@type":"Person","@id":"https:\/\/agriquipo.com\/blog\/#\/schema\/person\/37bd003ca0b8c0922de362951e177727","name":"Jos\u00e9 M\u00aa D\u00edaz S\u00e1nchez","image":{"@type":"ImageObject","inLanguage":"es","@id":"https:\/\/agriquipo.com\/blog\/#\/schema\/person\/image\/","url":"https:\/\/secure.gravatar.com\/avatar\/f78b2388c99e4ca1df8a0929b03fd9c38291314cb70ee5431b63a88f250c3961?s=96&d=mm&r=g","contentUrl":"https:\/\/secure.gravatar.com\/avatar\/f78b2388c99e4ca1df8a0929b03fd9c38291314cb70ee5431b63a88f250c3961?s=96&d=mm&r=g","caption":"Jos\u00e9 M\u00aa D\u00edaz S\u00e1nchez"},"description":"Jos\u00e9 M\u00aa D\u00edaz S\u00e1nchez, Ingeriero T\u00e9cnico Agr\u00edcola. Profesional del campo y de la agricultura desde hace m\u00e1s de 20 a\u00f1os, asesorando a los agricultores y empresas agr\u00edcolas en su d\u00eda a d\u00eda","sameAs":["https:\/\/www.wikidata.org\/wiki\/Q108892695"]}]}},"_links":{"self":[{"href":"https:\/\/agriquipo.com\/blog\/wp-json\/wp\/v2\/posts\/2777","targetHints":{"allow":["GET"]}}],"collection":[{"href":"https:\/\/agriquipo.com\/blog\/wp-json\/wp\/v2\/posts"}],"about":[{"href":"https:\/\/agriquipo.com\/blog\/wp-json\/wp\/v2\/types\/post"}],"author":[{"embeddable":true,"href":"https:\/\/agriquipo.com\/blog\/wp-json\/wp\/v2\/users\/1"}],"replies":[{"embeddable":true,"href":"https:\/\/agriquipo.com\/blog\/wp-json\/wp\/v2\/comments?post=2777"}],"version-history":[{"count":1,"href":"https:\/\/agriquipo.com\/blog\/wp-json\/wp\/v2\/posts\/2777\/revisions"}],"predecessor-version":[{"id":2780,"href":"https:\/\/agriquipo.com\/blog\/wp-json\/wp\/v2\/posts\/2777\/revisions\/2780"}],"wp:featuredmedia":[{"embeddable":true,"href":"https:\/\/agriquipo.com\/blog\/wp-json\/wp\/v2\/media\/2779"}],"wp:attachment":[{"href":"https:\/\/agriquipo.com\/blog\/wp-json\/wp\/v2\/media?parent=2777"}],"wp:term":[{"taxonomy":"category","embeddable":true,"href":"https:\/\/agriquipo.com\/blog\/wp-json\/wp\/v2\/categories?post=2777"},{"taxonomy":"post_tag","embeddable":true,"href":"https:\/\/agriquipo.com\/blog\/wp-json\/wp\/v2\/tags?post=2777"}],"curies":[{"name":"wp","href":"https:\/\/api.w.org\/{rel}","templated":true}]}}