{"id":2748,"date":"2022-10-18T08:44:25","date_gmt":"2022-10-18T08:44:25","guid":{"rendered":"https:\/\/agriquipo.com\/blog\/?p=2748"},"modified":"2022-10-18T08:45:36","modified_gmt":"2022-10-18T08:45:36","slug":"historia-de-deutz-fahr-uno-de-los-grandes","status":"publish","type":"post","link":"https:\/\/agriquipo.com\/blog\/tractores\/wikitractor\/historia-de-deutz-fahr-uno-de-los-grandes\/","title":{"rendered":"Historia de Deutz-Fahr: Uno de los grandes"},"content":{"rendered":"\n\n<div class=\"kk-star-ratings kksr-auto kksr-align-left kksr-valign-top\"\n    data-payload='{&quot;align&quot;:&quot;left&quot;,&quot;id&quot;:&quot;2748&quot;,&quot;slug&quot;:&quot;default&quot;,&quot;valign&quot;:&quot;top&quot;,&quot;ignore&quot;:&quot;&quot;,&quot;reference&quot;:&quot;auto&quot;,&quot;class&quot;:&quot;&quot;,&quot;count&quot;:&quot;2&quot;,&quot;legendonly&quot;:&quot;&quot;,&quot;readonly&quot;:&quot;&quot;,&quot;score&quot;:&quot;5&quot;,&quot;starsonly&quot;:&quot;&quot;,&quot;best&quot;:&quot;5&quot;,&quot;gap&quot;:&quot;5&quot;,&quot;greet&quot;:&quot;Valora este post&quot;,&quot;legend&quot;:&quot;5\\\/5 - (2 votos)&quot;,&quot;size&quot;:&quot;24&quot;,&quot;title&quot;:&quot;Historia de Deutz-Fahr: Uno de los grandes&quot;,&quot;width&quot;:&quot;142.5&quot;,&quot;_legend&quot;:&quot;{score}\\\/{best} - ({count} {votes})&quot;,&quot;font_factor&quot;:&quot;1.25&quot;}'>\n            \n<div class=\"kksr-stars\">\n    \n<div class=\"kksr-stars-inactive\">\n            <div class=\"kksr-star\" data-star=\"1\" style=\"padding-right: 5px\">\n            \n\n<div class=\"kksr-icon\" style=\"width: 24px; height: 24px;\"><\/div>\n        <\/div>\n            <div class=\"kksr-star\" data-star=\"2\" style=\"padding-right: 5px\">\n            \n\n<div class=\"kksr-icon\" style=\"width: 24px; height: 24px;\"><\/div>\n        <\/div>\n            <div class=\"kksr-star\" data-star=\"3\" style=\"padding-right: 5px\">\n            \n\n<div class=\"kksr-icon\" style=\"width: 24px; height: 24px;\"><\/div>\n        <\/div>\n            <div class=\"kksr-star\" data-star=\"4\" style=\"padding-right: 5px\">\n            \n\n<div class=\"kksr-icon\" style=\"width: 24px; height: 24px;\"><\/div>\n        <\/div>\n            <div class=\"kksr-star\" data-star=\"5\" style=\"padding-right: 5px\">\n            \n\n<div class=\"kksr-icon\" style=\"width: 24px; height: 24px;\"><\/div>\n        <\/div>\n    <\/div>\n    \n<div class=\"kksr-stars-active\" style=\"width: 142.5px;\">\n            <div class=\"kksr-star\" style=\"padding-right: 5px\">\n            \n\n<div class=\"kksr-icon\" style=\"width: 24px; height: 24px;\"><\/div>\n        <\/div>\n            <div class=\"kksr-star\" style=\"padding-right: 5px\">\n            \n\n<div class=\"kksr-icon\" style=\"width: 24px; height: 24px;\"><\/div>\n        <\/div>\n            <div class=\"kksr-star\" style=\"padding-right: 5px\">\n            \n\n<div class=\"kksr-icon\" style=\"width: 24px; height: 24px;\"><\/div>\n        <\/div>\n            <div class=\"kksr-star\" style=\"padding-right: 5px\">\n            \n\n<div class=\"kksr-icon\" style=\"width: 24px; height: 24px;\"><\/div>\n        <\/div>\n            <div class=\"kksr-star\" style=\"padding-right: 5px\">\n            \n\n<div class=\"kksr-icon\" style=\"width: 24px; height: 24px;\"><\/div>\n        <\/div>\n    <\/div>\n<\/div>\n                \n\n<div class=\"kksr-legend\" style=\"font-size: 19.2px;\">\n            5\/5 - (2 votos)    <\/div>\n    <\/div>\n\n<p><strong>Deutz-Fahr<\/strong>&nbsp;posee una historia que comenz\u00f3 en la d\u00e9cada de los 50 en pleno siglo XX, estando cargadas de similitudes en sus inicios, pero llenos de \u00e9xito, algo que sin duda alguna le ha valido de mucho para abrirse camino en el dif\u00edcil y tan competido mercado internacional. Adem\u00e1s de ser considerada la mejor marca de&nbsp;maquinaria agr\u00edcola&nbsp;por los&nbsp;alemanes.<\/p>\n\n\n\n<p>Si deseas conocer m\u00e1s sobre su&nbsp;<strong>historia del&nbsp;<\/strong><strong>tractor Deutz- Fahr<\/strong>&nbsp;te invitamos a quedarte con nosotros hasta el final.<\/p>\n\n\n\n<div id=\"ez-toc-container\" class=\"ez-toc-v2_0_66_1 counter-hierarchy ez-toc-counter ez-toc-grey ez-toc-container-direction\">\n<div class=\"ez-toc-title-container\">\n<p class=\"ez-toc-title \" >&Iacute;ndice<\/p>\n<span class=\"ez-toc-title-toggle\"><a href=\"#\" class=\"ez-toc-pull-right ez-toc-btn ez-toc-btn-xs ez-toc-btn-default ez-toc-toggle\" aria-label=\"Toggle Table of Content\"><span class=\"ez-toc-js-icon-con\"><span class=\"\"><span class=\"eztoc-hide\" style=\"display:none;\">Toggle<\/span><span class=\"ez-toc-icon-toggle-span\"><svg style=\"fill: #999;color:#999\" xmlns=\"http:\/\/www.w3.org\/2000\/svg\" class=\"list-377408\" width=\"20px\" height=\"20px\" viewBox=\"0 0 24 24\" fill=\"none\"><path d=\"M6 6H4v2h2V6zm14 0H8v2h12V6zM4 11h2v2H4v-2zm16 0H8v2h12v-2zM4 16h2v2H4v-2zm16 0H8v2h12v-2z\" fill=\"currentColor\"><\/path><\/svg><svg style=\"fill: #999;color:#999\" class=\"arrow-unsorted-368013\" xmlns=\"http:\/\/www.w3.org\/2000\/svg\" width=\"10px\" height=\"10px\" viewBox=\"0 0 24 24\" version=\"1.2\" baseProfile=\"tiny\"><path d=\"M18.2 9.3l-6.2-6.3-6.2 6.3c-.2.2-.3.4-.3.7s.1.5.3.7c.2.2.4.3.7.3h11c.3 0 .5-.1.7-.3.2-.2.3-.5.3-.7s-.1-.5-.3-.7zM5.8 14.7l6.2 6.3 6.2-6.3c.2-.2.3-.5.3-.7s-.1-.5-.3-.7c-.2-.2-.4-.3-.7-.3h-11c-.3 0-.5.1-.7.3-.2.2-.3.5-.3.7s.1.5.3.7z\"\/><\/svg><\/span><\/span><\/span><\/a><\/span><\/div>\n<nav><ul class='ez-toc-list ez-toc-list-level-1 eztoc-toggle-hide-by-default' ><li class='ez-toc-page-1 ez-toc-heading-level-2'><a class=\"ez-toc-link ez-toc-heading-1\" href=\"https:\/\/agriquipo.com\/blog\/tractores\/wikitractor\/historia-de-deutz-fahr-uno-de-los-grandes\/#Breve_introduccion_a_la_historia_de_Deutz-Fahr\" title=\"Breve introducci\u00f3n a la historia de Deutz-Fahr\u00a0\">Breve introducci\u00f3n a la historia de Deutz-Fahr\u00a0<\/a><\/li><li class='ez-toc-page-1 ez-toc-heading-level-2'><a class=\"ez-toc-link ez-toc-heading-2\" href=\"https:\/\/agriquipo.com\/blog\/tractores\/wikitractor\/historia-de-deutz-fahr-uno-de-los-grandes\/#%C2%BFQuien_era_Johann_Georg_Fahr\" title=\"\u00bfQui\u00e9n era Johann Georg Fahr?\u00a0\">\u00bfQui\u00e9n era Johann Georg Fahr?\u00a0<\/a><\/li><li class='ez-toc-page-1 ez-toc-heading-level-2'><a class=\"ez-toc-link ez-toc-heading-3\" href=\"https:\/\/agriquipo.com\/blog\/tractores\/wikitractor\/historia-de-deutz-fahr-uno-de-los-grandes\/#Origen_de_la_marca\" title=\"Origen de la marca\u00a0\">Origen de la marca\u00a0<\/a><\/li><li class='ez-toc-page-1 ez-toc-heading-level-2'><a class=\"ez-toc-link ez-toc-heading-4\" href=\"https:\/\/agriquipo.com\/blog\/tractores\/wikitractor\/historia-de-deutz-fahr-uno-de-los-grandes\/#Historia_mas_reciente_de_Deutz-Fahr\" title=\"Historia m\u00e1s reciente de Deutz-Fahr\u00a0\">Historia m\u00e1s reciente de Deutz-Fahr\u00a0<\/a><\/li><li class='ez-toc-page-1 ez-toc-heading-level-2'><a class=\"ez-toc-link ez-toc-heading-5\" href=\"https:\/\/agriquipo.com\/blog\/tractores\/wikitractor\/historia-de-deutz-fahr-uno-de-los-grandes\/#Los_mejores_modelos_de_tractores_Deutz-Fahr\" title=\"Los mejores modelos de tractores Deutz-Fahr\u00a0\">Los mejores modelos de tractores Deutz-Fahr\u00a0<\/a><\/li><\/ul><\/nav><\/div>\n<h2 class=\"wp-block-heading\" id=\"h-breve-introduccion-a-la-historia-de-deutz-fahr\"><span class=\"ez-toc-section\" id=\"Breve_introduccion_a_la_historia_de_Deutz-Fahr\"><\/span><strong>Breve introducci\u00f3n a la historia de Deutz-Fahr\u00a0<\/strong><span class=\"ez-toc-section-end\"><\/span><\/h2>\n\n\n\n<p>Corr\u00eda el a\u00f1o de 1864 cuando&nbsp;<strong><a href=\"https:\/\/es.wikipedia.org\/wiki\/Nicolaus_Otto\">Nicolaus Augost Otto<\/a><\/strong>&nbsp;y Eugen Laugen abren la primera f\u00e1brica de motores llamada&nbsp;<strong>Motorenfabrik N.A Otto &amp; Cie<\/strong>.&nbsp;&nbsp;Llegando a ser un referente en el mundo. Despu\u00e9s de varios a\u00f1os y arduas negociaciones, se cambia el nombre de la compa\u00f1\u00eda a&nbsp;<strong>Klockner-Humboldt-Deutz AG- Otto &amp; Cie<\/strong>, llegando a conocerse por sus siglas KHD. Gracias a la fama obtenida con la primera empresa, y sus pol\u00edticas de calidad sirvieron como catapulta para afianzarse en el mercado global.<\/p>\n\n\n\n<p>Ya en el a\u00f1o de 1890 y en suelo norteamericano, respectivamente en Filadelfia logra fabricar su primera&nbsp;<strong>maquinaria agr\u00edcola<\/strong>&nbsp;como lo fue una cosechadora con un dise\u00f1o innovador. Despu\u00e9s de estudios y dise\u00f1os se logra crear el primer tractor usando un motor a gasolina, luego en 1927 se incorpora al tractor el motor diesel y se procede a fabricarse en serie durante los inicios de 1949.&nbsp;&nbsp;&nbsp;<\/p>\n\n\n\n<h2 class=\"wp-block-heading\" id=\"h-quien-era-johann-georg-fahr\"><span class=\"ez-toc-section\" id=\"%C2%BFQuien_era_Johann_Georg_Fahr\"><\/span><strong>\u00bfQui\u00e9n era Johann Georg Fahr?\u00a0<\/strong><span class=\"ez-toc-section-end\"><\/span><\/h2>\n\n\n\n<p>Fue un experto en mec\u00e1nica adelantado a su \u00e9poca, ya que no solo se dedic\u00f3 a la fabricaci\u00f3n de motores, sino que tambi\u00e9n fue un gran dise\u00f1ador de m\u00e1quinas. Oriundo de la hermosa ciudad de&nbsp;<strong><a href=\"https:\/\/es.wikipedia.org\/wiki\/Gottmadingen\">Gottmadingen<\/a><\/strong>&nbsp;perteneciente al distrito de Constanza, naci\u00f3 el 26 de abril de 1836, su muerte ocurri\u00f3 el 23 de marzo de 1916 en su misma ciudad.<\/p>\n\n\n\n<p>Desde joven Johann George Fahr tuvo una gran habilidad con la mec\u00e1nica, gracias a esta habilidad innata pudo trabajar en reconocidas compa\u00f1\u00edas en el \u00e1rea de la ingenier\u00eda mec\u00e1nica, llegando a ser capataz en la prestigiosa f\u00e1brica de m\u00e1quinas Rauschenbach en la ciudad de Schaffhausen. Gracias a esta oportunidad Johann pudo adquirir una gran cantidad de experiencia en la elaboraci\u00f3n de motores y m\u00e1quinas para la <strong><span style=\"background-color: yellow;\"><a href=\"https:\/\/agriquipo.com\/blog\/agricultura\/wikicultivos\/como-surgio-la-agricultura\/\">agricultura<\/a><\/span><\/strong>.<\/p>\n\n\n\n<p>Luego en 1870, regresa a su tierra que lo vio nacer para emprender y fundar su propia compa\u00f1\u00eda llamada&nbsp;<strong>Maschinenfabrik Fahr<\/strong>, que ser dedicada a abastecer el mercado con m\u00e1quinas cortadoras de henos. Con el tiempo la empresa&nbsp;<strong>Fahr<\/strong>&nbsp;logr\u00f3 crear una m\u00e1quina cortadora de pasto mejorado y con un dise\u00f1o muy innovador a la \u00e9poca, cuyo rendimiento era mucho mejor que otros que hab\u00eda en el mercado. Gracias a la eficiencia que ten\u00eda esta m\u00e1quina se lograron obtener buenas ventas tanto en&nbsp;<strong>Austria<\/strong>&nbsp;como en Alemania.<\/p>\n\n\n\n<p>El \u00e9xito fue tal que Fahr pudo ampliar su programa de producci\u00f3n que en su momento era modesto en tama\u00f1o. Con el transcurrir de los meses la empresa empez\u00f3 a experimentar un crecimiento exponencial llegando a tener varias l\u00edneas de desarrollo donde se pudieron a\u00f1adir nuevos productos como las trilladoras manuales, las estacas, prensas para el vino, molinos para frutas, molinos para diferentes usos, y cortadoras de remolachas. Cada uno de estos elementos pudo mejorarse con el tiempo.<\/p>\n\n\n\n<p>La compa\u00f1\u00eda sigui\u00f3 con su programa de expansi\u00f3n llegando a instalar una fundidora de todo tipo de metales y una planta para la fabricaci\u00f3n de m\u00e1quinas de vapor. A inicios del a\u00f1o 1880 Fahr comenz\u00f3 a exportar cada uno de sus productos en Norteam\u00e9rica llegando a incluir cortac\u00e9sped, henificadoras de horquilla, segadoras de cereales y rastrillos para ser usado con caballos.<\/p>\n\n\n\n<p>Llegado el a\u00f1o de 1895 Fahr comenz\u00f3 a elaborar todo este tipo de maquinaria por su cuenta llegando a adaptarles algunas mejoras, esto con el fin de poder trabajar bajo las condiciones dif\u00edciles que est\u00e1n presentes en la agricultura alemana y austriaca. Gracias a esta pol\u00edtica de innovaci\u00f3n que ten\u00eda&nbsp;<strong>Johann G. Fahr<\/strong>&nbsp;las ventas aumentaron mucho llegando a convertirse en uno de las personas que contribuyeron a la mecanizaci\u00f3n agr\u00edcola en Alemania.<\/p>\n\n\n\n<p>Entre los productos que m\u00e1s ventas tuvo la empresa y que al mismo tiempo permiti\u00f3 que Fahr fuera conocido de manera internacional fue gracias a su primer tractor modelo F22 fabricado en 1938 en el cual contaba con un motor diesel de dos cilindros F2M414 de 22 hp. Esto gracias a la idea que dio Wilfred Fahr y Bernhard Flerlage.<\/p>\n\n\n\n<h2 class=\"wp-block-heading\" id=\"h-origen-de-la-marca\"><span class=\"ez-toc-section\" id=\"Origen_de_la_marca\"><\/span><strong>Origen de la marca\u00a0<\/strong><span class=\"ez-toc-section-end\"><\/span><\/h2>\n\n\n\n<p>La compa\u00f1\u00eda inicia su historia cuando&nbsp;<strong>Nicolaus August Otto<\/strong>&nbsp;funda la empresa Motorenfabrik N.A. Otto y Cie. En el a\u00f1o de 1864, luego de dos a\u00f1os dicha empresa cambia de nombre y pasa a llamarse Klockner-Humboldt-Deutz AG (KHD), \u00e9l y Eugene Langen lograron crear el primer motor de combusti\u00f3n de chispa de cuatro tiempos. Estos motores se empezaron a usar como trilladoras y empacadoras de forraje tiradas por caballos.<\/p>\n\n\n\n<p>El primer tractor fue fabricado en el a\u00f1o de 1927 bajo la nomenclatura Deutz MTH 222. Para el a\u00f1o de 1936 se present\u00f3 el segundo tractor en serie Deutz 11, llegando a poner la mecanizaci\u00f3n agr\u00edcola al alcance de todos en Alemania. Durante el periodo de la&nbsp;<strong>Segunda Guerra Mundial<\/strong>&nbsp;la compa\u00f1\u00eda&nbsp;<strong>Deutz<\/strong>&nbsp;logr\u00f3 evolucionar los motores que eran refrigerados con agua a ser refrigerados con aire logrando tener una mayor confiabilidad. Es importante destacar que este motor refrigerado con aire sigui\u00f3 siendo su factor distintivo que lo hac\u00eda diferente de otras marcas en la d\u00e9cada de los 90.<\/p>\n\n\n\n<p>Luego en 1968 el grupo empresarial&nbsp;<strong>Klockner-Humboldt-Deutz AG (KHD<\/strong>) adquiri\u00f3 la empresa l\u00edder en equipos para la agricultura Fahr llegando a fusionarse y teniendo el nombre&nbsp;<strong>Deutz-Fahr. Hoy en d\u00eda su trayectoria en la creaci\u00f3n de tractores y equipos agroindustriales es ampliamente conocida incluso ha llegado a superar en ventas a la marca italiana&nbsp;<a href=\"https:\/\/agriquipo.com\/marcas\/17-fiat\">Fiat<\/a><\/strong>.<\/p>\n\n\n\n<p>Desde que&nbsp;<strong><a href=\"https:\/\/agriquipo.com\/marcas\/1-deutz\">Deutz-Fahr<\/a>&nbsp;sac\u00f3 en 1952 su cosechadora autopropulsada, sus equipos han ido evolucionando y sobresaliendo tanto en innovaci\u00f3n como en calidad llegando a ofrecer un sin n\u00famero de contribuciones al sector agr\u00edcola mundial. Deutz-Fahr<\/strong>&nbsp;fue pionero en la instalaci\u00f3n de cabinas panor\u00e1micas en los tractores, tambi\u00e9n fueron los primeros en poner el eje delantero en forma suspendida, pero lo que termino revolucionando el inicio del siglo XXI fue con un tractor con <strong><span style=\"background-color: yellow;\"><a href=\"https:\/\/agriquipo.com\/blog\/tractores\/averias-del-tractor\/elementos-de-la-transmision-en-un-tractor\/\">transmisi\u00f3n<\/a><\/span><\/strong> variable.<\/p>\n\n\n\n<p>En la actualidad la corporaci\u00f3n&nbsp;<strong>Same-Deutz-Fahr<\/strong>&nbsp;contin\u00faa siendo la compa\u00f1\u00eda matriz de la marca Deutz-Fahr y al mismo tiempo es uno de los fabricantes l\u00edder en tractores, en la fabricaci\u00f3n de motores diesel, y en cosechadoras, incluso ha llegado a distribuirles diversos productos a marcas reconocidas como&nbsp;<strong>Fendt<\/strong>&nbsp;y Gregoire, Hurlimann, y&nbsp;<strong>Lamborghini<\/strong>&nbsp;Trattori.&nbsp;<\/p>\n\n\n\n<h2 class=\"wp-block-heading\" id=\"h-historia-mas-reciente-de-deutz-fahr\"><span class=\"ez-toc-section\" id=\"Historia_mas_reciente_de_Deutz-Fahr\"><\/span><strong>Historia m\u00e1s reciente de Deutz-Fahr\u00a0<\/strong><span class=\"ez-toc-section-end\"><\/span><\/h2>\n\n\n\n<p>Al d\u00eda de hoy esta marca contin\u00faa siendo l\u00edder a nivel mundial, pero vale destacar que, desde el mes de mayo del a\u00f1o 2017, la marca de\u00a0<strong>tractor Deutz-Fahr\u00a0<\/strong>se afianz\u00f3 en el complicado mercado internacional mostrando al mercado su planta de fabricaci\u00f3n de tractores Lauingen Deutz-Fahr Land, desde su sede en Alemania.<\/p>\n\n\n\n<p>Esta planta innovadora es producto de una inversi\u00f3n de m\u00e1s de 105 millones de d\u00f3lares y una planificaci\u00f3n de 3 a\u00f1os. En este lugar se podr\u00e1 producir tractores de 130 CV en adelante, adem\u00e1s se podr\u00e1n fabricar tractores de la serie 6,7 y 9 directo al mercado internacional.<\/p>\n\n\n\n<p>Gracias a esta inversi\u00f3n la empresa Deutz-Fahr podr\u00e1 brindarle tanto a los contratistas como a los agricultores todas las opciones posibles en cuanto a maquinaria con estilo \u00fanico se refiere, asimismo, con caracter\u00edsticas innovadoras, modernos motores, y una gran comodidad que no vas a conseguir en otra marca de tractores.<\/p>\n\n\n\n<h2 class=\"wp-block-heading\" id=\"h-los-mejores-modelos-de-tractores-deutz-fahr\"><span class=\"ez-toc-section\" id=\"Los_mejores_modelos_de_tractores_Deutz-Fahr\"><\/span><strong>Los mejores modelos de tractores Deutz-Fahr\u00a0<\/strong><span class=\"ez-toc-section-end\"><\/span><\/h2>\n\n\n\n<p>Entre los mejores modelos de tractores que cuenta Deutz-Fahr est\u00e1 el modelo Agrolux 80 Profitline, este fue una de las m\u00e1quinas m\u00e1s vendidas por la marca, ya que se destacaba por su amplia versatilidad y potencia.<\/p>\n\n\n\n<p>En Espa\u00f1a la marca de&nbsp;<strong>tractor Deutz-Fahr<\/strong>&nbsp;ha dispuesto de una gran variedad de modelos de tractores, partiendo de los tractores que solo tienen 36 hp hasta aquellos que tienen 400 hp. Asimismo vas a poder optar por&nbsp;<strong>tractores de la serie SDF 3042E, SDF Agromaxx 55 4WD, SDF Agrolux 50 2W<\/strong>&nbsp;y el mejor modelo de todos los tiempos, su l\u00ednea de&nbsp;<strong>tractores Agroton serie 9<\/strong>&nbsp;que posee un motor de 400 hp 4WD.<\/p>\n","protected":false},"excerpt":{"rendered":"<p> &#8230; <a title=\"Historia de Deutz-Fahr: Uno de los grandes\" class=\"read-more\" href=\"https:\/\/agriquipo.com\/blog\/tractores\/wikitractor\/historia-de-deutz-fahr-uno-de-los-grandes\/\" aria-label=\"M\u00e1s en Historia de Deutz-Fahr: Uno de los grandes\">Leer m\u00e1s<\/a><\/p>\n","protected":false},"author":1,"featured_media":2751,"comment_status":"open","ping_status":"open","sticky":false,"template":"","format":"standard","meta":{"footnotes":""},"categories":[5],"tags":[],"class_list":["post-2748","post","type-post","status-publish","format-standard","has-post-thumbnail","hentry","category-wikitractor","generate-columns","tablet-grid-50","mobile-grid-100","grid-parent","grid-33"],"yoast_head":"<!-- This site is optimized with the Yoast SEO Premium plugin v19.3 (Yoast SEO v22.8) - https:\/\/yoast.com\/wordpress\/plugins\/seo\/ -->\n<title>\u226bHistoria de Deutz-Fahr: Uno de los grandes | Agriquipo<\/title>\n<meta name=\"robots\" content=\"index, follow, max-snippet:-1, max-image-preview:large, max-video-preview:-1\" \/>\n<link rel=\"canonical\" href=\"https:\/\/agriquipo.com\/blog\/tractores\/wikitractor\/historia-de-deutz-fahr-uno-de-los-grandes\/\" \/>\n<meta property=\"og:locale\" content=\"es_ES\" \/>\n<meta property=\"og:type\" content=\"article\" \/>\n<meta property=\"og:title\" content=\"Historia de Deutz-Fahr: Uno de los grandes\" \/>\n<meta property=\"og:description\" content=\"... Leer m\u00e1s\" \/>\n<meta property=\"og:url\" content=\"https:\/\/agriquipo.com\/blog\/tractores\/wikitractor\/historia-de-deutz-fahr-uno-de-los-grandes\/\" \/>\n<meta property=\"og:site_name\" content=\"Agriquipo, noticias agr\u00edcolas\" \/>\n<meta property=\"article:published_time\" content=\"2022-10-18T08:44:25+00:00\" \/>\n<meta property=\"article:modified_time\" content=\"2022-10-18T08:45:36+00:00\" \/>\n<meta property=\"og:image\" content=\"https:\/\/agriquipo.com\/blog\/wp-content\/uploads\/2022\/10\/historiatractoresdeutz.jpg\" \/>\n\t<meta property=\"og:image:width\" content=\"800\" \/>\n\t<meta property=\"og:image:height\" content=\"532\" \/>\n\t<meta property=\"og:image:type\" content=\"image\/jpeg\" \/>\n<meta name=\"author\" content=\"Jos\u00e9 M\u00aa D\u00edaz S\u00e1nchez\" \/>\n<meta name=\"twitter:card\" content=\"summary_large_image\" \/>\n<meta name=\"twitter:label1\" content=\"Escrito por\" \/>\n\t<meta name=\"twitter:data1\" content=\"Jos\u00e9 M\u00aa D\u00edaz S\u00e1nchez\" \/>\n\t<meta name=\"twitter:label2\" content=\"Tiempo de lectura\" \/>\n\t<meta name=\"twitter:data2\" content=\"7 minutos\" \/>\n<script type=\"application\/ld+json\" class=\"yoast-schema-graph\">{\"@context\":\"https:\/\/schema.org\",\"@graph\":[{\"@type\":\"Article\",\"@id\":\"https:\/\/agriquipo.com\/blog\/tractores\/wikitractor\/historia-de-deutz-fahr-uno-de-los-grandes\/#article\",\"isPartOf\":{\"@id\":\"https:\/\/agriquipo.com\/blog\/tractores\/wikitractor\/historia-de-deutz-fahr-uno-de-los-grandes\/\"},\"author\":{\"name\":\"Jos\u00e9 M\u00aa D\u00edaz S\u00e1nchez\",\"@id\":\"https:\/\/agriquipo.com\/blog\/#\/schema\/person\/37bd003ca0b8c0922de362951e177727\"},\"headline\":\"Historia de Deutz-Fahr: Uno de los grandes\",\"datePublished\":\"2022-10-18T08:44:25+00:00\",\"dateModified\":\"2022-10-18T08:45:36+00:00\",\"mainEntityOfPage\":{\"@id\":\"https:\/\/agriquipo.com\/blog\/tractores\/wikitractor\/historia-de-deutz-fahr-uno-de-los-grandes\/\"},\"wordCount\":1488,\"commentCount\":0,\"publisher\":{\"@id\":\"https:\/\/agriquipo.com\/blog\/#organization\"},\"image\":{\"@id\":\"https:\/\/agriquipo.com\/blog\/tractores\/wikitractor\/historia-de-deutz-fahr-uno-de-los-grandes\/#primaryimage\"},\"thumbnailUrl\":\"https:\/\/agriquipo.com\/blog\/wp-content\/uploads\/2022\/10\/historiatractoresdeutz.jpg\",\"articleSection\":[\"Wikitractor\"],\"inLanguage\":\"es\",\"potentialAction\":[{\"@type\":\"CommentAction\",\"name\":\"Comment\",\"target\":[\"https:\/\/agriquipo.com\/blog\/tractores\/wikitractor\/historia-de-deutz-fahr-uno-de-los-grandes\/#respond\"]}]},{\"@type\":\"WebPage\",\"@id\":\"https:\/\/agriquipo.com\/blog\/tractores\/wikitractor\/historia-de-deutz-fahr-uno-de-los-grandes\/\",\"url\":\"https:\/\/agriquipo.com\/blog\/tractores\/wikitractor\/historia-de-deutz-fahr-uno-de-los-grandes\/\",\"name\":\"\u226bHistoria de Deutz-Fahr: Uno de los grandes | Agriquipo\",\"isPartOf\":{\"@id\":\"https:\/\/agriquipo.com\/blog\/#website\"},\"primaryImageOfPage\":{\"@id\":\"https:\/\/agriquipo.com\/blog\/tractores\/wikitractor\/historia-de-deutz-fahr-uno-de-los-grandes\/#primaryimage\"},\"image\":{\"@id\":\"https:\/\/agriquipo.com\/blog\/tractores\/wikitractor\/historia-de-deutz-fahr-uno-de-los-grandes\/#primaryimage\"},\"thumbnailUrl\":\"https:\/\/agriquipo.com\/blog\/wp-content\/uploads\/2022\/10\/historiatractoresdeutz.jpg\",\"datePublished\":\"2022-10-18T08:44:25+00:00\",\"dateModified\":\"2022-10-18T08:45:36+00:00\",\"breadcrumb\":{\"@id\":\"https:\/\/agriquipo.com\/blog\/tractores\/wikitractor\/historia-de-deutz-fahr-uno-de-los-grandes\/#breadcrumb\"},\"inLanguage\":\"es\",\"potentialAction\":[{\"@type\":\"ReadAction\",\"target\":[\"https:\/\/agriquipo.com\/blog\/tractores\/wikitractor\/historia-de-deutz-fahr-uno-de-los-grandes\/\"]}]},{\"@type\":\"ImageObject\",\"inLanguage\":\"es\",\"@id\":\"https:\/\/agriquipo.com\/blog\/tractores\/wikitractor\/historia-de-deutz-fahr-uno-de-los-grandes\/#primaryimage\",\"url\":\"https:\/\/agriquipo.com\/blog\/wp-content\/uploads\/2022\/10\/historiatractoresdeutz.jpg\",\"contentUrl\":\"https:\/\/agriquipo.com\/blog\/wp-content\/uploads\/2022\/10\/historiatractoresdeutz.jpg\",\"width\":800,\"height\":532},{\"@type\":\"BreadcrumbList\",\"@id\":\"https:\/\/agriquipo.com\/blog\/tractores\/wikitractor\/historia-de-deutz-fahr-uno-de-los-grandes\/#breadcrumb\",\"itemListElement\":[{\"@type\":\"ListItem\",\"position\":1,\"name\":\"Inicio\",\"item\":\"https:\/\/agriquipo.com\/blog\/\"},{\"@type\":\"ListItem\",\"position\":2,\"name\":\"Tractores\",\"item\":\"https:\/\/agriquipo.com\/blog\/tractores\/\"},{\"@type\":\"ListItem\",\"position\":3,\"name\":\"Wikitractor\",\"item\":\"https:\/\/agriquipo.com\/blog\/tractores\/wikitractor\/\"},{\"@type\":\"ListItem\",\"position\":4,\"name\":\"Historia de Deutz-Fahr: Uno de los grandes\"}]},{\"@type\":\"WebSite\",\"@id\":\"https:\/\/agriquipo.com\/blog\/#website\",\"url\":\"https:\/\/agriquipo.com\/blog\/\",\"name\":\"Agriquipo, noticias agr\u00edcolas\",\"description\":\"\",\"publisher\":{\"@id\":\"https:\/\/agriquipo.com\/blog\/#organization\"},\"potentialAction\":[{\"@type\":\"SearchAction\",\"target\":{\"@type\":\"EntryPoint\",\"urlTemplate\":\"https:\/\/agriquipo.com\/blog\/?s={search_term_string}\"},\"query-input\":\"required name=search_term_string\"}],\"inLanguage\":\"es\"},{\"@type\":\"Organization\",\"@id\":\"https:\/\/agriquipo.com\/blog\/#organization\",\"name\":\"Agriquipo, noticias agr\u00edcolas\",\"url\":\"https:\/\/agriquipo.com\/blog\/\",\"logo\":{\"@type\":\"ImageObject\",\"inLanguage\":\"es\",\"@id\":\"https:\/\/agriquipo.com\/blog\/#\/schema\/logo\/image\/\",\"url\":\"https:\/\/agriquipo.com\/blog\/wp-content\/uploads\/2022\/09\/cropped-cropped-agriquipo.jpg\",\"contentUrl\":\"https:\/\/agriquipo.com\/blog\/wp-content\/uploads\/2022\/09\/cropped-cropped-agriquipo.jpg\",\"width\":296,\"height\":53,\"caption\":\"Agriquipo, noticias agr\u00edcolas\"},\"image\":{\"@id\":\"https:\/\/agriquipo.com\/blog\/#\/schema\/logo\/image\/\"}},{\"@type\":\"Person\",\"@id\":\"https:\/\/agriquipo.com\/blog\/#\/schema\/person\/37bd003ca0b8c0922de362951e177727\",\"name\":\"Jos\u00e9 M\u00aa D\u00edaz S\u00e1nchez\",\"image\":{\"@type\":\"ImageObject\",\"inLanguage\":\"es\",\"@id\":\"https:\/\/agriquipo.com\/blog\/#\/schema\/person\/image\/\",\"url\":\"https:\/\/secure.gravatar.com\/avatar\/f78b2388c99e4ca1df8a0929b03fd9c38291314cb70ee5431b63a88f250c3961?s=96&d=mm&r=g\",\"contentUrl\":\"https:\/\/secure.gravatar.com\/avatar\/f78b2388c99e4ca1df8a0929b03fd9c38291314cb70ee5431b63a88f250c3961?s=96&d=mm&r=g\",\"caption\":\"Jos\u00e9 M\u00aa D\u00edaz S\u00e1nchez\"},\"description\":\"Jos\u00e9 M\u00aa D\u00edaz S\u00e1nchez, Ingeriero T\u00e9cnico Agr\u00edcola. Profesional del campo y de la agricultura desde hace m\u00e1s de 20 a\u00f1os, asesorando a los agricultores y empresas agr\u00edcolas en su d\u00eda a d\u00eda\",\"sameAs\":[\"https:\/\/www.wikidata.org\/wiki\/Q108892695\"]}]}<\/script>\n<!-- \/ Yoast SEO Premium plugin. -->","yoast_head_json":{"title":"\u226bHistoria de Deutz-Fahr: Uno de los grandes | Agriquipo","robots":{"index":"index","follow":"follow","max-snippet":"max-snippet:-1","max-image-preview":"max-image-preview:large","max-video-preview":"max-video-preview:-1"},"canonical":"https:\/\/agriquipo.com\/blog\/tractores\/wikitractor\/historia-de-deutz-fahr-uno-de-los-grandes\/","og_locale":"es_ES","og_type":"article","og_title":"Historia de Deutz-Fahr: Uno de los grandes","og_description":"... Leer m\u00e1s","og_url":"https:\/\/agriquipo.com\/blog\/tractores\/wikitractor\/historia-de-deutz-fahr-uno-de-los-grandes\/","og_site_name":"Agriquipo, noticias agr\u00edcolas","article_published_time":"2022-10-18T08:44:25+00:00","article_modified_time":"2022-10-18T08:45:36+00:00","og_image":[{"width":800,"height":532,"url":"https:\/\/agriquipo.com\/blog\/wp-content\/uploads\/2022\/10\/historiatractoresdeutz.jpg","type":"image\/jpeg"}],"author":"Jos\u00e9 M\u00aa D\u00edaz S\u00e1nchez","twitter_card":"summary_large_image","twitter_misc":{"Escrito por":"Jos\u00e9 M\u00aa D\u00edaz S\u00e1nchez","Tiempo de lectura":"7 minutos"},"schema":{"@context":"https:\/\/schema.org","@graph":[{"@type":"Article","@id":"https:\/\/agriquipo.com\/blog\/tractores\/wikitractor\/historia-de-deutz-fahr-uno-de-los-grandes\/#article","isPartOf":{"@id":"https:\/\/agriquipo.com\/blog\/tractores\/wikitractor\/historia-de-deutz-fahr-uno-de-los-grandes\/"},"author":{"name":"Jos\u00e9 M\u00aa D\u00edaz S\u00e1nchez","@id":"https:\/\/agriquipo.com\/blog\/#\/schema\/person\/37bd003ca0b8c0922de362951e177727"},"headline":"Historia de Deutz-Fahr: Uno de los grandes","datePublished":"2022-10-18T08:44:25+00:00","dateModified":"2022-10-18T08:45:36+00:00","mainEntityOfPage":{"@id":"https:\/\/agriquipo.com\/blog\/tractores\/wikitractor\/historia-de-deutz-fahr-uno-de-los-grandes\/"},"wordCount":1488,"commentCount":0,"publisher":{"@id":"https:\/\/agriquipo.com\/blog\/#organization"},"image":{"@id":"https:\/\/agriquipo.com\/blog\/tractores\/wikitractor\/historia-de-deutz-fahr-uno-de-los-grandes\/#primaryimage"},"thumbnailUrl":"https:\/\/agriquipo.com\/blog\/wp-content\/uploads\/2022\/10\/historiatractoresdeutz.jpg","articleSection":["Wikitractor"],"inLanguage":"es","potentialAction":[{"@type":"CommentAction","name":"Comment","target":["https:\/\/agriquipo.com\/blog\/tractores\/wikitractor\/historia-de-deutz-fahr-uno-de-los-grandes\/#respond"]}]},{"@type":"WebPage","@id":"https:\/\/agriquipo.com\/blog\/tractores\/wikitractor\/historia-de-deutz-fahr-uno-de-los-grandes\/","url":"https:\/\/agriquipo.com\/blog\/tractores\/wikitractor\/historia-de-deutz-fahr-uno-de-los-grandes\/","name":"\u226bHistoria de Deutz-Fahr: Uno de los grandes | Agriquipo","isPartOf":{"@id":"https:\/\/agriquipo.com\/blog\/#website"},"primaryImageOfPage":{"@id":"https:\/\/agriquipo.com\/blog\/tractores\/wikitractor\/historia-de-deutz-fahr-uno-de-los-grandes\/#primaryimage"},"image":{"@id":"https:\/\/agriquipo.com\/blog\/tractores\/wikitractor\/historia-de-deutz-fahr-uno-de-los-grandes\/#primaryimage"},"thumbnailUrl":"https:\/\/agriquipo.com\/blog\/wp-content\/uploads\/2022\/10\/historiatractoresdeutz.jpg","datePublished":"2022-10-18T08:44:25+00:00","dateModified":"2022-10-18T08:45:36+00:00","breadcrumb":{"@id":"https:\/\/agriquipo.com\/blog\/tractores\/wikitractor\/historia-de-deutz-fahr-uno-de-los-grandes\/#breadcrumb"},"inLanguage":"es","potentialAction":[{"@type":"ReadAction","target":["https:\/\/agriquipo.com\/blog\/tractores\/wikitractor\/historia-de-deutz-fahr-uno-de-los-grandes\/"]}]},{"@type":"ImageObject","inLanguage":"es","@id":"https:\/\/agriquipo.com\/blog\/tractores\/wikitractor\/historia-de-deutz-fahr-uno-de-los-grandes\/#primaryimage","url":"https:\/\/agriquipo.com\/blog\/wp-content\/uploads\/2022\/10\/historiatractoresdeutz.jpg","contentUrl":"https:\/\/agriquipo.com\/blog\/wp-content\/uploads\/2022\/10\/historiatractoresdeutz.jpg","width":800,"height":532},{"@type":"BreadcrumbList","@id":"https:\/\/agriquipo.com\/blog\/tractores\/wikitractor\/historia-de-deutz-fahr-uno-de-los-grandes\/#breadcrumb","itemListElement":[{"@type":"ListItem","position":1,"name":"Inicio","item":"https:\/\/agriquipo.com\/blog\/"},{"@type":"ListItem","position":2,"name":"Tractores","item":"https:\/\/agriquipo.com\/blog\/tractores\/"},{"@type":"ListItem","position":3,"name":"Wikitractor","item":"https:\/\/agriquipo.com\/blog\/tractores\/wikitractor\/"},{"@type":"ListItem","position":4,"name":"Historia de Deutz-Fahr: Uno de los grandes"}]},{"@type":"WebSite","@id":"https:\/\/agriquipo.com\/blog\/#website","url":"https:\/\/agriquipo.com\/blog\/","name":"Agriquipo, noticias agr\u00edcolas","description":"","publisher":{"@id":"https:\/\/agriquipo.com\/blog\/#organization"},"potentialAction":[{"@type":"SearchAction","target":{"@type":"EntryPoint","urlTemplate":"https:\/\/agriquipo.com\/blog\/?s={search_term_string}"},"query-input":"required name=search_term_string"}],"inLanguage":"es"},{"@type":"Organization","@id":"https:\/\/agriquipo.com\/blog\/#organization","name":"Agriquipo, noticias agr\u00edcolas","url":"https:\/\/agriquipo.com\/blog\/","logo":{"@type":"ImageObject","inLanguage":"es","@id":"https:\/\/agriquipo.com\/blog\/#\/schema\/logo\/image\/","url":"https:\/\/agriquipo.com\/blog\/wp-content\/uploads\/2022\/09\/cropped-cropped-agriquipo.jpg","contentUrl":"https:\/\/agriquipo.com\/blog\/wp-content\/uploads\/2022\/09\/cropped-cropped-agriquipo.jpg","width":296,"height":53,"caption":"Agriquipo, noticias agr\u00edcolas"},"image":{"@id":"https:\/\/agriquipo.com\/blog\/#\/schema\/logo\/image\/"}},{"@type":"Person","@id":"https:\/\/agriquipo.com\/blog\/#\/schema\/person\/37bd003ca0b8c0922de362951e177727","name":"Jos\u00e9 M\u00aa D\u00edaz S\u00e1nchez","image":{"@type":"ImageObject","inLanguage":"es","@id":"https:\/\/agriquipo.com\/blog\/#\/schema\/person\/image\/","url":"https:\/\/secure.gravatar.com\/avatar\/f78b2388c99e4ca1df8a0929b03fd9c38291314cb70ee5431b63a88f250c3961?s=96&d=mm&r=g","contentUrl":"https:\/\/secure.gravatar.com\/avatar\/f78b2388c99e4ca1df8a0929b03fd9c38291314cb70ee5431b63a88f250c3961?s=96&d=mm&r=g","caption":"Jos\u00e9 M\u00aa D\u00edaz S\u00e1nchez"},"description":"Jos\u00e9 M\u00aa D\u00edaz S\u00e1nchez, Ingeriero T\u00e9cnico Agr\u00edcola. Profesional del campo y de la agricultura desde hace m\u00e1s de 20 a\u00f1os, asesorando a los agricultores y empresas agr\u00edcolas en su d\u00eda a d\u00eda","sameAs":["https:\/\/www.wikidata.org\/wiki\/Q108892695"]}]}},"_links":{"self":[{"href":"https:\/\/agriquipo.com\/blog\/wp-json\/wp\/v2\/posts\/2748","targetHints":{"allow":["GET"]}}],"collection":[{"href":"https:\/\/agriquipo.com\/blog\/wp-json\/wp\/v2\/posts"}],"about":[{"href":"https:\/\/agriquipo.com\/blog\/wp-json\/wp\/v2\/types\/post"}],"author":[{"embeddable":true,"href":"https:\/\/agriquipo.com\/blog\/wp-json\/wp\/v2\/users\/1"}],"replies":[{"embeddable":true,"href":"https:\/\/agriquipo.com\/blog\/wp-json\/wp\/v2\/comments?post=2748"}],"version-history":[{"count":1,"href":"https:\/\/agriquipo.com\/blog\/wp-json\/wp\/v2\/posts\/2748\/revisions"}],"predecessor-version":[{"id":2750,"href":"https:\/\/agriquipo.com\/blog\/wp-json\/wp\/v2\/posts\/2748\/revisions\/2750"}],"wp:featuredmedia":[{"embeddable":true,"href":"https:\/\/agriquipo.com\/blog\/wp-json\/wp\/v2\/media\/2751"}],"wp:attachment":[{"href":"https:\/\/agriquipo.com\/blog\/wp-json\/wp\/v2\/media?parent=2748"}],"wp:term":[{"taxonomy":"category","embeddable":true,"href":"https:\/\/agriquipo.com\/blog\/wp-json\/wp\/v2\/categories?post=2748"},{"taxonomy":"post_tag","embeddable":true,"href":"https:\/\/agriquipo.com\/blog\/wp-json\/wp\/v2\/tags?post=2748"}],"curies":[{"name":"wp","href":"https:\/\/api.w.org\/{rel}","templated":true}]}}