{"id":2632,"date":"2022-10-10T08:48:55","date_gmt":"2022-10-10T08:48:55","guid":{"rendered":"https:\/\/agriquipo.com\/blog\/?p=2632"},"modified":"2022-10-10T09:01:32","modified_gmt":"2022-10-10T09:01:32","slug":"sistema-de-refrigeracion-por-aire-en-el-tractor","status":"publish","type":"post","link":"https:\/\/agriquipo.com\/blog\/tractores\/wikitractor\/sistema-de-refrigeracion-por-aire-en-el-tractor\/","title":{"rendered":"Sistema de refrigeraci\u00f3n por aire en el tractor"},"content":{"rendered":"\n\n<div class=\"kk-star-ratings kksr-auto kksr-align-left kksr-valign-top\"\n    data-payload='{&quot;align&quot;:&quot;left&quot;,&quot;id&quot;:&quot;2632&quot;,&quot;slug&quot;:&quot;default&quot;,&quot;valign&quot;:&quot;top&quot;,&quot;ignore&quot;:&quot;&quot;,&quot;reference&quot;:&quot;auto&quot;,&quot;class&quot;:&quot;&quot;,&quot;count&quot;:&quot;1&quot;,&quot;legendonly&quot;:&quot;&quot;,&quot;readonly&quot;:&quot;&quot;,&quot;score&quot;:&quot;5&quot;,&quot;starsonly&quot;:&quot;&quot;,&quot;best&quot;:&quot;5&quot;,&quot;gap&quot;:&quot;5&quot;,&quot;greet&quot;:&quot;Valora este post&quot;,&quot;legend&quot;:&quot;5\\\/5 - (1 voto)&quot;,&quot;size&quot;:&quot;24&quot;,&quot;title&quot;:&quot;Sistema de refrigeraci\\u00f3n por aire en el tractor&quot;,&quot;width&quot;:&quot;142.5&quot;,&quot;_legend&quot;:&quot;{score}\\\/{best} - ({count} {votes})&quot;,&quot;font_factor&quot;:&quot;1.25&quot;}'>\n            \n<div class=\"kksr-stars\">\n    \n<div class=\"kksr-stars-inactive\">\n            <div class=\"kksr-star\" data-star=\"1\" style=\"padding-right: 5px\">\n            \n\n<div class=\"kksr-icon\" style=\"width: 24px; height: 24px;\"><\/div>\n        <\/div>\n            <div class=\"kksr-star\" data-star=\"2\" style=\"padding-right: 5px\">\n            \n\n<div class=\"kksr-icon\" style=\"width: 24px; height: 24px;\"><\/div>\n        <\/div>\n            <div class=\"kksr-star\" data-star=\"3\" style=\"padding-right: 5px\">\n            \n\n<div class=\"kksr-icon\" style=\"width: 24px; height: 24px;\"><\/div>\n        <\/div>\n            <div class=\"kksr-star\" data-star=\"4\" style=\"padding-right: 5px\">\n            \n\n<div class=\"kksr-icon\" style=\"width: 24px; height: 24px;\"><\/div>\n        <\/div>\n            <div class=\"kksr-star\" data-star=\"5\" style=\"padding-right: 5px\">\n            \n\n<div class=\"kksr-icon\" style=\"width: 24px; height: 24px;\"><\/div>\n        <\/div>\n    <\/div>\n    \n<div class=\"kksr-stars-active\" style=\"width: 142.5px;\">\n            <div class=\"kksr-star\" style=\"padding-right: 5px\">\n            \n\n<div class=\"kksr-icon\" style=\"width: 24px; height: 24px;\"><\/div>\n        <\/div>\n            <div class=\"kksr-star\" style=\"padding-right: 5px\">\n            \n\n<div class=\"kksr-icon\" style=\"width: 24px; height: 24px;\"><\/div>\n        <\/div>\n            <div class=\"kksr-star\" style=\"padding-right: 5px\">\n            \n\n<div class=\"kksr-icon\" style=\"width: 24px; height: 24px;\"><\/div>\n        <\/div>\n            <div class=\"kksr-star\" style=\"padding-right: 5px\">\n            \n\n<div class=\"kksr-icon\" style=\"width: 24px; height: 24px;\"><\/div>\n        <\/div>\n            <div class=\"kksr-star\" style=\"padding-right: 5px\">\n            \n\n<div class=\"kksr-icon\" style=\"width: 24px; height: 24px;\"><\/div>\n        <\/div>\n    <\/div>\n<\/div>\n                \n\n<div class=\"kksr-legend\" style=\"font-size: 19.2px;\">\n            5\/5 - (1 voto)    <\/div>\n    <\/div>\n\n<p>Toda maquinaria bien sea de modelo peque\u00f1o o de car\u00e1cter industrial como los&nbsp;<strong>tractores<\/strong>&nbsp;cuentan con un&nbsp;<strong>sistema de refrigeraci\u00f3n<\/strong>, debido a la importancia de refrigerar y mantener la temperatura del motor, ya que el mismo opera a un ritmo constante y revoluciones considerablemente alta.<\/p>\n\n\n\n<p>Es importante que este sistema est\u00e9 en \u00f3ptimas condiciones con el fin de preservar la vida \u00fatil de tu motor, pues de lo contrario el motor puede sufrir temperaturas muy altas las cuales ocasionar\u00edan aver\u00edas serias, adem\u00e1s de la perdida de carburaci\u00f3n y el lubricante.<\/p>\n\n\n\n<p>Existen dos&nbsp;<strong>tipos de sistemas de refrigeraci\u00f3n<\/strong>: Por&nbsp;<strong>agua<\/strong>&nbsp;y&nbsp;<strong>aire<\/strong>, pero en este art\u00edculo haremos menci\u00f3n de la refrigeraci\u00f3n por aire, la cual destaca por tener un dise\u00f1o simple, ligero; es usado con mayor frecuencia gracias a su bajo margen de aver\u00edas y su velocidad al generar la temperatura adecuada para colocar en marcha del motor, su bajo coste y lo mejor es que el mantenimiento es sencillo y no tan riguroso.<\/p>\n\n\n\n<p>Este tipo de refrigeraci\u00f3n funciona a trav\u00e9s del&nbsp;<strong>aire<\/strong>, ya que usa el que se encuentra alrededor para funcionar como enfriamiento para el&nbsp;<strong>motor de combusti\u00f3n interna<\/strong>, cuenta con algunas partes que permiten que esto sea posible las cuales son:<\/p>\n\n\n\n<ul class=\"wp-block-list\"><li>&nbsp;&nbsp;&nbsp;&nbsp;&nbsp;&nbsp;&nbsp;&nbsp;&nbsp;La&nbsp;<strong>turbina<\/strong><\/li><li>&nbsp;&nbsp;&nbsp;&nbsp;&nbsp;&nbsp;&nbsp;&nbsp;&nbsp;Aletas de refrigeradores<\/li><li>&nbsp;&nbsp;&nbsp;&nbsp;&nbsp;&nbsp;&nbsp;&nbsp;&nbsp;<strong><a href=\"https:\/\/agriquipo.com\/recambios-motor-tractor\/2778-reloj-indicador-de-temperatura-massey-ferguson-ebro-200300.html\">Indicador de Temperatura<\/a><\/strong><\/li><\/ul>\n\n\n\n<div id=\"ez-toc-container\" class=\"ez-toc-v2_0_66_1 counter-hierarchy ez-toc-counter ez-toc-grey ez-toc-container-direction\">\n<div class=\"ez-toc-title-container\">\n<p class=\"ez-toc-title \" >&Iacute;ndice<\/p>\n<span class=\"ez-toc-title-toggle\"><a href=\"#\" class=\"ez-toc-pull-right ez-toc-btn ez-toc-btn-xs ez-toc-btn-default ez-toc-toggle\" aria-label=\"Toggle Table of Content\"><span class=\"ez-toc-js-icon-con\"><span class=\"\"><span class=\"eztoc-hide\" style=\"display:none;\">Toggle<\/span><span class=\"ez-toc-icon-toggle-span\"><svg style=\"fill: #999;color:#999\" xmlns=\"http:\/\/www.w3.org\/2000\/svg\" class=\"list-377408\" width=\"20px\" height=\"20px\" viewBox=\"0 0 24 24\" fill=\"none\"><path d=\"M6 6H4v2h2V6zm14 0H8v2h12V6zM4 11h2v2H4v-2zm16 0H8v2h12v-2zM4 16h2v2H4v-2zm16 0H8v2h12v-2z\" fill=\"currentColor\"><\/path><\/svg><svg style=\"fill: #999;color:#999\" class=\"arrow-unsorted-368013\" xmlns=\"http:\/\/www.w3.org\/2000\/svg\" width=\"10px\" height=\"10px\" viewBox=\"0 0 24 24\" version=\"1.2\" baseProfile=\"tiny\"><path d=\"M18.2 9.3l-6.2-6.3-6.2 6.3c-.2.2-.3.4-.3.7s.1.5.3.7c.2.2.4.3.7.3h11c.3 0 .5-.1.7-.3.2-.2.3-.5.3-.7s-.1-.5-.3-.7zM5.8 14.7l6.2 6.3 6.2-6.3c.2-.2.3-.5.3-.7s-.1-.5-.3-.7c-.2-.2-.4-.3-.7-.3h-11c-.3 0-.5.1-.7.3-.2.2-.3.5-.3.7s.1.5.3.7z\"\/><\/svg><\/span><\/span><\/span><\/a><\/span><\/div>\n<nav><ul class='ez-toc-list ez-toc-list-level-1 eztoc-toggle-hide-by-default' ><li class='ez-toc-page-1 ez-toc-heading-level-2'><a class=\"ez-toc-link ez-toc-heading-1\" href=\"https:\/\/agriquipo.com\/blog\/tractores\/wikitractor\/sistema-de-refrigeracion-por-aire-en-el-tractor\/#Turbina\" title=\"Turbina\">Turbina<\/a><\/li><li class='ez-toc-page-1 ez-toc-heading-level-2'><a class=\"ez-toc-link ez-toc-heading-2\" href=\"https:\/\/agriquipo.com\/blog\/tractores\/wikitractor\/sistema-de-refrigeracion-por-aire-en-el-tractor\/#Aletas_de_Refrigeracion\" title=\"Aletas de Refrigeraci\u00f3n\">Aletas de Refrigeraci\u00f3n<\/a><ul class='ez-toc-list-level-3' ><li class='ez-toc-heading-level-3'><a class=\"ez-toc-link ez-toc-heading-3\" href=\"https:\/\/agriquipo.com\/blog\/tractores\/wikitractor\/sistema-de-refrigeracion-por-aire-en-el-tractor\/#Cuidados_a_las_aletas_de_Refrigeracion\" title=\"Cuidados a las aletas de Refrigeraci\u00f3n\">Cuidados a las aletas de Refrigeraci\u00f3n<\/a><\/li><\/ul><\/li><li class='ez-toc-page-1 ez-toc-heading-level-2'><a class=\"ez-toc-link ez-toc-heading-4\" href=\"https:\/\/agriquipo.com\/blog\/tractores\/wikitractor\/sistema-de-refrigeracion-por-aire-en-el-tractor\/#Indicador_de_Temperatura\" title=\"Indicador de Temperatura\">Indicador de Temperatura<\/a><\/li><\/ul><\/nav><\/div>\n<h2 class=\"wp-block-heading\" id=\"h-turbina\"><span class=\"ez-toc-section\" id=\"Turbina\"><\/span><strong>Turbina<\/strong><span class=\"ez-toc-section-end\"><\/span><\/h2>\n\n\n\n<p>Es aquella parte del sistema que funciona para ingresar y direccionar el&nbsp;<strong>aire<\/strong>&nbsp;hacia las <strong><span style=\"background-color: yellow;\"><a href=\"https:\/\/agriquipo.com\/blog\/tractores\/wikitractor\/partes-del-motor-de-un-tractor\/\">partes del motor<\/a><\/span><\/strong> como lo son los cilindros y la culata para que pueda realizar su funci\u00f3n. Desde el eje cig\u00fce\u00f1al por medio de la correa.<\/p>\n\n\n\n<h2 class=\"wp-block-heading\" id=\"h-aletas-de-refrigeracion\"><span class=\"ez-toc-section\" id=\"Aletas_de_Refrigeracion\"><\/span><strong>Aletas de Refrigeraci\u00f3n<\/strong><span class=\"ez-toc-section-end\"><\/span><\/h2>\n\n\n\n<p>Debido a las altas temperaturas que sufren las partes del&nbsp;<strong>motor de combusti\u00f3n interna<\/strong>, las aletas cumplen con la funci\u00f3n de extraer el calor y mantener una temperatura lo m\u00e1s bajo posible, debido a que requieren ventilaci\u00f3n para funcionar de forma correcta. Para que estas aletas cumplan con su objetivo deben tener un cuidado regular.<\/p>\n\n\n\n<h3 class=\"wp-block-heading\" id=\"h-cuidados-a-las-aletas-de-refrigeracion\"><span class=\"ez-toc-section\" id=\"Cuidados_a_las_aletas_de_Refrigeracion\"><\/span><strong>Cuidados a las aletas de Refrigeraci\u00f3n<\/strong><span class=\"ez-toc-section-end\"><\/span><\/h3>\n\n\n\n<p>Por lo general las aletas de refrigeraci\u00f3n acumulan suciedad y es por ello que debes limpiarla con regularidad, ya que esa acumulaci\u00f3n de sucio entorpece su continua funci\u00f3n y reduce la posibilidad de que pueda circular el aire a trav\u00e9s de las aletas. El&nbsp;<strong>agua<\/strong>&nbsp;a presi\u00f3n es la mejor forma para limpiar las aletas, pero debes esperar que el motor este totalmente fr\u00edo.<\/p>\n\n\n\n<p>Te recomendamos que para dejar las aletas limpias no utilices diesel, debido a que es de tipo aceitoso y solo conseguir\u00e1s que el sucio se adhiera m\u00e1s. En el caso de que el que utilices agua a presi\u00f3n no funcione puedes utilizar un utensilio para despegarlo, pero con tener un cuidado riguroso, de forma que no se vaya a estropear o romper las aletas<\/p>\n\n\n\n<h2 class=\"wp-block-heading\" id=\"h-indicador-de-temperatura\"><span class=\"ez-toc-section\" id=\"Indicador_de_Temperatura\"><\/span><strong>Indicador de Temperatura<\/strong><span class=\"ez-toc-section-end\"><\/span><\/h2>\n\n\n\n<p>Su ubicaci\u00f3n es en el tablero de mando del&nbsp;<strong>tractor<\/strong>&nbsp;y su funci\u00f3n es indicar la temperatura en la que se encuentra el motor, esto ayudara al conductor a conocerla y adem\u00e1s estar prevenido en caso de una aver\u00eda o sobrecalentamiento. Esta parte del Sistema de Refrigeraci\u00f3n es un semic\u00edrculo y est\u00e1 compuesta por una aguja que indica tres niveles de temperaturas: baja, de trabajo (normal) y alta. La aguja es la encargada de indicarla.<\/p>\n","protected":false},"excerpt":{"rendered":"<p> &#8230; <a title=\"Sistema de refrigeraci\u00f3n por aire en el tractor\" class=\"read-more\" href=\"https:\/\/agriquipo.com\/blog\/tractores\/wikitractor\/sistema-de-refrigeracion-por-aire-en-el-tractor\/\" aria-label=\"M\u00e1s en Sistema de refrigeraci\u00f3n por aire en el tractor\">Leer m\u00e1s<\/a><\/p>\n","protected":false},"author":1,"featured_media":2635,"comment_status":"open","ping_status":"open","sticky":false,"template":"","format":"standard","meta":{"footnotes":""},"categories":[5],"tags":[],"class_list":["post-2632","post","type-post","status-publish","format-standard","has-post-thumbnail","hentry","category-wikitractor","generate-columns","tablet-grid-50","mobile-grid-100","grid-parent","grid-33"],"yoast_head":"<!-- This site is optimized with the Yoast SEO Premium plugin v19.3 (Yoast SEO v22.8) - https:\/\/yoast.com\/wordpress\/plugins\/seo\/ -->\n<title>\u226bSistema de refrigeraci\u00f3n por aire en el tractor | Agriquipo<\/title>\n<meta name=\"robots\" content=\"index, follow, max-snippet:-1, max-image-preview:large, max-video-preview:-1\" \/>\n<link rel=\"canonical\" href=\"https:\/\/agriquipo.com\/blog\/tractores\/wikitractor\/sistema-de-refrigeracion-por-aire-en-el-tractor\/\" \/>\n<meta property=\"og:locale\" content=\"es_ES\" \/>\n<meta property=\"og:type\" content=\"article\" \/>\n<meta property=\"og:title\" content=\"Sistema de refrigeraci\u00f3n por aire en el tractor\" \/>\n<meta property=\"og:description\" content=\"... Leer m\u00e1s\" \/>\n<meta property=\"og:url\" content=\"https:\/\/agriquipo.com\/blog\/tractores\/wikitractor\/sistema-de-refrigeracion-por-aire-en-el-tractor\/\" \/>\n<meta property=\"og:site_name\" content=\"Agriquipo, noticias agr\u00edcolas\" \/>\n<meta property=\"article:published_time\" content=\"2022-10-10T08:48:55+00:00\" \/>\n<meta property=\"article:modified_time\" content=\"2022-10-10T09:01:32+00:00\" \/>\n<meta property=\"og:image\" content=\"https:\/\/agriquipo.com\/blog\/wp-content\/uploads\/2022\/10\/refrigeraciontractor.jpeg\" \/>\n\t<meta property=\"og:image:width\" content=\"980\" \/>\n\t<meta property=\"og:image:height\" content=\"382\" \/>\n\t<meta property=\"og:image:type\" content=\"image\/jpeg\" \/>\n<meta name=\"author\" content=\"Jos\u00e9 M\u00aa D\u00edaz S\u00e1nchez\" \/>\n<meta name=\"twitter:card\" content=\"summary_large_image\" \/>\n<meta name=\"twitter:label1\" content=\"Escrito por\" \/>\n\t<meta name=\"twitter:data1\" content=\"Jos\u00e9 M\u00aa D\u00edaz S\u00e1nchez\" \/>\n\t<meta name=\"twitter:label2\" content=\"Tiempo de lectura\" \/>\n\t<meta name=\"twitter:data2\" content=\"3 minutos\" \/>\n<script type=\"application\/ld+json\" class=\"yoast-schema-graph\">{\"@context\":\"https:\/\/schema.org\",\"@graph\":[{\"@type\":\"Article\",\"@id\":\"https:\/\/agriquipo.com\/blog\/tractores\/wikitractor\/sistema-de-refrigeracion-por-aire-en-el-tractor\/#article\",\"isPartOf\":{\"@id\":\"https:\/\/agriquipo.com\/blog\/tractores\/wikitractor\/sistema-de-refrigeracion-por-aire-en-el-tractor\/\"},\"author\":{\"name\":\"Jos\u00e9 M\u00aa D\u00edaz S\u00e1nchez\",\"@id\":\"https:\/\/agriquipo.com\/blog\/#\/schema\/person\/37bd003ca0b8c0922de362951e177727\"},\"headline\":\"Sistema de refrigeraci\u00f3n por aire en el tractor\",\"datePublished\":\"2022-10-10T08:48:55+00:00\",\"dateModified\":\"2022-10-10T09:01:32+00:00\",\"mainEntityOfPage\":{\"@id\":\"https:\/\/agriquipo.com\/blog\/tractores\/wikitractor\/sistema-de-refrigeracion-por-aire-en-el-tractor\/\"},\"wordCount\":616,\"commentCount\":0,\"publisher\":{\"@id\":\"https:\/\/agriquipo.com\/blog\/#organization\"},\"image\":{\"@id\":\"https:\/\/agriquipo.com\/blog\/tractores\/wikitractor\/sistema-de-refrigeracion-por-aire-en-el-tractor\/#primaryimage\"},\"thumbnailUrl\":\"https:\/\/agriquipo.com\/blog\/wp-content\/uploads\/2022\/10\/refrigeraciontractor.jpeg\",\"articleSection\":[\"Wikitractor\"],\"inLanguage\":\"es\",\"potentialAction\":[{\"@type\":\"CommentAction\",\"name\":\"Comment\",\"target\":[\"https:\/\/agriquipo.com\/blog\/tractores\/wikitractor\/sistema-de-refrigeracion-por-aire-en-el-tractor\/#respond\"]}]},{\"@type\":\"WebPage\",\"@id\":\"https:\/\/agriquipo.com\/blog\/tractores\/wikitractor\/sistema-de-refrigeracion-por-aire-en-el-tractor\/\",\"url\":\"https:\/\/agriquipo.com\/blog\/tractores\/wikitractor\/sistema-de-refrigeracion-por-aire-en-el-tractor\/\",\"name\":\"\u226bSistema de refrigeraci\u00f3n por aire en el tractor | Agriquipo\",\"isPartOf\":{\"@id\":\"https:\/\/agriquipo.com\/blog\/#website\"},\"primaryImageOfPage\":{\"@id\":\"https:\/\/agriquipo.com\/blog\/tractores\/wikitractor\/sistema-de-refrigeracion-por-aire-en-el-tractor\/#primaryimage\"},\"image\":{\"@id\":\"https:\/\/agriquipo.com\/blog\/tractores\/wikitractor\/sistema-de-refrigeracion-por-aire-en-el-tractor\/#primaryimage\"},\"thumbnailUrl\":\"https:\/\/agriquipo.com\/blog\/wp-content\/uploads\/2022\/10\/refrigeraciontractor.jpeg\",\"datePublished\":\"2022-10-10T08:48:55+00:00\",\"dateModified\":\"2022-10-10T09:01:32+00:00\",\"breadcrumb\":{\"@id\":\"https:\/\/agriquipo.com\/blog\/tractores\/wikitractor\/sistema-de-refrigeracion-por-aire-en-el-tractor\/#breadcrumb\"},\"inLanguage\":\"es\",\"potentialAction\":[{\"@type\":\"ReadAction\",\"target\":[\"https:\/\/agriquipo.com\/blog\/tractores\/wikitractor\/sistema-de-refrigeracion-por-aire-en-el-tractor\/\"]}]},{\"@type\":\"ImageObject\",\"inLanguage\":\"es\",\"@id\":\"https:\/\/agriquipo.com\/blog\/tractores\/wikitractor\/sistema-de-refrigeracion-por-aire-en-el-tractor\/#primaryimage\",\"url\":\"https:\/\/agriquipo.com\/blog\/wp-content\/uploads\/2022\/10\/refrigeraciontractor.jpeg\",\"contentUrl\":\"https:\/\/agriquipo.com\/blog\/wp-content\/uploads\/2022\/10\/refrigeraciontractor.jpeg\",\"width\":980,\"height\":382},{\"@type\":\"BreadcrumbList\",\"@id\":\"https:\/\/agriquipo.com\/blog\/tractores\/wikitractor\/sistema-de-refrigeracion-por-aire-en-el-tractor\/#breadcrumb\",\"itemListElement\":[{\"@type\":\"ListItem\",\"position\":1,\"name\":\"Inicio\",\"item\":\"https:\/\/agriquipo.com\/blog\/\"},{\"@type\":\"ListItem\",\"position\":2,\"name\":\"Tractores\",\"item\":\"https:\/\/agriquipo.com\/blog\/tractores\/\"},{\"@type\":\"ListItem\",\"position\":3,\"name\":\"Wikitractor\",\"item\":\"https:\/\/agriquipo.com\/blog\/tractores\/wikitractor\/\"},{\"@type\":\"ListItem\",\"position\":4,\"name\":\"Sistema de refrigeraci\u00f3n por aire en el tractor\"}]},{\"@type\":\"WebSite\",\"@id\":\"https:\/\/agriquipo.com\/blog\/#website\",\"url\":\"https:\/\/agriquipo.com\/blog\/\",\"name\":\"Agriquipo, noticias agr\u00edcolas\",\"description\":\"\",\"publisher\":{\"@id\":\"https:\/\/agriquipo.com\/blog\/#organization\"},\"potentialAction\":[{\"@type\":\"SearchAction\",\"target\":{\"@type\":\"EntryPoint\",\"urlTemplate\":\"https:\/\/agriquipo.com\/blog\/?s={search_term_string}\"},\"query-input\":\"required name=search_term_string\"}],\"inLanguage\":\"es\"},{\"@type\":\"Organization\",\"@id\":\"https:\/\/agriquipo.com\/blog\/#organization\",\"name\":\"Agriquipo, noticias agr\u00edcolas\",\"url\":\"https:\/\/agriquipo.com\/blog\/\",\"logo\":{\"@type\":\"ImageObject\",\"inLanguage\":\"es\",\"@id\":\"https:\/\/agriquipo.com\/blog\/#\/schema\/logo\/image\/\",\"url\":\"https:\/\/agriquipo.com\/blog\/wp-content\/uploads\/2022\/09\/cropped-cropped-agriquipo.jpg\",\"contentUrl\":\"https:\/\/agriquipo.com\/blog\/wp-content\/uploads\/2022\/09\/cropped-cropped-agriquipo.jpg\",\"width\":296,\"height\":53,\"caption\":\"Agriquipo, noticias agr\u00edcolas\"},\"image\":{\"@id\":\"https:\/\/agriquipo.com\/blog\/#\/schema\/logo\/image\/\"}},{\"@type\":\"Person\",\"@id\":\"https:\/\/agriquipo.com\/blog\/#\/schema\/person\/37bd003ca0b8c0922de362951e177727\",\"name\":\"Jos\u00e9 M\u00aa D\u00edaz S\u00e1nchez\",\"image\":{\"@type\":\"ImageObject\",\"inLanguage\":\"es\",\"@id\":\"https:\/\/agriquipo.com\/blog\/#\/schema\/person\/image\/\",\"url\":\"https:\/\/secure.gravatar.com\/avatar\/f78b2388c99e4ca1df8a0929b03fd9c38291314cb70ee5431b63a88f250c3961?s=96&d=mm&r=g\",\"contentUrl\":\"https:\/\/secure.gravatar.com\/avatar\/f78b2388c99e4ca1df8a0929b03fd9c38291314cb70ee5431b63a88f250c3961?s=96&d=mm&r=g\",\"caption\":\"Jos\u00e9 M\u00aa D\u00edaz S\u00e1nchez\"},\"description\":\"Jos\u00e9 M\u00aa D\u00edaz S\u00e1nchez, Ingeriero T\u00e9cnico Agr\u00edcola. Profesional del campo y de la agricultura desde hace m\u00e1s de 20 a\u00f1os, asesorando a los agricultores y empresas agr\u00edcolas en su d\u00eda a d\u00eda\",\"sameAs\":[\"https:\/\/www.wikidata.org\/wiki\/Q108892695\"]}]}<\/script>\n<!-- \/ Yoast SEO Premium plugin. -->","yoast_head_json":{"title":"\u226bSistema de refrigeraci\u00f3n por aire en el tractor | Agriquipo","robots":{"index":"index","follow":"follow","max-snippet":"max-snippet:-1","max-image-preview":"max-image-preview:large","max-video-preview":"max-video-preview:-1"},"canonical":"https:\/\/agriquipo.com\/blog\/tractores\/wikitractor\/sistema-de-refrigeracion-por-aire-en-el-tractor\/","og_locale":"es_ES","og_type":"article","og_title":"Sistema de refrigeraci\u00f3n por aire en el tractor","og_description":"... Leer m\u00e1s","og_url":"https:\/\/agriquipo.com\/blog\/tractores\/wikitractor\/sistema-de-refrigeracion-por-aire-en-el-tractor\/","og_site_name":"Agriquipo, noticias agr\u00edcolas","article_published_time":"2022-10-10T08:48:55+00:00","article_modified_time":"2022-10-10T09:01:32+00:00","og_image":[{"width":980,"height":382,"url":"https:\/\/agriquipo.com\/blog\/wp-content\/uploads\/2022\/10\/refrigeraciontractor.jpeg","type":"image\/jpeg"}],"author":"Jos\u00e9 M\u00aa D\u00edaz S\u00e1nchez","twitter_card":"summary_large_image","twitter_misc":{"Escrito por":"Jos\u00e9 M\u00aa D\u00edaz S\u00e1nchez","Tiempo de lectura":"3 minutos"},"schema":{"@context":"https:\/\/schema.org","@graph":[{"@type":"Article","@id":"https:\/\/agriquipo.com\/blog\/tractores\/wikitractor\/sistema-de-refrigeracion-por-aire-en-el-tractor\/#article","isPartOf":{"@id":"https:\/\/agriquipo.com\/blog\/tractores\/wikitractor\/sistema-de-refrigeracion-por-aire-en-el-tractor\/"},"author":{"name":"Jos\u00e9 M\u00aa D\u00edaz S\u00e1nchez","@id":"https:\/\/agriquipo.com\/blog\/#\/schema\/person\/37bd003ca0b8c0922de362951e177727"},"headline":"Sistema de refrigeraci\u00f3n por aire en el tractor","datePublished":"2022-10-10T08:48:55+00:00","dateModified":"2022-10-10T09:01:32+00:00","mainEntityOfPage":{"@id":"https:\/\/agriquipo.com\/blog\/tractores\/wikitractor\/sistema-de-refrigeracion-por-aire-en-el-tractor\/"},"wordCount":616,"commentCount":0,"publisher":{"@id":"https:\/\/agriquipo.com\/blog\/#organization"},"image":{"@id":"https:\/\/agriquipo.com\/blog\/tractores\/wikitractor\/sistema-de-refrigeracion-por-aire-en-el-tractor\/#primaryimage"},"thumbnailUrl":"https:\/\/agriquipo.com\/blog\/wp-content\/uploads\/2022\/10\/refrigeraciontractor.jpeg","articleSection":["Wikitractor"],"inLanguage":"es","potentialAction":[{"@type":"CommentAction","name":"Comment","target":["https:\/\/agriquipo.com\/blog\/tractores\/wikitractor\/sistema-de-refrigeracion-por-aire-en-el-tractor\/#respond"]}]},{"@type":"WebPage","@id":"https:\/\/agriquipo.com\/blog\/tractores\/wikitractor\/sistema-de-refrigeracion-por-aire-en-el-tractor\/","url":"https:\/\/agriquipo.com\/blog\/tractores\/wikitractor\/sistema-de-refrigeracion-por-aire-en-el-tractor\/","name":"\u226bSistema de refrigeraci\u00f3n por aire en el tractor | Agriquipo","isPartOf":{"@id":"https:\/\/agriquipo.com\/blog\/#website"},"primaryImageOfPage":{"@id":"https:\/\/agriquipo.com\/blog\/tractores\/wikitractor\/sistema-de-refrigeracion-por-aire-en-el-tractor\/#primaryimage"},"image":{"@id":"https:\/\/agriquipo.com\/blog\/tractores\/wikitractor\/sistema-de-refrigeracion-por-aire-en-el-tractor\/#primaryimage"},"thumbnailUrl":"https:\/\/agriquipo.com\/blog\/wp-content\/uploads\/2022\/10\/refrigeraciontractor.jpeg","datePublished":"2022-10-10T08:48:55+00:00","dateModified":"2022-10-10T09:01:32+00:00","breadcrumb":{"@id":"https:\/\/agriquipo.com\/blog\/tractores\/wikitractor\/sistema-de-refrigeracion-por-aire-en-el-tractor\/#breadcrumb"},"inLanguage":"es","potentialAction":[{"@type":"ReadAction","target":["https:\/\/agriquipo.com\/blog\/tractores\/wikitractor\/sistema-de-refrigeracion-por-aire-en-el-tractor\/"]}]},{"@type":"ImageObject","inLanguage":"es","@id":"https:\/\/agriquipo.com\/blog\/tractores\/wikitractor\/sistema-de-refrigeracion-por-aire-en-el-tractor\/#primaryimage","url":"https:\/\/agriquipo.com\/blog\/wp-content\/uploads\/2022\/10\/refrigeraciontractor.jpeg","contentUrl":"https:\/\/agriquipo.com\/blog\/wp-content\/uploads\/2022\/10\/refrigeraciontractor.jpeg","width":980,"height":382},{"@type":"BreadcrumbList","@id":"https:\/\/agriquipo.com\/blog\/tractores\/wikitractor\/sistema-de-refrigeracion-por-aire-en-el-tractor\/#breadcrumb","itemListElement":[{"@type":"ListItem","position":1,"name":"Inicio","item":"https:\/\/agriquipo.com\/blog\/"},{"@type":"ListItem","position":2,"name":"Tractores","item":"https:\/\/agriquipo.com\/blog\/tractores\/"},{"@type":"ListItem","position":3,"name":"Wikitractor","item":"https:\/\/agriquipo.com\/blog\/tractores\/wikitractor\/"},{"@type":"ListItem","position":4,"name":"Sistema de refrigeraci\u00f3n por aire en el tractor"}]},{"@type":"WebSite","@id":"https:\/\/agriquipo.com\/blog\/#website","url":"https:\/\/agriquipo.com\/blog\/","name":"Agriquipo, noticias agr\u00edcolas","description":"","publisher":{"@id":"https:\/\/agriquipo.com\/blog\/#organization"},"potentialAction":[{"@type":"SearchAction","target":{"@type":"EntryPoint","urlTemplate":"https:\/\/agriquipo.com\/blog\/?s={search_term_string}"},"query-input":"required name=search_term_string"}],"inLanguage":"es"},{"@type":"Organization","@id":"https:\/\/agriquipo.com\/blog\/#organization","name":"Agriquipo, noticias agr\u00edcolas","url":"https:\/\/agriquipo.com\/blog\/","logo":{"@type":"ImageObject","inLanguage":"es","@id":"https:\/\/agriquipo.com\/blog\/#\/schema\/logo\/image\/","url":"https:\/\/agriquipo.com\/blog\/wp-content\/uploads\/2022\/09\/cropped-cropped-agriquipo.jpg","contentUrl":"https:\/\/agriquipo.com\/blog\/wp-content\/uploads\/2022\/09\/cropped-cropped-agriquipo.jpg","width":296,"height":53,"caption":"Agriquipo, noticias agr\u00edcolas"},"image":{"@id":"https:\/\/agriquipo.com\/blog\/#\/schema\/logo\/image\/"}},{"@type":"Person","@id":"https:\/\/agriquipo.com\/blog\/#\/schema\/person\/37bd003ca0b8c0922de362951e177727","name":"Jos\u00e9 M\u00aa D\u00edaz S\u00e1nchez","image":{"@type":"ImageObject","inLanguage":"es","@id":"https:\/\/agriquipo.com\/blog\/#\/schema\/person\/image\/","url":"https:\/\/secure.gravatar.com\/avatar\/f78b2388c99e4ca1df8a0929b03fd9c38291314cb70ee5431b63a88f250c3961?s=96&d=mm&r=g","contentUrl":"https:\/\/secure.gravatar.com\/avatar\/f78b2388c99e4ca1df8a0929b03fd9c38291314cb70ee5431b63a88f250c3961?s=96&d=mm&r=g","caption":"Jos\u00e9 M\u00aa D\u00edaz S\u00e1nchez"},"description":"Jos\u00e9 M\u00aa D\u00edaz S\u00e1nchez, Ingeriero T\u00e9cnico Agr\u00edcola. Profesional del campo y de la agricultura desde hace m\u00e1s de 20 a\u00f1os, asesorando a los agricultores y empresas agr\u00edcolas en su d\u00eda a d\u00eda","sameAs":["https:\/\/www.wikidata.org\/wiki\/Q108892695"]}]}},"_links":{"self":[{"href":"https:\/\/agriquipo.com\/blog\/wp-json\/wp\/v2\/posts\/2632","targetHints":{"allow":["GET"]}}],"collection":[{"href":"https:\/\/agriquipo.com\/blog\/wp-json\/wp\/v2\/posts"}],"about":[{"href":"https:\/\/agriquipo.com\/blog\/wp-json\/wp\/v2\/types\/post"}],"author":[{"embeddable":true,"href":"https:\/\/agriquipo.com\/blog\/wp-json\/wp\/v2\/users\/1"}],"replies":[{"embeddable":true,"href":"https:\/\/agriquipo.com\/blog\/wp-json\/wp\/v2\/comments?post=2632"}],"version-history":[{"count":3,"href":"https:\/\/agriquipo.com\/blog\/wp-json\/wp\/v2\/posts\/2632\/revisions"}],"predecessor-version":[{"id":2637,"href":"https:\/\/agriquipo.com\/blog\/wp-json\/wp\/v2\/posts\/2632\/revisions\/2637"}],"wp:featuredmedia":[{"embeddable":true,"href":"https:\/\/agriquipo.com\/blog\/wp-json\/wp\/v2\/media\/2635"}],"wp:attachment":[{"href":"https:\/\/agriquipo.com\/blog\/wp-json\/wp\/v2\/media?parent=2632"}],"wp:term":[{"taxonomy":"category","embeddable":true,"href":"https:\/\/agriquipo.com\/blog\/wp-json\/wp\/v2\/categories?post=2632"},{"taxonomy":"post_tag","embeddable":true,"href":"https:\/\/agriquipo.com\/blog\/wp-json\/wp\/v2\/tags?post=2632"}],"curies":[{"name":"wp","href":"https:\/\/api.w.org\/{rel}","templated":true}]}}