{"id":2615,"date":"2022-10-07T11:21:52","date_gmt":"2022-10-07T11:21:52","guid":{"rendered":"https:\/\/agriquipo.com\/blog\/?p=2615"},"modified":"2022-10-07T11:22:55","modified_gmt":"2022-10-07T11:22:55","slug":"averias-en-los-cilindros-del-motor-de-tu-tractor","status":"publish","type":"post","link":"https:\/\/agriquipo.com\/blog\/tractores\/averias-del-tractor\/averias-en-los-cilindros-del-motor-de-tu-tractor\/","title":{"rendered":"Aver\u00edas en los cilindros del motor de tu tractor"},"content":{"rendered":"\n\n<div class=\"kk-star-ratings kksr-auto kksr-align-left kksr-valign-top\"\n    data-payload='{&quot;align&quot;:&quot;left&quot;,&quot;id&quot;:&quot;2615&quot;,&quot;slug&quot;:&quot;default&quot;,&quot;valign&quot;:&quot;top&quot;,&quot;ignore&quot;:&quot;&quot;,&quot;reference&quot;:&quot;auto&quot;,&quot;class&quot;:&quot;&quot;,&quot;count&quot;:&quot;1&quot;,&quot;legendonly&quot;:&quot;&quot;,&quot;readonly&quot;:&quot;&quot;,&quot;score&quot;:&quot;5&quot;,&quot;starsonly&quot;:&quot;&quot;,&quot;best&quot;:&quot;5&quot;,&quot;gap&quot;:&quot;5&quot;,&quot;greet&quot;:&quot;Valora este post&quot;,&quot;legend&quot;:&quot;5\\\/5 - (1 voto)&quot;,&quot;size&quot;:&quot;24&quot;,&quot;title&quot;:&quot;Aver\\u00edas en los cilindros del motor de tu tractor&quot;,&quot;width&quot;:&quot;142.5&quot;,&quot;_legend&quot;:&quot;{score}\\\/{best} - ({count} {votes})&quot;,&quot;font_factor&quot;:&quot;1.25&quot;}'>\n            \n<div class=\"kksr-stars\">\n    \n<div class=\"kksr-stars-inactive\">\n            <div class=\"kksr-star\" data-star=\"1\" style=\"padding-right: 5px\">\n            \n\n<div class=\"kksr-icon\" style=\"width: 24px; height: 24px;\"><\/div>\n        <\/div>\n            <div class=\"kksr-star\" data-star=\"2\" style=\"padding-right: 5px\">\n            \n\n<div class=\"kksr-icon\" style=\"width: 24px; height: 24px;\"><\/div>\n        <\/div>\n            <div class=\"kksr-star\" data-star=\"3\" style=\"padding-right: 5px\">\n            \n\n<div class=\"kksr-icon\" style=\"width: 24px; height: 24px;\"><\/div>\n        <\/div>\n            <div class=\"kksr-star\" data-star=\"4\" style=\"padding-right: 5px\">\n            \n\n<div class=\"kksr-icon\" style=\"width: 24px; height: 24px;\"><\/div>\n        <\/div>\n            <div class=\"kksr-star\" data-star=\"5\" style=\"padding-right: 5px\">\n            \n\n<div class=\"kksr-icon\" style=\"width: 24px; height: 24px;\"><\/div>\n        <\/div>\n    <\/div>\n    \n<div class=\"kksr-stars-active\" style=\"width: 142.5px;\">\n            <div class=\"kksr-star\" style=\"padding-right: 5px\">\n            \n\n<div class=\"kksr-icon\" style=\"width: 24px; height: 24px;\"><\/div>\n        <\/div>\n            <div class=\"kksr-star\" style=\"padding-right: 5px\">\n            \n\n<div class=\"kksr-icon\" style=\"width: 24px; height: 24px;\"><\/div>\n        <\/div>\n            <div class=\"kksr-star\" style=\"padding-right: 5px\">\n            \n\n<div class=\"kksr-icon\" style=\"width: 24px; height: 24px;\"><\/div>\n        <\/div>\n            <div class=\"kksr-star\" style=\"padding-right: 5px\">\n            \n\n<div class=\"kksr-icon\" style=\"width: 24px; height: 24px;\"><\/div>\n        <\/div>\n            <div class=\"kksr-star\" style=\"padding-right: 5px\">\n            \n\n<div class=\"kksr-icon\" style=\"width: 24px; height: 24px;\"><\/div>\n        <\/div>\n    <\/div>\n<\/div>\n                \n\n<div class=\"kksr-legend\" style=\"font-size: 19.2px;\">\n            5\/5 - (1 voto)    <\/div>\n    <\/div>\n\n<p>Si quieres que tu tractor funcione en perfecto estado, debes saber cu\u00e1ndo el&nbsp;<strong>motor<\/strong>&nbsp;est\u00e1 presentando alg\u00fan tipo de fallas, para poder repararlo a tiempo y con el mayor \u00e9xito. En este sentido, uno de los conocimientos m\u00e1s valiosos al respecto, es conocer las aver\u00edas m\u00e1s comunes de los&nbsp;<strong>cilindros<\/strong>, cuya funci\u00f3n es indispensable para una eficiencia al 100%.<\/p>\n\n\n\n<p>En este sentido, te describiremos los principales s\u00edntomas por los cuales se pueden reconocer cuando un cilindro de motor de tractor est\u00e1 averiado, present\u00e1ndote posteriormente las principales soluciones a estas aver\u00edas frecuentes.<\/p>\n\n\n\n<div id=\"ez-toc-container\" class=\"ez-toc-v2_0_66_1 counter-hierarchy ez-toc-counter ez-toc-grey ez-toc-container-direction\">\n<div class=\"ez-toc-title-container\">\n<p class=\"ez-toc-title \" >&Iacute;ndice<\/p>\n<span class=\"ez-toc-title-toggle\"><a href=\"#\" class=\"ez-toc-pull-right ez-toc-btn ez-toc-btn-xs ez-toc-btn-default ez-toc-toggle\" aria-label=\"Toggle Table of Content\"><span class=\"ez-toc-js-icon-con\"><span class=\"\"><span class=\"eztoc-hide\" style=\"display:none;\">Toggle<\/span><span class=\"ez-toc-icon-toggle-span\"><svg style=\"fill: #999;color:#999\" xmlns=\"http:\/\/www.w3.org\/2000\/svg\" class=\"list-377408\" width=\"20px\" height=\"20px\" viewBox=\"0 0 24 24\" fill=\"none\"><path d=\"M6 6H4v2h2V6zm14 0H8v2h12V6zM4 11h2v2H4v-2zm16 0H8v2h12v-2zM4 16h2v2H4v-2zm16 0H8v2h12v-2z\" fill=\"currentColor\"><\/path><\/svg><svg style=\"fill: #999;color:#999\" class=\"arrow-unsorted-368013\" xmlns=\"http:\/\/www.w3.org\/2000\/svg\" width=\"10px\" height=\"10px\" viewBox=\"0 0 24 24\" version=\"1.2\" baseProfile=\"tiny\"><path d=\"M18.2 9.3l-6.2-6.3-6.2 6.3c-.2.2-.3.4-.3.7s.1.5.3.7c.2.2.4.3.7.3h11c.3 0 .5-.1.7-.3.2-.2.3-.5.3-.7s-.1-.5-.3-.7zM5.8 14.7l6.2 6.3 6.2-6.3c.2-.2.3-.5.3-.7s-.1-.5-.3-.7c-.2-.2-.4-.3-.7-.3h-11c-.3 0-.5.1-.7.3-.2.2-.3.5-.3.7s.1.5.3.7z\"\/><\/svg><\/span><\/span><\/span><\/a><\/span><\/div>\n<nav><ul class='ez-toc-list ez-toc-list-level-1 eztoc-toggle-hide-by-default' ><li class='ez-toc-page-1 ez-toc-heading-level-2'><a class=\"ez-toc-link ez-toc-heading-1\" href=\"https:\/\/agriquipo.com\/blog\/tractores\/averias-del-tractor\/averias-en-los-cilindros-del-motor-de-tu-tractor\/#Sintomas_de_averias_en_los_cilindros_del_motor\" title=\"S\u00edntomas de aver\u00edas en los cilindros del motor\">S\u00edntomas de aver\u00edas en los cilindros del motor<\/a><\/li><li class='ez-toc-page-1 ez-toc-heading-level-2'><a class=\"ez-toc-link ez-toc-heading-2\" href=\"https:\/\/agriquipo.com\/blog\/tractores\/averias-del-tractor\/averias-en-los-cilindros-del-motor-de-tu-tractor\/#Soluciones\" title=\"Soluciones\">Soluciones<\/a><\/li><\/ul><\/nav><\/div>\n<h2 class=\"wp-block-heading\" id=\"h-sintomas-de-averias-en-los-cilindros-del-motor\"><span class=\"ez-toc-section\" id=\"Sintomas_de_averias_en_los_cilindros_del_motor\"><\/span><strong>S\u00edntomas de aver\u00edas en los cilindros del motor<\/strong><span class=\"ez-toc-section-end\"><\/span><\/h2>\n\n\n\n<p class=\"has-text-align-left\">El aspecto m\u00e1s importante que debes tener en cuenta es para qu\u00e9 sirven los cilindros del&nbsp;<strong>motor<\/strong>&nbsp;de tu&nbsp;<strong>tractor<\/strong>. Se trata de los recintos a trav\u00e9s de los cuales se mueve cada pist\u00f3n del sistema motriz. Con el fin de facilitar una funci\u00f3n adecuada, su estructura interna est\u00e1 especialmente dise\u00f1ada para evitar cualquier tipo de roces.<br><br><br><img loading=\"lazy\" decoding=\"async\" src=\"https:\/\/agriquipo.com\/img\/cms\/cilindros.PNG\" alt=\"\" width=\"551\" height=\"365\"><\/p>\n\n\n\n<p>A dem\u00e1s, su composici\u00f3n met\u00e1lica est\u00e1 constituida para soportar una&nbsp;<strong>temperatura<\/strong>&nbsp;bastante elevada. El conjunto total e integrado de&nbsp;<strong>cilindros<\/strong>&nbsp;constituyen lo que en el lenguaje automotriz se concibe como&nbsp;<strong>bloque del motor<\/strong>. De este sistema depende la cantidad de&nbsp;<strong>aire<\/strong>&nbsp;que logra entrar a la mezcla con el&nbsp;<strong>combustible<\/strong>&nbsp;que hace explosi\u00f3n para producir el movimiento.<\/p>\n\n\n\n<p>Una vez que hemos explicado en pocas palabras la funcionalidad de los&nbsp;<strong>cilindros<\/strong>, debes saber c\u00f3mo reconocer los s\u00edntomas de que algo anda mal con ellos. De modo que, si comienzan a fallar, tu&nbsp;<strong>tractor<\/strong>&nbsp;comenzar\u00e1 a comportarse de manera extra\u00f1a. Por eso, debes estar atento si reconoces los s\u00edntomas de los cuales te hablaremos.<\/p>\n\n\n\n<p>Los cilindros deteriorados, o con fallas, generan da\u00f1os en el funcionamiento del&nbsp;<strong>motor de combusti\u00f3n interna<\/strong>, por lo que debes estar atento si percibes una disminuci\u00f3n de la potencia al acelerar. As\u00ed mismo, este da\u00f1o puede hacer que se produzca el s\u00edntoma de que las revoluciones suban o bajen por encima de lo normal.<\/p>\n\n\n\n<p>Otra se\u00f1al de que ando anda mal con los&nbsp;<strong>cilindros<\/strong>&nbsp;de tu&nbsp;<strong>tractor,&nbsp;<\/strong>es que la m\u00e1quina tiemble si se le pisa a fondo el acelerador. Esto puede ser causa de problemas con el<strong>&nbsp;<a href=\"https:\/\/agriquipo.com\/141-ciguenal\">cig\u00fce\u00f1al<\/a>&nbsp;<\/strong>debido a fallos en el encendido de alguno de los<strong>&nbsp;cilindros<\/strong>.<\/p>\n\n\n\n<p>Otro s\u00edntoma frecuente de aver\u00edas de los cilindros es que tu tractor&nbsp;<strong>cale&nbsp;<\/strong>m\u00e1s de lo acostumbrado. Si esto ocurre, probablemente se deba a algunas ralladuras o rompimiento de alguna&nbsp;<strong>camisa de cilindro<\/strong>.<\/p>\n\n\n\n<p>Una grave se\u00f1al de aver\u00edas en los&nbsp;<strong>cilindros<\/strong>&nbsp;de tu&nbsp;<strong>tractor<\/strong>&nbsp;se puede ver reflejada en el deterioro de la sonda lambda. Esto puede producirse si uno o varios de los&nbsp;<strong>cilindros&nbsp;<\/strong>impide el correcto movimiento del&nbsp;<strong>pist\u00f3n<\/strong>, haciendo que la quema de la mezcla no se lleve a cabo de manera eficaz, provocando que el combustible se dirija a la zona de<strong>&nbsp;<a href=\"https:\/\/agriquipo.com\/148-tubo-de-escape\">escape<\/a><\/strong>, provocando el da\u00f1o mencionado.<\/p>\n\n\n\n<p>Para evitar cualquiera de estos s\u00edntomas, que anuncian aver\u00edas en los cilindros del tractor, debes hacer un correcto mantenimiento de toda la&nbsp;<strong>mec\u00e1nica<\/strong>&nbsp;del motor, dando as\u00ed el mejor funcionamiento a tu m\u00e1quina agr\u00edcola.<\/p>\n\n\n\n<h2 class=\"wp-block-heading\" id=\"h-soluciones\"><span class=\"ez-toc-section\" id=\"Soluciones\"><\/span><strong>Soluciones<\/strong><span class=\"ez-toc-section-end\"><\/span><\/h2>\n\n\n\n<p>Las aver\u00edas de los&nbsp;<strong>cilindros<\/strong>&nbsp;del motor de tu tractor pueden deberse a errores en el montaje inicial, o a desgastes naturales a causa del tiempo y el uso. Para cualquiera de estas causas de fallas en el funcionamiento, existen soluciones que debes tomar en cuenta, si lo que quieres es reparar de forma correcta el sistema motriz de tu tractor.<\/p>\n\n\n\n<p>Una de las soluciones m\u00e1s efectivas es alinear de manera correcta cada&nbsp;<strong><a href=\"https:\/\/agriquipo.com\/142-biela-de-motor\">biela<\/a><\/strong>, o cambiarlas si as\u00ed se requiere, para corregir distorsiones en el funcionamiento de los cilindros, que provoquen su deterioro, y generen varios de los da\u00f1os que antes hemos mencionado.<\/p>\n\n\n\n<p>Si las fallas son provocadas por problemas de alineaci\u00f3n de los cilindros, la soluci\u00f3n m\u00e1s efectiva para esta aver\u00eda es rectificar los cilindros para que est\u00e9n correctamente alineados en funci\u00f3n del movimiento del&nbsp;<strong>cig\u00fce\u00f1al<\/strong>.<\/p>\n\n\n\n<p>Otra soluci\u00f3n bastante efectiva para la falla de tu tractor, provocada por problemas con los cilindros, es limpiar el asiento del&nbsp;<strong>bloque del motor<\/strong>&nbsp;y por tanto de los cilindros. Esto producir\u00e1 un correcto funcionamiento de los pistones y un movimiento coordinado del cig\u00fce\u00f1al, por lo que terminar\u00e1 con problemas de vibraciones al acelerar e irregularidades en las revoluciones.<\/p>\n\n\n\n<p>Es importante que tengas en cuenta usar un lubricante para el&nbsp;<strong>cig\u00fce\u00f1al<\/strong>, cuya mejor opci\u00f3n es aceite, logrando que llegue hasta los pistones y as\u00ed pueda garantizar un movimiento ligero, sin trabas y sin atasques de ning\u00fan tipo.<\/p>\n\n\n\n<p>Una excelente soluci\u00f3n para problemas con el sistema de cilindrado, es reparar el&nbsp;<strong>c\u00e1rter<\/strong>&nbsp;de cig\u00fce\u00f1al, ya que este proporciona el alojamiento y la conexi\u00f3n de la culata de cada cilindro. En este mismo sentido, la reparaci\u00f3n del c\u00e1rter mejora el funcionamiento del&nbsp;<strong>\u00e1rbol de levas<\/strong>, puesto que este est\u00e1 apoyado del c\u00e1rter y, por tanto, tiene impacto en la eficiencia de los&nbsp;<strong>cilindros<\/strong>.<\/p>\n","protected":false},"excerpt":{"rendered":"<p> &#8230; <a title=\"Aver\u00edas en los cilindros del motor de tu tractor\" class=\"read-more\" href=\"https:\/\/agriquipo.com\/blog\/tractores\/averias-del-tractor\/averias-en-los-cilindros-del-motor-de-tu-tractor\/\" aria-label=\"M\u00e1s en Aver\u00edas en los cilindros del motor de tu tractor\">Leer m\u00e1s<\/a><\/p>\n","protected":false},"author":1,"featured_media":2602,"comment_status":"open","ping_status":"open","sticky":false,"template":"","format":"standard","meta":{"footnotes":""},"categories":[4],"tags":[],"class_list":["post-2615","post","type-post","status-publish","format-standard","has-post-thumbnail","hentry","category-averias-del-tractor","generate-columns","tablet-grid-50","mobile-grid-100","grid-parent","grid-33"],"yoast_head":"<!-- This site is optimized with the Yoast SEO Premium plugin v19.3 (Yoast SEO v22.8) - https:\/\/yoast.com\/wordpress\/plugins\/seo\/ -->\n<title>\u226bAver\u00edas en los cilindros del motor de tu tractor | Agriquipo<\/title>\n<meta name=\"robots\" content=\"index, follow, max-snippet:-1, max-image-preview:large, max-video-preview:-1\" \/>\n<link rel=\"canonical\" href=\"https:\/\/agriquipo.com\/blog\/tractores\/averias-del-tractor\/averias-en-los-cilindros-del-motor-de-tu-tractor\/\" \/>\n<meta property=\"og:locale\" content=\"es_ES\" \/>\n<meta property=\"og:type\" content=\"article\" \/>\n<meta property=\"og:title\" content=\"Aver\u00edas en los cilindros del motor de tu tractor\" \/>\n<meta property=\"og:description\" content=\"... Leer m\u00e1s\" \/>\n<meta property=\"og:url\" content=\"https:\/\/agriquipo.com\/blog\/tractores\/averias-del-tractor\/averias-en-los-cilindros-del-motor-de-tu-tractor\/\" \/>\n<meta property=\"og:site_name\" content=\"Agriquipo, noticias agr\u00edcolas\" \/>\n<meta property=\"article:published_time\" content=\"2022-10-07T11:21:52+00:00\" \/>\n<meta property=\"article:modified_time\" content=\"2022-10-07T11:22:55+00:00\" \/>\n<meta property=\"og:image\" content=\"https:\/\/agriquipo.com\/blog\/wp-content\/uploads\/2022\/10\/juntadeculata.webp\" \/>\n\t<meta property=\"og:image:width\" content=\"600\" \/>\n\t<meta property=\"og:image:height\" content=\"450\" \/>\n\t<meta property=\"og:image:type\" content=\"image\/webp\" \/>\n<meta name=\"author\" content=\"Jos\u00e9 M\u00aa D\u00edaz S\u00e1nchez\" \/>\n<meta name=\"twitter:card\" content=\"summary_large_image\" \/>\n<meta name=\"twitter:label1\" content=\"Escrito por\" \/>\n\t<meta name=\"twitter:data1\" content=\"Jos\u00e9 M\u00aa D\u00edaz S\u00e1nchez\" \/>\n\t<meta name=\"twitter:label2\" content=\"Tiempo de lectura\" \/>\n\t<meta name=\"twitter:data2\" content=\"4 minutos\" \/>\n<script type=\"application\/ld+json\" class=\"yoast-schema-graph\">{\"@context\":\"https:\/\/schema.org\",\"@graph\":[{\"@type\":\"Article\",\"@id\":\"https:\/\/agriquipo.com\/blog\/tractores\/averias-del-tractor\/averias-en-los-cilindros-del-motor-de-tu-tractor\/#article\",\"isPartOf\":{\"@id\":\"https:\/\/agriquipo.com\/blog\/tractores\/averias-del-tractor\/averias-en-los-cilindros-del-motor-de-tu-tractor\/\"},\"author\":{\"name\":\"Jos\u00e9 M\u00aa D\u00edaz S\u00e1nchez\",\"@id\":\"https:\/\/agriquipo.com\/blog\/#\/schema\/person\/37bd003ca0b8c0922de362951e177727\"},\"headline\":\"Aver\u00edas en los cilindros del motor de tu tractor\",\"datePublished\":\"2022-10-07T11:21:52+00:00\",\"dateModified\":\"2022-10-07T11:22:55+00:00\",\"mainEntityOfPage\":{\"@id\":\"https:\/\/agriquipo.com\/blog\/tractores\/averias-del-tractor\/averias-en-los-cilindros-del-motor-de-tu-tractor\/\"},\"wordCount\":932,\"commentCount\":0,\"publisher\":{\"@id\":\"https:\/\/agriquipo.com\/blog\/#organization\"},\"image\":{\"@id\":\"https:\/\/agriquipo.com\/blog\/tractores\/averias-del-tractor\/averias-en-los-cilindros-del-motor-de-tu-tractor\/#primaryimage\"},\"thumbnailUrl\":\"https:\/\/agriquipo.com\/blog\/wp-content\/uploads\/2022\/10\/juntadeculata.webp\",\"articleSection\":[\"Aver\u00edas del Tractor\"],\"inLanguage\":\"es\",\"potentialAction\":[{\"@type\":\"CommentAction\",\"name\":\"Comment\",\"target\":[\"https:\/\/agriquipo.com\/blog\/tractores\/averias-del-tractor\/averias-en-los-cilindros-del-motor-de-tu-tractor\/#respond\"]}]},{\"@type\":\"WebPage\",\"@id\":\"https:\/\/agriquipo.com\/blog\/tractores\/averias-del-tractor\/averias-en-los-cilindros-del-motor-de-tu-tractor\/\",\"url\":\"https:\/\/agriquipo.com\/blog\/tractores\/averias-del-tractor\/averias-en-los-cilindros-del-motor-de-tu-tractor\/\",\"name\":\"\u226bAver\u00edas en los cilindros del motor de tu tractor | Agriquipo\",\"isPartOf\":{\"@id\":\"https:\/\/agriquipo.com\/blog\/#website\"},\"primaryImageOfPage\":{\"@id\":\"https:\/\/agriquipo.com\/blog\/tractores\/averias-del-tractor\/averias-en-los-cilindros-del-motor-de-tu-tractor\/#primaryimage\"},\"image\":{\"@id\":\"https:\/\/agriquipo.com\/blog\/tractores\/averias-del-tractor\/averias-en-los-cilindros-del-motor-de-tu-tractor\/#primaryimage\"},\"thumbnailUrl\":\"https:\/\/agriquipo.com\/blog\/wp-content\/uploads\/2022\/10\/juntadeculata.webp\",\"datePublished\":\"2022-10-07T11:21:52+00:00\",\"dateModified\":\"2022-10-07T11:22:55+00:00\",\"breadcrumb\":{\"@id\":\"https:\/\/agriquipo.com\/blog\/tractores\/averias-del-tractor\/averias-en-los-cilindros-del-motor-de-tu-tractor\/#breadcrumb\"},\"inLanguage\":\"es\",\"potentialAction\":[{\"@type\":\"ReadAction\",\"target\":[\"https:\/\/agriquipo.com\/blog\/tractores\/averias-del-tractor\/averias-en-los-cilindros-del-motor-de-tu-tractor\/\"]}]},{\"@type\":\"ImageObject\",\"inLanguage\":\"es\",\"@id\":\"https:\/\/agriquipo.com\/blog\/tractores\/averias-del-tractor\/averias-en-los-cilindros-del-motor-de-tu-tractor\/#primaryimage\",\"url\":\"https:\/\/agriquipo.com\/blog\/wp-content\/uploads\/2022\/10\/juntadeculata.webp\",\"contentUrl\":\"https:\/\/agriquipo.com\/blog\/wp-content\/uploads\/2022\/10\/juntadeculata.webp\",\"width\":600,\"height\":450},{\"@type\":\"BreadcrumbList\",\"@id\":\"https:\/\/agriquipo.com\/blog\/tractores\/averias-del-tractor\/averias-en-los-cilindros-del-motor-de-tu-tractor\/#breadcrumb\",\"itemListElement\":[{\"@type\":\"ListItem\",\"position\":1,\"name\":\"Inicio\",\"item\":\"https:\/\/agriquipo.com\/blog\/\"},{\"@type\":\"ListItem\",\"position\":2,\"name\":\"Tractores\",\"item\":\"https:\/\/agriquipo.com\/blog\/tractores\/\"},{\"@type\":\"ListItem\",\"position\":3,\"name\":\"Aver\u00edas del Tractor\",\"item\":\"https:\/\/agriquipo.com\/blog\/tractores\/averias-del-tractor\/\"},{\"@type\":\"ListItem\",\"position\":4,\"name\":\"Aver\u00edas en los cilindros del motor de tu tractor\"}]},{\"@type\":\"WebSite\",\"@id\":\"https:\/\/agriquipo.com\/blog\/#website\",\"url\":\"https:\/\/agriquipo.com\/blog\/\",\"name\":\"Agriquipo, noticias agr\u00edcolas\",\"description\":\"\",\"publisher\":{\"@id\":\"https:\/\/agriquipo.com\/blog\/#organization\"},\"potentialAction\":[{\"@type\":\"SearchAction\",\"target\":{\"@type\":\"EntryPoint\",\"urlTemplate\":\"https:\/\/agriquipo.com\/blog\/?s={search_term_string}\"},\"query-input\":\"required name=search_term_string\"}],\"inLanguage\":\"es\"},{\"@type\":\"Organization\",\"@id\":\"https:\/\/agriquipo.com\/blog\/#organization\",\"name\":\"Agriquipo, noticias agr\u00edcolas\",\"url\":\"https:\/\/agriquipo.com\/blog\/\",\"logo\":{\"@type\":\"ImageObject\",\"inLanguage\":\"es\",\"@id\":\"https:\/\/agriquipo.com\/blog\/#\/schema\/logo\/image\/\",\"url\":\"https:\/\/agriquipo.com\/blog\/wp-content\/uploads\/2022\/09\/cropped-cropped-agriquipo.jpg\",\"contentUrl\":\"https:\/\/agriquipo.com\/blog\/wp-content\/uploads\/2022\/09\/cropped-cropped-agriquipo.jpg\",\"width\":296,\"height\":53,\"caption\":\"Agriquipo, noticias agr\u00edcolas\"},\"image\":{\"@id\":\"https:\/\/agriquipo.com\/blog\/#\/schema\/logo\/image\/\"}},{\"@type\":\"Person\",\"@id\":\"https:\/\/agriquipo.com\/blog\/#\/schema\/person\/37bd003ca0b8c0922de362951e177727\",\"name\":\"Jos\u00e9 M\u00aa D\u00edaz S\u00e1nchez\",\"image\":{\"@type\":\"ImageObject\",\"inLanguage\":\"es\",\"@id\":\"https:\/\/agriquipo.com\/blog\/#\/schema\/person\/image\/\",\"url\":\"https:\/\/secure.gravatar.com\/avatar\/f78b2388c99e4ca1df8a0929b03fd9c38291314cb70ee5431b63a88f250c3961?s=96&d=mm&r=g\",\"contentUrl\":\"https:\/\/secure.gravatar.com\/avatar\/f78b2388c99e4ca1df8a0929b03fd9c38291314cb70ee5431b63a88f250c3961?s=96&d=mm&r=g\",\"caption\":\"Jos\u00e9 M\u00aa D\u00edaz S\u00e1nchez\"},\"description\":\"Jos\u00e9 M\u00aa D\u00edaz S\u00e1nchez, Ingeriero T\u00e9cnico Agr\u00edcola. Profesional del campo y de la agricultura desde hace m\u00e1s de 20 a\u00f1os, asesorando a los agricultores y empresas agr\u00edcolas en su d\u00eda a d\u00eda\",\"sameAs\":[\"https:\/\/www.wikidata.org\/wiki\/Q108892695\"]}]}<\/script>\n<!-- \/ Yoast SEO Premium plugin. -->","yoast_head_json":{"title":"\u226bAver\u00edas en los cilindros del motor de tu tractor | Agriquipo","robots":{"index":"index","follow":"follow","max-snippet":"max-snippet:-1","max-image-preview":"max-image-preview:large","max-video-preview":"max-video-preview:-1"},"canonical":"https:\/\/agriquipo.com\/blog\/tractores\/averias-del-tractor\/averias-en-los-cilindros-del-motor-de-tu-tractor\/","og_locale":"es_ES","og_type":"article","og_title":"Aver\u00edas en los cilindros del motor de tu tractor","og_description":"... Leer m\u00e1s","og_url":"https:\/\/agriquipo.com\/blog\/tractores\/averias-del-tractor\/averias-en-los-cilindros-del-motor-de-tu-tractor\/","og_site_name":"Agriquipo, noticias agr\u00edcolas","article_published_time":"2022-10-07T11:21:52+00:00","article_modified_time":"2022-10-07T11:22:55+00:00","og_image":[{"width":600,"height":450,"url":"https:\/\/agriquipo.com\/blog\/wp-content\/uploads\/2022\/10\/juntadeculata.webp","type":"image\/webp"}],"author":"Jos\u00e9 M\u00aa D\u00edaz S\u00e1nchez","twitter_card":"summary_large_image","twitter_misc":{"Escrito por":"Jos\u00e9 M\u00aa D\u00edaz S\u00e1nchez","Tiempo de lectura":"4 minutos"},"schema":{"@context":"https:\/\/schema.org","@graph":[{"@type":"Article","@id":"https:\/\/agriquipo.com\/blog\/tractores\/averias-del-tractor\/averias-en-los-cilindros-del-motor-de-tu-tractor\/#article","isPartOf":{"@id":"https:\/\/agriquipo.com\/blog\/tractores\/averias-del-tractor\/averias-en-los-cilindros-del-motor-de-tu-tractor\/"},"author":{"name":"Jos\u00e9 M\u00aa D\u00edaz S\u00e1nchez","@id":"https:\/\/agriquipo.com\/blog\/#\/schema\/person\/37bd003ca0b8c0922de362951e177727"},"headline":"Aver\u00edas en los cilindros del motor de tu tractor","datePublished":"2022-10-07T11:21:52+00:00","dateModified":"2022-10-07T11:22:55+00:00","mainEntityOfPage":{"@id":"https:\/\/agriquipo.com\/blog\/tractores\/averias-del-tractor\/averias-en-los-cilindros-del-motor-de-tu-tractor\/"},"wordCount":932,"commentCount":0,"publisher":{"@id":"https:\/\/agriquipo.com\/blog\/#organization"},"image":{"@id":"https:\/\/agriquipo.com\/blog\/tractores\/averias-del-tractor\/averias-en-los-cilindros-del-motor-de-tu-tractor\/#primaryimage"},"thumbnailUrl":"https:\/\/agriquipo.com\/blog\/wp-content\/uploads\/2022\/10\/juntadeculata.webp","articleSection":["Aver\u00edas del Tractor"],"inLanguage":"es","potentialAction":[{"@type":"CommentAction","name":"Comment","target":["https:\/\/agriquipo.com\/blog\/tractores\/averias-del-tractor\/averias-en-los-cilindros-del-motor-de-tu-tractor\/#respond"]}]},{"@type":"WebPage","@id":"https:\/\/agriquipo.com\/blog\/tractores\/averias-del-tractor\/averias-en-los-cilindros-del-motor-de-tu-tractor\/","url":"https:\/\/agriquipo.com\/blog\/tractores\/averias-del-tractor\/averias-en-los-cilindros-del-motor-de-tu-tractor\/","name":"\u226bAver\u00edas en los cilindros del motor de tu tractor | Agriquipo","isPartOf":{"@id":"https:\/\/agriquipo.com\/blog\/#website"},"primaryImageOfPage":{"@id":"https:\/\/agriquipo.com\/blog\/tractores\/averias-del-tractor\/averias-en-los-cilindros-del-motor-de-tu-tractor\/#primaryimage"},"image":{"@id":"https:\/\/agriquipo.com\/blog\/tractores\/averias-del-tractor\/averias-en-los-cilindros-del-motor-de-tu-tractor\/#primaryimage"},"thumbnailUrl":"https:\/\/agriquipo.com\/blog\/wp-content\/uploads\/2022\/10\/juntadeculata.webp","datePublished":"2022-10-07T11:21:52+00:00","dateModified":"2022-10-07T11:22:55+00:00","breadcrumb":{"@id":"https:\/\/agriquipo.com\/blog\/tractores\/averias-del-tractor\/averias-en-los-cilindros-del-motor-de-tu-tractor\/#breadcrumb"},"inLanguage":"es","potentialAction":[{"@type":"ReadAction","target":["https:\/\/agriquipo.com\/blog\/tractores\/averias-del-tractor\/averias-en-los-cilindros-del-motor-de-tu-tractor\/"]}]},{"@type":"ImageObject","inLanguage":"es","@id":"https:\/\/agriquipo.com\/blog\/tractores\/averias-del-tractor\/averias-en-los-cilindros-del-motor-de-tu-tractor\/#primaryimage","url":"https:\/\/agriquipo.com\/blog\/wp-content\/uploads\/2022\/10\/juntadeculata.webp","contentUrl":"https:\/\/agriquipo.com\/blog\/wp-content\/uploads\/2022\/10\/juntadeculata.webp","width":600,"height":450},{"@type":"BreadcrumbList","@id":"https:\/\/agriquipo.com\/blog\/tractores\/averias-del-tractor\/averias-en-los-cilindros-del-motor-de-tu-tractor\/#breadcrumb","itemListElement":[{"@type":"ListItem","position":1,"name":"Inicio","item":"https:\/\/agriquipo.com\/blog\/"},{"@type":"ListItem","position":2,"name":"Tractores","item":"https:\/\/agriquipo.com\/blog\/tractores\/"},{"@type":"ListItem","position":3,"name":"Aver\u00edas del Tractor","item":"https:\/\/agriquipo.com\/blog\/tractores\/averias-del-tractor\/"},{"@type":"ListItem","position":4,"name":"Aver\u00edas en los cilindros del motor de tu tractor"}]},{"@type":"WebSite","@id":"https:\/\/agriquipo.com\/blog\/#website","url":"https:\/\/agriquipo.com\/blog\/","name":"Agriquipo, noticias agr\u00edcolas","description":"","publisher":{"@id":"https:\/\/agriquipo.com\/blog\/#organization"},"potentialAction":[{"@type":"SearchAction","target":{"@type":"EntryPoint","urlTemplate":"https:\/\/agriquipo.com\/blog\/?s={search_term_string}"},"query-input":"required name=search_term_string"}],"inLanguage":"es"},{"@type":"Organization","@id":"https:\/\/agriquipo.com\/blog\/#organization","name":"Agriquipo, noticias agr\u00edcolas","url":"https:\/\/agriquipo.com\/blog\/","logo":{"@type":"ImageObject","inLanguage":"es","@id":"https:\/\/agriquipo.com\/blog\/#\/schema\/logo\/image\/","url":"https:\/\/agriquipo.com\/blog\/wp-content\/uploads\/2022\/09\/cropped-cropped-agriquipo.jpg","contentUrl":"https:\/\/agriquipo.com\/blog\/wp-content\/uploads\/2022\/09\/cropped-cropped-agriquipo.jpg","width":296,"height":53,"caption":"Agriquipo, noticias agr\u00edcolas"},"image":{"@id":"https:\/\/agriquipo.com\/blog\/#\/schema\/logo\/image\/"}},{"@type":"Person","@id":"https:\/\/agriquipo.com\/blog\/#\/schema\/person\/37bd003ca0b8c0922de362951e177727","name":"Jos\u00e9 M\u00aa D\u00edaz S\u00e1nchez","image":{"@type":"ImageObject","inLanguage":"es","@id":"https:\/\/agriquipo.com\/blog\/#\/schema\/person\/image\/","url":"https:\/\/secure.gravatar.com\/avatar\/f78b2388c99e4ca1df8a0929b03fd9c38291314cb70ee5431b63a88f250c3961?s=96&d=mm&r=g","contentUrl":"https:\/\/secure.gravatar.com\/avatar\/f78b2388c99e4ca1df8a0929b03fd9c38291314cb70ee5431b63a88f250c3961?s=96&d=mm&r=g","caption":"Jos\u00e9 M\u00aa D\u00edaz S\u00e1nchez"},"description":"Jos\u00e9 M\u00aa D\u00edaz S\u00e1nchez, Ingeriero T\u00e9cnico Agr\u00edcola. Profesional del campo y de la agricultura desde hace m\u00e1s de 20 a\u00f1os, asesorando a los agricultores y empresas agr\u00edcolas en su d\u00eda a d\u00eda","sameAs":["https:\/\/www.wikidata.org\/wiki\/Q108892695"]}]}},"_links":{"self":[{"href":"https:\/\/agriquipo.com\/blog\/wp-json\/wp\/v2\/posts\/2615","targetHints":{"allow":["GET"]}}],"collection":[{"href":"https:\/\/agriquipo.com\/blog\/wp-json\/wp\/v2\/posts"}],"about":[{"href":"https:\/\/agriquipo.com\/blog\/wp-json\/wp\/v2\/types\/post"}],"author":[{"embeddable":true,"href":"https:\/\/agriquipo.com\/blog\/wp-json\/wp\/v2\/users\/1"}],"replies":[{"embeddable":true,"href":"https:\/\/agriquipo.com\/blog\/wp-json\/wp\/v2\/comments?post=2615"}],"version-history":[{"count":2,"href":"https:\/\/agriquipo.com\/blog\/wp-json\/wp\/v2\/posts\/2615\/revisions"}],"predecessor-version":[{"id":2618,"href":"https:\/\/agriquipo.com\/blog\/wp-json\/wp\/v2\/posts\/2615\/revisions\/2618"}],"wp:featuredmedia":[{"embeddable":true,"href":"https:\/\/agriquipo.com\/blog\/wp-json\/wp\/v2\/media\/2602"}],"wp:attachment":[{"href":"https:\/\/agriquipo.com\/blog\/wp-json\/wp\/v2\/media?parent=2615"}],"wp:term":[{"taxonomy":"category","embeddable":true,"href":"https:\/\/agriquipo.com\/blog\/wp-json\/wp\/v2\/categories?post=2615"},{"taxonomy":"post_tag","embeddable":true,"href":"https:\/\/agriquipo.com\/blog\/wp-json\/wp\/v2\/tags?post=2615"}],"curies":[{"name":"wp","href":"https:\/\/api.w.org\/{rel}","templated":true}]}}