{"id":2476,"date":"2022-09-28T16:58:25","date_gmt":"2022-09-28T16:58:25","guid":{"rendered":"https:\/\/agriquipo.com\/blog\/?p=2476"},"modified":"2022-09-28T17:01:37","modified_gmt":"2022-09-28T17:01:37","slug":"el-cultivo-del-girasol-guia-basica","status":"publish","type":"post","link":"https:\/\/agriquipo.com\/blog\/agricultura\/cultivos\/el-cultivo-del-girasol-guia-basica\/","title":{"rendered":"El cultivo del girasol: Gu\u00eda b\u00e1sica"},"content":{"rendered":"\n\n<div class=\"kk-star-ratings kksr-auto kksr-align-left kksr-valign-top\"\n    data-payload='{&quot;align&quot;:&quot;left&quot;,&quot;id&quot;:&quot;2476&quot;,&quot;slug&quot;:&quot;default&quot;,&quot;valign&quot;:&quot;top&quot;,&quot;ignore&quot;:&quot;&quot;,&quot;reference&quot;:&quot;auto&quot;,&quot;class&quot;:&quot;&quot;,&quot;count&quot;:&quot;0&quot;,&quot;legendonly&quot;:&quot;&quot;,&quot;readonly&quot;:&quot;&quot;,&quot;score&quot;:&quot;0&quot;,&quot;starsonly&quot;:&quot;&quot;,&quot;best&quot;:&quot;5&quot;,&quot;gap&quot;:&quot;5&quot;,&quot;greet&quot;:&quot;Valora este post&quot;,&quot;legend&quot;:&quot;0\\\/5 - (0 votos)&quot;,&quot;size&quot;:&quot;24&quot;,&quot;title&quot;:&quot;El cultivo del girasol: Gu\\u00eda b\\u00e1sica&quot;,&quot;width&quot;:&quot;0&quot;,&quot;_legend&quot;:&quot;{score}\\\/{best} - ({count} {votes})&quot;,&quot;font_factor&quot;:&quot;1.25&quot;}'>\n            \n<div class=\"kksr-stars\">\n    \n<div class=\"kksr-stars-inactive\">\n            <div class=\"kksr-star\" data-star=\"1\" style=\"padding-right: 5px\">\n            \n\n<div class=\"kksr-icon\" style=\"width: 24px; height: 24px;\"><\/div>\n        <\/div>\n            <div class=\"kksr-star\" data-star=\"2\" style=\"padding-right: 5px\">\n            \n\n<div class=\"kksr-icon\" style=\"width: 24px; height: 24px;\"><\/div>\n        <\/div>\n            <div class=\"kksr-star\" data-star=\"3\" style=\"padding-right: 5px\">\n            \n\n<div class=\"kksr-icon\" style=\"width: 24px; height: 24px;\"><\/div>\n        <\/div>\n            <div class=\"kksr-star\" data-star=\"4\" style=\"padding-right: 5px\">\n            \n\n<div class=\"kksr-icon\" style=\"width: 24px; height: 24px;\"><\/div>\n        <\/div>\n            <div class=\"kksr-star\" data-star=\"5\" style=\"padding-right: 5px\">\n            \n\n<div class=\"kksr-icon\" style=\"width: 24px; height: 24px;\"><\/div>\n        <\/div>\n    <\/div>\n    \n<div class=\"kksr-stars-active\" style=\"width: 0px;\">\n            <div class=\"kksr-star\" style=\"padding-right: 5px\">\n            \n\n<div class=\"kksr-icon\" style=\"width: 24px; height: 24px;\"><\/div>\n        <\/div>\n            <div class=\"kksr-star\" style=\"padding-right: 5px\">\n            \n\n<div class=\"kksr-icon\" style=\"width: 24px; height: 24px;\"><\/div>\n        <\/div>\n            <div class=\"kksr-star\" style=\"padding-right: 5px\">\n            \n\n<div class=\"kksr-icon\" style=\"width: 24px; height: 24px;\"><\/div>\n        <\/div>\n            <div class=\"kksr-star\" style=\"padding-right: 5px\">\n            \n\n<div class=\"kksr-icon\" style=\"width: 24px; height: 24px;\"><\/div>\n        <\/div>\n            <div class=\"kksr-star\" style=\"padding-right: 5px\">\n            \n\n<div class=\"kksr-icon\" style=\"width: 24px; height: 24px;\"><\/div>\n        <\/div>\n    <\/div>\n<\/div>\n                \n\n<div class=\"kksr-legend\" style=\"font-size: 19.2px;\">\n            <span class=\"kksr-muted\">Valora este post<\/span>\n    <\/div>\n    <\/div>\n\n<p>El <strong>girasol<\/strong> obtiene la <strong>germinaci\u00f3n<\/strong>, durante las pr\u00f3ximas 24 horas despu\u00e9s de haber sembrado las <strong>semillas<\/strong> a una temperatura de al menos 5 grados Celsius, lo cual es indicativo, de que mientras m\u00e1s alta es la referida temperatura, m\u00e1s r\u00e1pidamente germinar\u00e1 gracias al proceso del <strong>fotoperiodo<\/strong>.<\/p>\n\n\n\n<p>Por lo tanto, si el rango de dicha temperatura se halla por debajo de 4 grados Celsius, la planta jam\u00e1s alcanzar\u00e1 su proceso de <strong>germinaci\u00f3n<\/strong>.<\/p>\n\n\n\n<p>Ahora bien, una vez que haya culminado germinar, se adapta muy f\u00e1cilmente a un amplio margen de temperaturas que pueden oscilar entre los 13 grados Celsius y los 30 grados cent\u00edgrados.<\/p>\n\n\n\n<p>El margen ideal de temperatura, puede oscilar entre 21 y 24 grados, aunque en per\u00edodos de corta duraci\u00f3n puede soportar temperaturas de hasta 8 grados, ya que temperaturas por debajo de ese rango, pueden da\u00f1ar el \u00e1pice de la planta y consecuencialmente, provocar la ramificaci\u00f3n excesiva de los <strong>tallos<\/strong>.<\/p>\n\n\n\n<p>Durante la fase de floraci\u00f3n, se observar\u00e1 con mucha facilidad, la influencia negativa que han provocado las altas temperaturas, mientras se hallaban las plantas en su fase de crecimiento y desarrollo foliar.<\/p>\n\n\n\n<p>Por lo tanto, la planta aguantar\u00e1 mejor en la fase de floraci\u00f3n esas temperaturas, ya que, de no ser as\u00ed la misma podr\u00eda sufrir situaciones de estr\u00e9s.<\/p>\n\n\n\n<p>En <strong>Agriquipo<\/strong>, contamos con personal especializado en la <strong><strong><span style=\"background-color: yellow;\"><a href=\"https:\/\/agriquipo.com\/blog\/agricultura\/wikicultivos\/como-surgio-la-agricultura\/\">agricultura<\/a><\/span><\/strong><\/strong>, que est\u00e1 dispuesto a brindar informaci\u00f3n profesional a todos aquellos agricultores que as\u00ed lo soliciten para que sus <strong>plantaciones<\/strong> de <strong>girasol<\/strong> reciban el mejor tratamiento para el buen provecho de la tierra, ofreciendo las mejores vitaminas y abonos para sus siembras. &nbsp;&nbsp;&nbsp;<\/p>\n\n\n\n<div id=\"ez-toc-container\" class=\"ez-toc-v2_0_66_1 counter-hierarchy ez-toc-counter ez-toc-grey ez-toc-container-direction\">\n<div class=\"ez-toc-title-container\">\n<p class=\"ez-toc-title \" >&Iacute;ndice<\/p>\n<span class=\"ez-toc-title-toggle\"><a href=\"#\" class=\"ez-toc-pull-right ez-toc-btn ez-toc-btn-xs ez-toc-btn-default ez-toc-toggle\" aria-label=\"Toggle Table of Content\"><span class=\"ez-toc-js-icon-con\"><span class=\"\"><span class=\"eztoc-hide\" style=\"display:none;\">Toggle<\/span><span class=\"ez-toc-icon-toggle-span\"><svg style=\"fill: #999;color:#999\" xmlns=\"http:\/\/www.w3.org\/2000\/svg\" class=\"list-377408\" width=\"20px\" height=\"20px\" viewBox=\"0 0 24 24\" fill=\"none\"><path d=\"M6 6H4v2h2V6zm14 0H8v2h12V6zM4 11h2v2H4v-2zm16 0H8v2h12v-2zM4 16h2v2H4v-2zm16 0H8v2h12v-2z\" fill=\"currentColor\"><\/path><\/svg><svg style=\"fill: #999;color:#999\" class=\"arrow-unsorted-368013\" xmlns=\"http:\/\/www.w3.org\/2000\/svg\" width=\"10px\" height=\"10px\" viewBox=\"0 0 24 24\" version=\"1.2\" baseProfile=\"tiny\"><path d=\"M18.2 9.3l-6.2-6.3-6.2 6.3c-.2.2-.3.4-.3.7s.1.5.3.7c.2.2.4.3.7.3h11c.3 0 .5-.1.7-.3.2-.2.3-.5.3-.7s-.1-.5-.3-.7zM5.8 14.7l6.2 6.3 6.2-6.3c.2-.2.3-.5.3-.7s-.1-.5-.3-.7c-.2-.2-.4-.3-.7-.3h-11c-.3 0-.5.1-.7.3-.2.2-.3.5-.3.7s.1.5.3.7z\"\/><\/svg><\/span><\/span><\/span><\/a><\/span><\/div>\n<nav><ul class='ez-toc-list ez-toc-list-level-1 eztoc-toggle-hide-by-default' ><li class='ez-toc-page-1 ez-toc-heading-level-2'><a class=\"ez-toc-link ez-toc-heading-1\" href=\"https:\/\/agriquipo.com\/blog\/agricultura\/cultivos\/el-cultivo-del-girasol-guia-basica\/#%C2%BFComo_preparar_el_suelo_para_el_cultivo_del_girasol\" title=\"\u00bfC\u00f3mo preparar el suelo para el cultivo del girasol?\">\u00bfC\u00f3mo preparar el suelo para el cultivo del girasol?<\/a><\/li><li class='ez-toc-page-1 ez-toc-heading-level-2'><a class=\"ez-toc-link ez-toc-heading-2\" href=\"https:\/\/agriquipo.com\/blog\/agricultura\/cultivos\/el-cultivo-del-girasol-guia-basica\/#La_siembra_en_el_girasol\" title=\"La siembra en el girasol\">La siembra en el girasol<\/a><\/li><li class='ez-toc-page-1 ez-toc-heading-level-2'><a class=\"ez-toc-link ez-toc-heading-3\" href=\"https:\/\/agriquipo.com\/blog\/agricultura\/cultivos\/el-cultivo-del-girasol-guia-basica\/#Cultivo_del_girasol_en_regadio\" title=\"Cultivo del girasol en regad\u00edo\">Cultivo del girasol en regad\u00edo<\/a><\/li><li class='ez-toc-page-1 ez-toc-heading-level-2'><a class=\"ez-toc-link ez-toc-heading-4\" href=\"https:\/\/agriquipo.com\/blog\/agricultura\/cultivos\/el-cultivo-del-girasol-guia-basica\/#Cultivo_del_girasol_en_secano\" title=\"Cultivo del girasol en secano\">Cultivo del girasol en secano<\/a><\/li><li class='ez-toc-page-1 ez-toc-heading-level-2'><a class=\"ez-toc-link ez-toc-heading-5\" href=\"https:\/\/agriquipo.com\/blog\/agricultura\/cultivos\/el-cultivo-del-girasol-guia-basica\/#Ciclo_del_cultivo_del_girasol\" title=\"Ciclo del cultivo del girasol\">Ciclo del cultivo del girasol<\/a><\/li><\/ul><\/nav><\/div>\n<h2 class=\"wp-block-heading\" id=\"h-como-preparar-el-suelo-para-el-cultivo-del-girasol\"><span class=\"ez-toc-section\" id=\"%C2%BFComo_preparar_el_suelo_para_el_cultivo_del_girasol\"><\/span><strong>\u00bfC\u00f3mo preparar el suelo para el cultivo del girasol?<\/strong><span class=\"ez-toc-section-end\"><\/span><\/h2>\n\n\n\n<p>Para el mejor provecho de la tierra, es muy importante mantener siempre un buen lecho para sembrar, y evitar a toda costa, una compactaci\u00f3n excesiva a causa de la maquinaria agr\u00edcola, si la tierra se encuentra humedecida debido a recientes aguaceros, aunque la <strong>planta de girasol<\/strong> no es muy exigente en este aspecto.<\/p>\n\n\n\n<p>Se deben tener en cuenta, los suelos arcillosos y arenosos, ricos en materia org\u00e1nica, que tengan un buen drenaje, y la capa fre\u00e1tica no se halle muy profunda, por lo que el sustrato debe hacerse con una cantidad de fibra de coco, humus de lombriz y turba para obtener F\u00f3sforo y Potasio, de manera que permita el r\u00e1pido crecimiento de las plantas.<\/p>\n\n\n\n<p>Como ya lo hemos comentado la planta de <strong>girasol<\/strong> no es muy exigente, pero por esa raz\u00f3n no debemos olvidar que se requieren unas condiciones b\u00e1sicas para que la siembra de la misma sea exitosa y rentable en el t\u00e9rmino de la calidad del producto final.<\/p>\n\n\n\n<p>Manteniendo un buen drenaje se facilita la obtenci\u00f3n de unas buenas plantas, que indiscutiblemente van a proveer un aceite de muy buena calidad, con un grado de salinidad aceptable por parte de los consumidores finales.<\/p>\n\n\n\n<p>De manera que, aunque el girasol tolera pH entre 6.5 a 8 es conveniente cultivarlos en suelos b\u00e1sicos que se encuentren alejados del mar, porque como debe saberse el cultivo del girasol es demasiado sensible a la presencia de sal en el suelo donde se le vaya a sembrar.<\/p>\n\n\n\n<h2 class=\"wp-block-heading\" id=\"h-la-siembra-en-el-girasol\"><span class=\"ez-toc-section\" id=\"La_siembra_en_el_girasol\"><\/span><strong>La siembra en el girasol<\/strong><span class=\"ez-toc-section-end\"><\/span><\/h2>\n\n\n\n<p>El <strong>girasol<\/strong> es una planta nativa de Am\u00e9rica y desde muchos a\u00f1os antes de la era cristiana, ya se cultivaba en este continente, particularmente en el Per\u00fa donde se le rend\u00eda homenaje al Sol por esas latitudes, ya que se le consideraba una planta sagrada que les prove\u00eda de mucha salud y bienestar.<\/p>\n\n\n\n<p>La siembra de estas plantas tiene la gran ventaja de que es f\u00e1cilmente adaptable a distintos tipos de suelos y permite inclusive que se siembre en per\u00edodos de extrema <strong><span style=\"background-color: yellow;\"><a href=\"https:\/\/agriquipo.com\/blog\/agricultura\/cambio-climatico\/manejo-del-agua-en-tiempos-de-sequias\/\">sequ\u00eda<\/a><\/span><\/strong>, aunque es recomendable tener en consideraci\u00f3n la pluviometr\u00eda en la zona y la siembra por ende no debe superar las 40.000 plantas por hect\u00e1rea.<\/p>\n\n\n\n<p>Cuando el agricultor se encuentre en condiciones de secano, debe considerar que las condiciones de humedad y temperatura, son factores claves para la buena germinaci\u00f3n y por consiguiente el perfecto desarrollo de las plantas, y por ello es aconsejable aprovechar al m\u00e1ximo la \u00e9poca de lluvias primaverales para que las <strong>semillas <\/strong>dispongan de buena humedad.<\/p>\n\n\n\n<p>Es muy recomendable llevar un control del sembrad\u00edo con la intenci\u00f3n de atender cualquier anormalidad o plaga que se observe en el mismo.<\/p>\n\n\n\n<p>Por eso se debe tener en cuenta que la <strong><span style=\"background-color: yellow;\"><a href=\"https:\/\/agriquipo.com\/blog\/agricultura\/wikicultivos\/rotacion-de-cultivos-para-mejorar-la-productividad\/\">rotaci\u00f3n de los cultivos<\/a><\/span><\/strong> es factor importante para permitir que los suelos se adapten a los diferentes grados de humedad que las plantas requieren para evitar que las ra\u00edces se pudran, por lo tanto, contar con un buen <strong><strong><span style=\"background-color: yellow;\"><a href=\"https:\/\/agriquipo.com\/blog\/agricultura\/wikicultivos\/fertilizantes\/\">fertilizante<\/a><\/span><\/strong><\/strong> ayudar\u00e1 a que el suelo est\u00e9 listo para ser plantado.<\/p>\n\n\n\n<h2 class=\"wp-block-heading\" id=\"h-cultivo-del-girasol-en-regadio\"><span class=\"ez-toc-section\" id=\"Cultivo_del_girasol_en_regadio\"><\/span><strong>Cultivo del girasol en regad\u00edo<\/strong><span class=\"ez-toc-section-end\"><\/span><\/h2>\n\n\n\n<p>Por su efectiva necesidad de cantidades relativamente bajas de agua, el cultivo de girasol en <strong>regad\u00edo<\/strong> resulta muy eficiente, ya que, con dos rociadas en el momento adecuado, es m\u00e1s que suficiente para que las plantas absorban la humedad que requieren para ir desarroll\u00e1ndose de manera armoniosa.<\/p>\n\n\n\n<p>Otra forma conveniente de cultivar los girasoles consiste en prestarle la debida atenci\u00f3n al regado de las plantas con agua bastante fresca, cuesti\u00f3n que haci\u00e9ndolo cada d\u00eda o cada dos d\u00edas, evitando que haya hojas en el agua, pues estas pueden pudrirse da\u00f1ando el <strong>tallo<\/strong> y las flores, perjudicando severamente al sembrad\u00edo.<\/p>\n\n\n\n<p>Hoy en d\u00eda gracias a los adelantos cient\u00edficos en materia de gen\u00e9tica vegetal, se encuentran en el mercado dom\u00e9stico <strong>semillas<\/strong> certificadas debidamente bajo estrictos controles de calidad, para garantizar que los sembrad\u00edos de <strong>girasol<\/strong> sean exitosos y rentables en la \u00e9poca de lluvias torrenciales en la temporada primaveral.<\/p>\n\n\n\n<h2 class=\"wp-block-heading\" id=\"h-cultivo-del-girasol-en-secano\"><span class=\"ez-toc-section\" id=\"Cultivo_del_girasol_en_secano\"><\/span><strong>Cultivo del girasol en secano<\/strong><span class=\"ez-toc-section-end\"><\/span><\/h2>\n\n\n\n<p>Para lograr una buena germinaci\u00f3n y desarrollo de las plantas en la \u00e9poca de secano, se deben tomar siempre muy en cuenta dos condiciones esencialmente primordiales y preponderantes como son la humedad y la temperatura, y por ello se recomienda aprovechar la pluviometr\u00eda estacionaria, para que las <strong>semillas<\/strong> dispongan de humedad y temperatura.<\/p>\n\n\n\n<p>Muchos agricultores de la zona de Guadalquivir, han encontrado muchas ventajas en la siembra temprana de las <strong>semillas <\/strong>de <strong>girasol<\/strong> en la \u00e9poca de secano lo que ocurre entre los d\u00edas medianos de enero y los d\u00edas de mediano plazo en febrero, sorteando de esta manera los dr\u00e1sticos d\u00edas de sequ\u00eda que soportan los campos andaluces a partir del mes de mayo.<\/p>\n\n\n\n<h2 class=\"wp-block-heading\" id=\"h-ciclo-del-cultivo-del-girasol\"><span class=\"ez-toc-section\" id=\"Ciclo_del_cultivo_del_girasol\"><\/span><strong>Ciclo del cultivo del girasol<\/strong><span class=\"ez-toc-section-end\"><\/span><\/h2>\n\n\n\n<p>Dependiendo de la variedad, el ciclo vegetativo del girasol puede efectuarse entre 110 d\u00edas y 180 d\u00edas, dependiendo claro est\u00e1 de la presencia de factores ex\u00f3genos que atenten contra el desarrollo puntual de las plantaciones de girasoles, y es por ello que siempre recomendamos estar vigilantes del <strong>regad\u00edo<\/strong> y de las malas yerbas.<\/p>\n\n\n\n<p>El girasol particularmente tiene per\u00edodos cr\u00edticos para su correcto cultivo, y esto se refiere exactamente al suministro de las necesidades de agua, cuesti\u00f3n que se extiende desde que el bot\u00f3n tiene entre 3 y cinco cent\u00edmetros, hasta 10 o 15 d\u00edas despu\u00e9s del per\u00edodo foral.<\/p>\n\n\n\n<p>Todo este complejo proceso tiene una duraci\u00f3n de aproximadamente un a\u00f1o, lo que significa claramente que la planta germina, florece y muere en el transcurso de ese tiempo.<\/p>\n","protected":false},"excerpt":{"rendered":"<p> &#8230; <a title=\"El cultivo del girasol: Gu\u00eda b\u00e1sica\" class=\"read-more\" href=\"https:\/\/agriquipo.com\/blog\/agricultura\/cultivos\/el-cultivo-del-girasol-guia-basica\/\" aria-label=\"M\u00e1s en El cultivo del girasol: Gu\u00eda b\u00e1sica\">Leer m\u00e1s<\/a><\/p>\n","protected":false},"author":1,"featured_media":2480,"comment_status":"open","ping_status":"closed","sticky":false,"template":"","format":"standard","meta":{"footnotes":""},"categories":[10],"tags":[],"class_list":["post-2476","post","type-post","status-publish","format-standard","has-post-thumbnail","hentry","category-cultivos","generate-columns","tablet-grid-50","mobile-grid-100","grid-parent","grid-33"],"yoast_head":"<!-- This site is optimized with the Yoast SEO Premium plugin v19.3 (Yoast SEO v22.8) - https:\/\/yoast.com\/wordpress\/plugins\/seo\/ -->\n<title>\u226bEl cultivo del girasol: Gu\u00eda b\u00e1sica | Agriquipo<\/title>\n<meta name=\"robots\" content=\"index, follow, max-snippet:-1, max-image-preview:large, max-video-preview:-1\" \/>\n<link rel=\"canonical\" href=\"https:\/\/agriquipo.com\/blog\/agricultura\/cultivos\/el-cultivo-del-girasol-guia-basica\/\" \/>\n<meta property=\"og:locale\" content=\"es_ES\" \/>\n<meta property=\"og:type\" content=\"article\" \/>\n<meta property=\"og:title\" content=\"El cultivo del girasol: Gu\u00eda b\u00e1sica\" \/>\n<meta property=\"og:description\" content=\"... Leer m\u00e1s\" \/>\n<meta property=\"og:url\" content=\"https:\/\/agriquipo.com\/blog\/agricultura\/cultivos\/el-cultivo-del-girasol-guia-basica\/\" \/>\n<meta property=\"og:site_name\" content=\"Agriquipo, noticias agr\u00edcolas\" \/>\n<meta property=\"article:published_time\" content=\"2022-09-28T16:58:25+00:00\" \/>\n<meta property=\"article:modified_time\" content=\"2022-09-28T17:01:37+00:00\" \/>\n<meta property=\"og:image\" content=\"https:\/\/agriquipo.com\/blog\/wp-content\/uploads\/2022\/09\/cultivodegirasol.jpg\" \/>\n\t<meta property=\"og:image:width\" content=\"667\" \/>\n\t<meta property=\"og:image:height\" content=\"375\" \/>\n\t<meta property=\"og:image:type\" content=\"image\/jpeg\" \/>\n<meta name=\"author\" content=\"Jos\u00e9 M\u00aa D\u00edaz S\u00e1nchez\" \/>\n<meta name=\"twitter:card\" content=\"summary_large_image\" \/>\n<meta name=\"twitter:label1\" content=\"Escrito por\" \/>\n\t<meta name=\"twitter:data1\" content=\"Jos\u00e9 M\u00aa D\u00edaz S\u00e1nchez\" \/>\n\t<meta name=\"twitter:label2\" content=\"Tiempo de lectura\" \/>\n\t<meta name=\"twitter:data2\" content=\"6 minutos\" \/>\n<script type=\"application\/ld+json\" class=\"yoast-schema-graph\">{\"@context\":\"https:\/\/schema.org\",\"@graph\":[{\"@type\":\"Article\",\"@id\":\"https:\/\/agriquipo.com\/blog\/agricultura\/cultivos\/el-cultivo-del-girasol-guia-basica\/#article\",\"isPartOf\":{\"@id\":\"https:\/\/agriquipo.com\/blog\/agricultura\/cultivos\/el-cultivo-del-girasol-guia-basica\/\"},\"author\":{\"name\":\"Jos\u00e9 M\u00aa D\u00edaz S\u00e1nchez\",\"@id\":\"https:\/\/agriquipo.com\/blog\/#\/schema\/person\/37bd003ca0b8c0922de362951e177727\"},\"headline\":\"El cultivo del girasol: Gu\u00eda b\u00e1sica\",\"datePublished\":\"2022-09-28T16:58:25+00:00\",\"dateModified\":\"2022-09-28T17:01:37+00:00\",\"mainEntityOfPage\":{\"@id\":\"https:\/\/agriquipo.com\/blog\/agricultura\/cultivos\/el-cultivo-del-girasol-guia-basica\/\"},\"wordCount\":1244,\"commentCount\":0,\"publisher\":{\"@id\":\"https:\/\/agriquipo.com\/blog\/#organization\"},\"image\":{\"@id\":\"https:\/\/agriquipo.com\/blog\/agricultura\/cultivos\/el-cultivo-del-girasol-guia-basica\/#primaryimage\"},\"thumbnailUrl\":\"https:\/\/agriquipo.com\/blog\/wp-content\/uploads\/2022\/09\/cultivodegirasol.jpg\",\"articleSection\":[\"Cultivos\"],\"inLanguage\":\"es\",\"potentialAction\":[{\"@type\":\"CommentAction\",\"name\":\"Comment\",\"target\":[\"https:\/\/agriquipo.com\/blog\/agricultura\/cultivos\/el-cultivo-del-girasol-guia-basica\/#respond\"]}]},{\"@type\":\"WebPage\",\"@id\":\"https:\/\/agriquipo.com\/blog\/agricultura\/cultivos\/el-cultivo-del-girasol-guia-basica\/\",\"url\":\"https:\/\/agriquipo.com\/blog\/agricultura\/cultivos\/el-cultivo-del-girasol-guia-basica\/\",\"name\":\"\u226bEl cultivo del girasol: Gu\u00eda b\u00e1sica | Agriquipo\",\"isPartOf\":{\"@id\":\"https:\/\/agriquipo.com\/blog\/#website\"},\"primaryImageOfPage\":{\"@id\":\"https:\/\/agriquipo.com\/blog\/agricultura\/cultivos\/el-cultivo-del-girasol-guia-basica\/#primaryimage\"},\"image\":{\"@id\":\"https:\/\/agriquipo.com\/blog\/agricultura\/cultivos\/el-cultivo-del-girasol-guia-basica\/#primaryimage\"},\"thumbnailUrl\":\"https:\/\/agriquipo.com\/blog\/wp-content\/uploads\/2022\/09\/cultivodegirasol.jpg\",\"datePublished\":\"2022-09-28T16:58:25+00:00\",\"dateModified\":\"2022-09-28T17:01:37+00:00\",\"breadcrumb\":{\"@id\":\"https:\/\/agriquipo.com\/blog\/agricultura\/cultivos\/el-cultivo-del-girasol-guia-basica\/#breadcrumb\"},\"inLanguage\":\"es\",\"potentialAction\":[{\"@type\":\"ReadAction\",\"target\":[\"https:\/\/agriquipo.com\/blog\/agricultura\/cultivos\/el-cultivo-del-girasol-guia-basica\/\"]}]},{\"@type\":\"ImageObject\",\"inLanguage\":\"es\",\"@id\":\"https:\/\/agriquipo.com\/blog\/agricultura\/cultivos\/el-cultivo-del-girasol-guia-basica\/#primaryimage\",\"url\":\"https:\/\/agriquipo.com\/blog\/wp-content\/uploads\/2022\/09\/cultivodegirasol.jpg\",\"contentUrl\":\"https:\/\/agriquipo.com\/blog\/wp-content\/uploads\/2022\/09\/cultivodegirasol.jpg\",\"width\":667,\"height\":375},{\"@type\":\"BreadcrumbList\",\"@id\":\"https:\/\/agriquipo.com\/blog\/agricultura\/cultivos\/el-cultivo-del-girasol-guia-basica\/#breadcrumb\",\"itemListElement\":[{\"@type\":\"ListItem\",\"position\":1,\"name\":\"Inicio\",\"item\":\"https:\/\/agriquipo.com\/blog\/\"},{\"@type\":\"ListItem\",\"position\":2,\"name\":\"Agricultura\",\"item\":\"https:\/\/agriquipo.com\/blog\/agricultura\/\"},{\"@type\":\"ListItem\",\"position\":3,\"name\":\"Cultivos\",\"item\":\"https:\/\/agriquipo.com\/blog\/agricultura\/cultivos\/\"},{\"@type\":\"ListItem\",\"position\":4,\"name\":\"El cultivo del girasol: Gu\u00eda b\u00e1sica\"}]},{\"@type\":\"WebSite\",\"@id\":\"https:\/\/agriquipo.com\/blog\/#website\",\"url\":\"https:\/\/agriquipo.com\/blog\/\",\"name\":\"Agriquipo, noticias agr\u00edcolas\",\"description\":\"\",\"publisher\":{\"@id\":\"https:\/\/agriquipo.com\/blog\/#organization\"},\"potentialAction\":[{\"@type\":\"SearchAction\",\"target\":{\"@type\":\"EntryPoint\",\"urlTemplate\":\"https:\/\/agriquipo.com\/blog\/?s={search_term_string}\"},\"query-input\":\"required name=search_term_string\"}],\"inLanguage\":\"es\"},{\"@type\":\"Organization\",\"@id\":\"https:\/\/agriquipo.com\/blog\/#organization\",\"name\":\"Agriquipo, noticias agr\u00edcolas\",\"url\":\"https:\/\/agriquipo.com\/blog\/\",\"logo\":{\"@type\":\"ImageObject\",\"inLanguage\":\"es\",\"@id\":\"https:\/\/agriquipo.com\/blog\/#\/schema\/logo\/image\/\",\"url\":\"https:\/\/agriquipo.com\/blog\/wp-content\/uploads\/2022\/09\/cropped-cropped-agriquipo.jpg\",\"contentUrl\":\"https:\/\/agriquipo.com\/blog\/wp-content\/uploads\/2022\/09\/cropped-cropped-agriquipo.jpg\",\"width\":296,\"height\":53,\"caption\":\"Agriquipo, noticias agr\u00edcolas\"},\"image\":{\"@id\":\"https:\/\/agriquipo.com\/blog\/#\/schema\/logo\/image\/\"}},{\"@type\":\"Person\",\"@id\":\"https:\/\/agriquipo.com\/blog\/#\/schema\/person\/37bd003ca0b8c0922de362951e177727\",\"name\":\"Jos\u00e9 M\u00aa D\u00edaz S\u00e1nchez\",\"image\":{\"@type\":\"ImageObject\",\"inLanguage\":\"es\",\"@id\":\"https:\/\/agriquipo.com\/blog\/#\/schema\/person\/image\/\",\"url\":\"https:\/\/secure.gravatar.com\/avatar\/f78b2388c99e4ca1df8a0929b03fd9c38291314cb70ee5431b63a88f250c3961?s=96&d=mm&r=g\",\"contentUrl\":\"https:\/\/secure.gravatar.com\/avatar\/f78b2388c99e4ca1df8a0929b03fd9c38291314cb70ee5431b63a88f250c3961?s=96&d=mm&r=g\",\"caption\":\"Jos\u00e9 M\u00aa D\u00edaz S\u00e1nchez\"},\"description\":\"Jos\u00e9 M\u00aa D\u00edaz S\u00e1nchez, Ingeriero T\u00e9cnico Agr\u00edcola. Profesional del campo y de la agricultura desde hace m\u00e1s de 20 a\u00f1os, asesorando a los agricultores y empresas agr\u00edcolas en su d\u00eda a d\u00eda\",\"sameAs\":[\"https:\/\/www.wikidata.org\/wiki\/Q108892695\"]}]}<\/script>\n<!-- \/ Yoast SEO Premium plugin. -->","yoast_head_json":{"title":"\u226bEl cultivo del girasol: Gu\u00eda b\u00e1sica | Agriquipo","robots":{"index":"index","follow":"follow","max-snippet":"max-snippet:-1","max-image-preview":"max-image-preview:large","max-video-preview":"max-video-preview:-1"},"canonical":"https:\/\/agriquipo.com\/blog\/agricultura\/cultivos\/el-cultivo-del-girasol-guia-basica\/","og_locale":"es_ES","og_type":"article","og_title":"El cultivo del girasol: Gu\u00eda b\u00e1sica","og_description":"... Leer m\u00e1s","og_url":"https:\/\/agriquipo.com\/blog\/agricultura\/cultivos\/el-cultivo-del-girasol-guia-basica\/","og_site_name":"Agriquipo, noticias agr\u00edcolas","article_published_time":"2022-09-28T16:58:25+00:00","article_modified_time":"2022-09-28T17:01:37+00:00","og_image":[{"width":667,"height":375,"url":"https:\/\/agriquipo.com\/blog\/wp-content\/uploads\/2022\/09\/cultivodegirasol.jpg","type":"image\/jpeg"}],"author":"Jos\u00e9 M\u00aa D\u00edaz S\u00e1nchez","twitter_card":"summary_large_image","twitter_misc":{"Escrito por":"Jos\u00e9 M\u00aa D\u00edaz S\u00e1nchez","Tiempo de lectura":"6 minutos"},"schema":{"@context":"https:\/\/schema.org","@graph":[{"@type":"Article","@id":"https:\/\/agriquipo.com\/blog\/agricultura\/cultivos\/el-cultivo-del-girasol-guia-basica\/#article","isPartOf":{"@id":"https:\/\/agriquipo.com\/blog\/agricultura\/cultivos\/el-cultivo-del-girasol-guia-basica\/"},"author":{"name":"Jos\u00e9 M\u00aa D\u00edaz S\u00e1nchez","@id":"https:\/\/agriquipo.com\/blog\/#\/schema\/person\/37bd003ca0b8c0922de362951e177727"},"headline":"El cultivo del girasol: Gu\u00eda b\u00e1sica","datePublished":"2022-09-28T16:58:25+00:00","dateModified":"2022-09-28T17:01:37+00:00","mainEntityOfPage":{"@id":"https:\/\/agriquipo.com\/blog\/agricultura\/cultivos\/el-cultivo-del-girasol-guia-basica\/"},"wordCount":1244,"commentCount":0,"publisher":{"@id":"https:\/\/agriquipo.com\/blog\/#organization"},"image":{"@id":"https:\/\/agriquipo.com\/blog\/agricultura\/cultivos\/el-cultivo-del-girasol-guia-basica\/#primaryimage"},"thumbnailUrl":"https:\/\/agriquipo.com\/blog\/wp-content\/uploads\/2022\/09\/cultivodegirasol.jpg","articleSection":["Cultivos"],"inLanguage":"es","potentialAction":[{"@type":"CommentAction","name":"Comment","target":["https:\/\/agriquipo.com\/blog\/agricultura\/cultivos\/el-cultivo-del-girasol-guia-basica\/#respond"]}]},{"@type":"WebPage","@id":"https:\/\/agriquipo.com\/blog\/agricultura\/cultivos\/el-cultivo-del-girasol-guia-basica\/","url":"https:\/\/agriquipo.com\/blog\/agricultura\/cultivos\/el-cultivo-del-girasol-guia-basica\/","name":"\u226bEl cultivo del girasol: Gu\u00eda b\u00e1sica | Agriquipo","isPartOf":{"@id":"https:\/\/agriquipo.com\/blog\/#website"},"primaryImageOfPage":{"@id":"https:\/\/agriquipo.com\/blog\/agricultura\/cultivos\/el-cultivo-del-girasol-guia-basica\/#primaryimage"},"image":{"@id":"https:\/\/agriquipo.com\/blog\/agricultura\/cultivos\/el-cultivo-del-girasol-guia-basica\/#primaryimage"},"thumbnailUrl":"https:\/\/agriquipo.com\/blog\/wp-content\/uploads\/2022\/09\/cultivodegirasol.jpg","datePublished":"2022-09-28T16:58:25+00:00","dateModified":"2022-09-28T17:01:37+00:00","breadcrumb":{"@id":"https:\/\/agriquipo.com\/blog\/agricultura\/cultivos\/el-cultivo-del-girasol-guia-basica\/#breadcrumb"},"inLanguage":"es","potentialAction":[{"@type":"ReadAction","target":["https:\/\/agriquipo.com\/blog\/agricultura\/cultivos\/el-cultivo-del-girasol-guia-basica\/"]}]},{"@type":"ImageObject","inLanguage":"es","@id":"https:\/\/agriquipo.com\/blog\/agricultura\/cultivos\/el-cultivo-del-girasol-guia-basica\/#primaryimage","url":"https:\/\/agriquipo.com\/blog\/wp-content\/uploads\/2022\/09\/cultivodegirasol.jpg","contentUrl":"https:\/\/agriquipo.com\/blog\/wp-content\/uploads\/2022\/09\/cultivodegirasol.jpg","width":667,"height":375},{"@type":"BreadcrumbList","@id":"https:\/\/agriquipo.com\/blog\/agricultura\/cultivos\/el-cultivo-del-girasol-guia-basica\/#breadcrumb","itemListElement":[{"@type":"ListItem","position":1,"name":"Inicio","item":"https:\/\/agriquipo.com\/blog\/"},{"@type":"ListItem","position":2,"name":"Agricultura","item":"https:\/\/agriquipo.com\/blog\/agricultura\/"},{"@type":"ListItem","position":3,"name":"Cultivos","item":"https:\/\/agriquipo.com\/blog\/agricultura\/cultivos\/"},{"@type":"ListItem","position":4,"name":"El cultivo del girasol: Gu\u00eda b\u00e1sica"}]},{"@type":"WebSite","@id":"https:\/\/agriquipo.com\/blog\/#website","url":"https:\/\/agriquipo.com\/blog\/","name":"Agriquipo, noticias agr\u00edcolas","description":"","publisher":{"@id":"https:\/\/agriquipo.com\/blog\/#organization"},"potentialAction":[{"@type":"SearchAction","target":{"@type":"EntryPoint","urlTemplate":"https:\/\/agriquipo.com\/blog\/?s={search_term_string}"},"query-input":"required name=search_term_string"}],"inLanguage":"es"},{"@type":"Organization","@id":"https:\/\/agriquipo.com\/blog\/#organization","name":"Agriquipo, noticias agr\u00edcolas","url":"https:\/\/agriquipo.com\/blog\/","logo":{"@type":"ImageObject","inLanguage":"es","@id":"https:\/\/agriquipo.com\/blog\/#\/schema\/logo\/image\/","url":"https:\/\/agriquipo.com\/blog\/wp-content\/uploads\/2022\/09\/cropped-cropped-agriquipo.jpg","contentUrl":"https:\/\/agriquipo.com\/blog\/wp-content\/uploads\/2022\/09\/cropped-cropped-agriquipo.jpg","width":296,"height":53,"caption":"Agriquipo, noticias agr\u00edcolas"},"image":{"@id":"https:\/\/agriquipo.com\/blog\/#\/schema\/logo\/image\/"}},{"@type":"Person","@id":"https:\/\/agriquipo.com\/blog\/#\/schema\/person\/37bd003ca0b8c0922de362951e177727","name":"Jos\u00e9 M\u00aa D\u00edaz S\u00e1nchez","image":{"@type":"ImageObject","inLanguage":"es","@id":"https:\/\/agriquipo.com\/blog\/#\/schema\/person\/image\/","url":"https:\/\/secure.gravatar.com\/avatar\/f78b2388c99e4ca1df8a0929b03fd9c38291314cb70ee5431b63a88f250c3961?s=96&d=mm&r=g","contentUrl":"https:\/\/secure.gravatar.com\/avatar\/f78b2388c99e4ca1df8a0929b03fd9c38291314cb70ee5431b63a88f250c3961?s=96&d=mm&r=g","caption":"Jos\u00e9 M\u00aa D\u00edaz S\u00e1nchez"},"description":"Jos\u00e9 M\u00aa D\u00edaz S\u00e1nchez, Ingeriero T\u00e9cnico Agr\u00edcola. Profesional del campo y de la agricultura desde hace m\u00e1s de 20 a\u00f1os, asesorando a los agricultores y empresas agr\u00edcolas en su d\u00eda a d\u00eda","sameAs":["https:\/\/www.wikidata.org\/wiki\/Q108892695"]}]}},"_links":{"self":[{"href":"https:\/\/agriquipo.com\/blog\/wp-json\/wp\/v2\/posts\/2476","targetHints":{"allow":["GET"]}}],"collection":[{"href":"https:\/\/agriquipo.com\/blog\/wp-json\/wp\/v2\/posts"}],"about":[{"href":"https:\/\/agriquipo.com\/blog\/wp-json\/wp\/v2\/types\/post"}],"author":[{"embeddable":true,"href":"https:\/\/agriquipo.com\/blog\/wp-json\/wp\/v2\/users\/1"}],"replies":[{"embeddable":true,"href":"https:\/\/agriquipo.com\/blog\/wp-json\/wp\/v2\/comments?post=2476"}],"version-history":[{"count":2,"href":"https:\/\/agriquipo.com\/blog\/wp-json\/wp\/v2\/posts\/2476\/revisions"}],"predecessor-version":[{"id":2479,"href":"https:\/\/agriquipo.com\/blog\/wp-json\/wp\/v2\/posts\/2476\/revisions\/2479"}],"wp:featuredmedia":[{"embeddable":true,"href":"https:\/\/agriquipo.com\/blog\/wp-json\/wp\/v2\/media\/2480"}],"wp:attachment":[{"href":"https:\/\/agriquipo.com\/blog\/wp-json\/wp\/v2\/media?parent=2476"}],"wp:term":[{"taxonomy":"category","embeddable":true,"href":"https:\/\/agriquipo.com\/blog\/wp-json\/wp\/v2\/categories?post=2476"},{"taxonomy":"post_tag","embeddable":true,"href":"https:\/\/agriquipo.com\/blog\/wp-json\/wp\/v2\/tags?post=2476"}],"curies":[{"name":"wp","href":"https:\/\/api.w.org\/{rel}","templated":true}]}}